{"id":19295,"date":"2015-12-17T18:55:08","date_gmt":"2015-12-17T17:55:08","guid":{"rendered":"http:\/\/www.akehedman.se\/wordpress\/?p=19295"},"modified":"2015-12-17T18:55:08","modified_gmt":"2015-12-17T17:55:08","slug":"ulf-lundell-skallde-ut-fansen-fran-scen-musik-nojesbladet-aftonbladet","status":"publish","type":"post","link":"https:\/\/www.akehedman.se\/wordpress\/?p=19295","title":{"rendered":"Ulf Lundell sk\u00e4llde ut fansen &#8211; fr\u00e5n scen | Musik | N\u00f6jesbladet | Aftonbladet"},"content":{"rendered":"<blockquote><p><a href=\"http:\/\/www.aftonbladet.se\/nojesbladet\/musik\/article21956336.ab\"><img data-recalc-dims=\"1\" decoding=\"async\" class=\"alignnone size-full\" src=\"https:\/\/i0.wp.com\/www.akehedman.se\/wordpress\/wp-content\/uploads\/2015\/12\/lund.jpg?w=580\" alt=\"\" \/><\/a><\/p><\/blockquote>\n<blockquote><p>St\u00e4mningen \u00e4r kylig mellan Ulf Lundell och hans fans. Under rockr\u00e4vens spelning i Link\u00f6ping p\u00e5 onsdagskv\u00e4llen sk\u00e4llde han helt sonika ut sin publik. Han ska bland annat ha bett per\u2026<\/p><\/blockquote>\n<p>Source: <em><a href=\"http:\/\/www.aftonbladet.se\/nojesbladet\/musik\/article21956336.ab\">Ulf Lundell sk\u00e4llde ut fansen &#8211; fr\u00e5n scen | Musik | N\u00f6jesbladet | Aftonbladet<\/a><\/em><\/p>\n","protected":false},"excerpt":{"rendered":"<p>St\u00e4mningen \u00e4r kylig mellan Ulf Lundell och hans fans. Under rockr\u00e4vens spelning i Link\u00f6ping p\u00e5 onsdagskv\u00e4llen sk\u00e4llde han helt sonika ut sin publik. Han ska bland annat ha bett per\u2026 Source: Ulf Lundell sk\u00e4llde ut fansen &#8211; fr\u00e5n scen | Musik | N\u00f6jesbladet | Aftonbladet<\/p>\n","protected":false},"author":24,"featured_media":0,"comment_status":"open","ping_status":"open","sticky":false,"template":"","format":"standard","meta":{"_crdt_document":"","jetpack_post_was_ever_published":false,"_jetpack_newsletter_access":"","_jetpack_dont_email_post_to_subs":false,"_jetpack_newsletter_tier_id":0,"_jetpack_memberships_contains_paywalled_content":false,"_jetpack_memberships_contains_paid_content":false,"footnotes":"","jetpack_publicize_message":"","jetpack_publicize_feature_enabled":true,"jetpack_social_post_already_shared":true,"jetpack_social_options":{"image_generator_settings":{"template":"highway","default_image_id":0,"font":"","enabled":false},"version":2}},"categories":[2],"tags":[],"class_list":["post-19295","post","type-post","status-publish","format-standard","hentry","category-swedish"],"jetpack_publicize_connections":[],"jetpack_featured_media_url":"","jetpack_sharing_enabled":true,"jetpack_likes_enabled":true,"jetpack-related-posts":[{"id":32649,"url":"https:\/\/www.akehedman.se\/wordpress\/?p=32649","url_meta":{"origin":19295,"position":0},"title":"Ulf Lundell hyllade Greta Thunberg p\u00e5 Skansen | Aftonbladet","author":"\u00c5ke Hedman","date":"2019-08-02","format":false,"excerpt":"N\u00e5ja, lite f\u00f6rl\u00e5ten blir han allt. Source: Ulf Lundell hyllade Greta Thunberg p\u00e5 Skansen | Aftonbladet","rel":"","context":"In &quot;Swedish&quot;","block_context":{"text":"Swedish","link":"https:\/\/www.akehedman.se\/wordpress\/?cat=2"},"img":{"alt_text":"","src":"","width":0,"height":0},"classes":[]},{"id":28502,"url":"https:\/\/www.akehedman.se\/wordpress\/?p=28502","url_meta":{"origin":19295,"position":1},"title":"Ulf Lundell: Jag har inga v\u00e4nner | Aftonbladet","author":"\u00c5ke Hedman","date":"2018-05-19","format":false,"excerpt":"Om man skriver musik, skriver b\u00f6cker och m\u00e5lar med passion s\u00e5 g\u00e5r det kanske inte att underh\u00e5lla v\u00e4nner och v\u00e4nskap ocks\u00e5. Liksom. Tid. Bristvara. Source: Ulf Lundell: Jag har inga v\u00e4nner | Aftonbladet","rel":"","context":"In &quot;Swedish&quot;","block_context":{"text":"Swedish","link":"https:\/\/www.akehedman.se\/wordpress\/?cat=2"},"img":{"alt_text":"","src":"","width":0,"height":0},"classes":[]},{"id":37419,"url":"https:\/\/www.akehedman.se\/wordpress\/?p=37419","url_meta":{"origin":19295,"position":2},"title":"Ulf Lundell-dokument\u00e4ren: Kjell Andersson v\u00e4grade medverka","author":"\u00c5ke Hedman","date":"2021-01-07","format":false,"excerpt":"\u2013 B\u00e5de Lasse Lindbom och jag gjorde mycket f\u00f6r hans musik. Han har ingen egen musik utan litar till kompartister och producenter. Det \u00e4r ett monotont vevande p\u00e5 gitarr, inte mycket mer. Han har inte kunnat utveckla det, s\u00e4ger Kjell Andersson. Source: Ulf Lundell-dokument\u00e4ren: Kjell Andersson v\u00e4grade medverka","rel":"","context":"In &quot;Swedish&quot;","block_context":{"text":"Swedish","link":"https:\/\/www.akehedman.se\/wordpress\/?cat=2"},"img":{"alt_text":"","src":"","width":0,"height":0},"classes":[]},{"id":36030,"url":"https:\/\/www.akehedman.se\/wordpress\/?p=36030","url_meta":{"origin":19295,"position":3},"title":"Senast l\u00e4sta bok","author":"\u00c5ke Hedman","date":"2020-09-06","format":false,"excerpt":"Vardagar 3 av Ulf Lundell Jaha, 871 sidor vardagslunk. Jag vet egentligen inte varf\u00f6r jag l\u00e4ser. F\u00f6r det \u00e4r en mycket bortsk\u00e4md gubbe som skriver det h\u00e4r. Gn\u00e4llig p\u00e5 gr\u00e4nsen mot olidlig stundtals. Men han f\u00e5r mig att l\u00e4sa klart varenda en av de h\u00e4r b\u00f6ckerna. En f\u00f6rm\u00e5ga och talang\u2026","rel":"","context":"In &quot;B\u00f6cker&quot;","block_context":{"text":"B\u00f6cker","link":"https:\/\/www.akehedman.se\/wordpress\/?cat=13"},"img":{"alt_text":"","src":"https:\/\/i0.wp.com\/www.akehedman.se\/wordpress\/wp-content\/uploads\/2020\/09\/9789146236375_200x_vardagar-3.jpeg?resize=350%2C200&ssl=1","width":350,"height":200},"classes":[]},{"id":33595,"url":"https:\/\/www.akehedman.se\/wordpress\/?p=33595","url_meta":{"origin":19295,"position":4},"title":"Ulf Lundell","author":"\u00c5ke Hedman","date":"2019-11-20","format":false,"excerpt":"Fr\u00e5n Wikipedia Idag fyller Ulf Lundell 70. Man hoppas han firar med t\u00e5rta ist\u00e4llet f\u00f6r med flaskan. Glad \u00e4r man att n\u00e5gon \u00e4r \u00e4ldre \u00e4n en sj\u00e4lv. Ja n\u00e4stan alla rockhj\u00e4ltar \u00e4r det faktiskt. Eller ocks\u00e5 \u00e4r de d\u00f6da. Kan vara ett sorgligt faktum ocks\u00e5 s\u00e5klart. Men allts\u00e5 inte s\u00e5\u2026","rel":"","context":"In &quot;Betraktelser &amp; Ber\u00e4ttelse&quot;","block_context":{"text":"Betraktelser &amp; Ber\u00e4ttelse","link":"https:\/\/www.akehedman.se\/wordpress\/?cat=24"},"img":{"alt_text":"","src":"https:\/\/i0.wp.com\/www.akehedman.se\/wordpress\/wp-content\/uploads\/2019\/11\/1280px-Ulf_lundell_2005_borgholm.jpg?resize=350%2C200&ssl=1","width":350,"height":200,"srcset":"https:\/\/i0.wp.com\/www.akehedman.se\/wordpress\/wp-content\/uploads\/2019\/11\/1280px-Ulf_lundell_2005_borgholm.jpg?resize=350%2C200&ssl=1 1x, https:\/\/i0.wp.com\/www.akehedman.se\/wordpress\/wp-content\/uploads\/2019\/11\/1280px-Ulf_lundell_2005_borgholm.jpg?resize=525%2C300&ssl=1 1.5x, https:\/\/i0.wp.com\/www.akehedman.se\/wordpress\/wp-content\/uploads\/2019\/11\/1280px-Ulf_lundell_2005_borgholm.jpg?resize=700%2C400&ssl=1 2x, https:\/\/i0.wp.com\/www.akehedman.se\/wordpress\/wp-content\/uploads\/2019\/11\/1280px-Ulf_lundell_2005_borgholm.jpg?resize=1050%2C600&ssl=1 3x"},"classes":[]},{"id":24264,"url":"https:\/\/www.akehedman.se\/wordpress\/?p=24264","url_meta":{"origin":19295,"position":5},"title":"Senast l\u00e4sta bok &#8211; Ulf Lundell, Saknaden","author":"\u00c5ke Hedman","date":"2017-05-01","format":false,"excerpt":"Saknaden av Ulf Lundell Ingen kan som Ulf Lundell beskriva den d\u00e4r inledande passionen tv\u00e5 personer k\u00e4nner i b\u00f6rjan av en f\u00f6r\u00e4lskelse. Det lyckas han utm\u00e4rkt med ocks\u00e5 i den h\u00e4r boken. Rent av f\u00f6rtr\u00e4ffligt. Sen svamlas det s\u00e5klart en hel del, ja sidor upp och sidor ner i m\u00e5nga\u2026","rel":"","context":"In &quot;B\u00f6cker&quot;","block_context":{"text":"B\u00f6cker","link":"https:\/\/www.akehedman.se\/wordpress\/?cat=13"},"img":{"alt_text":"","src":"https:\/\/i0.wp.com\/www.akehedman.se\/wordpress\/wp-content\/uploads\/2017\/05\/saknaden.jpg?resize=350%2C200","width":350,"height":200},"classes":[]}],"jetpack_shortlink":"https:\/\/wp.me\/p68PL2-51d","_links":{"self":[{"href":"https:\/\/www.akehedman.se\/wordpress\/index.php?rest_route=\/wp\/v2\/posts\/19295","targetHints":{"allow":["GET"]}}],"collection":[{"href":"https:\/\/www.akehedman.se\/wordpress\/index.php?rest_route=\/wp\/v2\/posts"}],"about":[{"href":"https:\/\/www.akehedman.se\/wordpress\/index.php?rest_route=\/wp\/v2\/types\/post"}],"author":[{"embeddable":true,"href":"https:\/\/www.akehedman.se\/wordpress\/index.php?rest_route=\/wp\/v2\/users\/24"}],"replies":[{"embeddable":true,"href":"https:\/\/www.akehedman.se\/wordpress\/index.php?rest_route=%2Fwp%2Fv2%2Fcomments&post=19295"}],"version-history":[{"count":1,"href":"https:\/\/www.akehedman.se\/wordpress\/index.php?rest_route=\/wp\/v2\/posts\/19295\/revisions"}],"predecessor-version":[{"id":19297,"href":"https:\/\/www.akehedman.se\/wordpress\/index.php?rest_route=\/wp\/v2\/posts\/19295\/revisions\/19297"}],"wp:attachment":[{"href":"https:\/\/www.akehedman.se\/wordpress\/index.php?rest_route=%2Fwp%2Fv2%2Fmedia&parent=19295"}],"wp:term":[{"taxonomy":"category","embeddable":true,"href":"https:\/\/www.akehedman.se\/wordpress\/index.php?rest_route=%2Fwp%2Fv2%2Fcategories&post=19295"},{"taxonomy":"post_tag","embeddable":true,"href":"https:\/\/www.akehedman.se\/wordpress\/index.php?rest_route=%2Fwp%2Fv2%2Ftags&post=19295"}],"curies":[{"name":"wp","href":"https:\/\/api.w.org\/{rel}","templated":true}]}}