{"id":19238,"date":"2015-12-14T10:27:34","date_gmt":"2015-12-14T09:27:34","guid":{"rendered":"http:\/\/www.akehedman.se\/wordpress\/?p=19238"},"modified":"2015-12-14T10:27:34","modified_gmt":"2015-12-14T09:27:34","slug":"w-statens-konstrad","status":"publish","type":"post","link":"https:\/\/www.akehedman.se\/wordpress\/?p=19238","title":{"rendered":"W | Statens konstr\u00e5d"},"content":{"rendered":"<blockquote><p><a href=\"http:\/\/www.statenskonstrad.se\/konst\/w\"><img data-recalc-dims=\"1\" decoding=\"async\" class=\"alignnone size-full\" src=\"https:\/\/i0.wp.com\/www.akehedman.se\/wordpress\/wp-content\/uploads\/2015\/12\/37936_linder_hagdahl_w_orebro_2014.jpg-1.jpg?w=580\" alt=\"\" \/><\/a>Konstverket W av Fredrika Linder best\u00e5r av ett sammanh\u00e4ngande system av genomskinliga skulpturala glasformer som str\u00e4cker sig \u00f6ver tre v\u00e5ningsplan. Var och<\/p><\/blockquote>\n<p>Source: <em><a href=\"http:\/\/www.statenskonstrad.se\/konst\/w\">W | Statens konstr\u00e5d<\/a><\/em><\/p>\n","protected":false},"excerpt":{"rendered":"<p>Konstverket W av Fredrika Linder best\u00e5r av ett sammanh\u00e4ngande system av genomskinliga skulpturala glasformer som str\u00e4cker sig \u00f6ver tre v\u00e5ningsplan. Var och Source: W | Statens konstr\u00e5d<\/p>\n","protected":false},"author":24,"featured_media":0,"comment_status":"open","ping_status":"open","sticky":false,"template":"","format":"standard","meta":{"_crdt_document":"","jetpack_post_was_ever_published":false,"_jetpack_newsletter_access":"","_jetpack_dont_email_post_to_subs":false,"_jetpack_newsletter_tier_id":0,"_jetpack_memberships_contains_paywalled_content":false,"_jetpack_memberships_contains_paid_content":false,"footnotes":"","jetpack_publicize_message":"","jetpack_publicize_feature_enabled":true,"jetpack_social_post_already_shared":true,"jetpack_social_options":{"image_generator_settings":{"template":"highway","default_image_id":0,"font":"","enabled":false},"version":2}},"categories":[2],"tags":[],"class_list":["post-19238","post","type-post","status-publish","format-standard","hentry","category-swedish"],"jetpack_publicize_connections":[],"jetpack_featured_media_url":"","jetpack_sharing_enabled":true,"jetpack_likes_enabled":true,"jetpack-related-posts":[{"id":19140,"url":"https:\/\/www.akehedman.se\/wordpress\/?p=19140","url_meta":{"origin":19238,"position":0},"title":"Om Ericsson vore Intel \u2013 Elektroniktidningen","author":"\u00c5ke Hedman","date":"2015-12-04","format":false,"excerpt":"Per HenricssonOm Ericsson vore IntelIntels riskkapitalverksamhet har investerat \u00f6ver 11?miljarder dollar i unga teknikf\u00f6retag och \u00e4r inne p\u00e5 den 16:e upplagan av konferensen Intel Capital Global Summit. Ericsson och europeiska f\u00f6retag saknar helt den h\u00e4r typen av verksamhet ist\u00e4llet \u00e4r det staten som f\u00e5r st\u00e5 f\u00f6r risken. Source: Om Ericsson\u2026","rel":"","context":"In &quot;Swedish&quot;","block_context":{"text":"Swedish","link":"https:\/\/www.akehedman.se\/wordpress\/?cat=2"},"img":{"alt_text":"","src":"","width":0,"height":0},"classes":[]},{"id":24489,"url":"https:\/\/www.akehedman.se\/wordpress\/?p=24489","url_meta":{"origin":19238,"position":1},"title":"Nordea \u00f6verl\u00e5ter gigantiska finansiella risker p\u00e5 svenska folket | Realtid.se &#8211; Kapitalmarknad, finansiering, strategiarbete &#038; fondf\u00f6rvaltning","author":"\u00c5ke Hedman","date":"2017-05-29","format":false,"excerpt":"De som minns vad som h\u00e4nde under den hemmagjorda svenska bankkrisen 1987-1993, den st\u00f6rsta ekonomiska bankkrisen i Sveriges historia, kommer ih\u00e5g att Nordeas f\u00f6reg\u00e5ngare Nordbanken var en av de banker som r\u00e4ddades av staten. Nu kan en \u00e4nnu st\u00f6rre bankkris stunda, vars storlek och konsekvenser ingen riktigt vill f\u00f6rst\u00e5 omfattningen\u2026","rel":"","context":"In &quot;Swedish&quot;","block_context":{"text":"Swedish","link":"https:\/\/www.akehedman.se\/wordpress\/?cat=2"},"img":{"alt_text":"","src":"","width":0,"height":0},"classes":[]},{"id":37815,"url":"https:\/\/www.akehedman.se\/wordpress\/?p=37815","url_meta":{"origin":19238,"position":2},"title":"En seger","author":"\u00c5ke Hedman","date":"2021-02-10","format":false,"excerpt":"Jag \u00e4r inte s\u00e4ker, eftersom jag inte \u00e4r insatt, men antagligen \u00e4r det h\u00e4r en stor seger f\u00f6r Los. Japp byapengar i alla \u00e4ra. Men den \"or\u00f6rda\" naturen \u00e4r v\u00e5r mest v\u00e4rdefulla resurs. Den vi m\u00e5ste vara riktigt r\u00e4dda om. F\u00f6r djur, f\u00e5glar, fiskar och allt som lever s\u00e5klart. Men\u2026","rel":"","context":"In &quot;Betraktelser &amp; Ber\u00e4ttelse&quot;","block_context":{"text":"Betraktelser &amp; Ber\u00e4ttelse","link":"https:\/\/www.akehedman.se\/wordpress\/?cat=24"},"img":{"alt_text":"","src":"https:\/\/i0.wp.com\/www.akehedman.se\/wordpress\/wp-content\/uploads\/2021\/02\/Screenshot-from-2021-02-10-09-00-46.png?resize=350%2C200&ssl=1","width":350,"height":200},"classes":[]},{"id":1437,"url":"https:\/\/www.akehedman.se\/wordpress\/?p=1437","url_meta":{"origin":19238,"position":3},"title":"S\u00f6ka st\u00f6d | Statens musikverk","author":"\u00c5ke Hedman","date":"2012-04-04","format":false,"excerpt":"S\u00f6ka st\u00f6d | Statens musikverk.","rel":"","context":"In &quot;Swedish&quot;","block_context":{"text":"Swedish","link":"https:\/\/www.akehedman.se\/wordpress\/?cat=2"},"img":{"alt_text":"","src":"","width":0,"height":0},"classes":[]},{"id":26586,"url":"https:\/\/www.akehedman.se\/wordpress\/?p=26586","url_meta":{"origin":19238,"position":4},"title":"&#8220;Vi kan inte st\u00e5 f\u00f6r notan n\u00e4r staten digitaliserar sina utskick&#8221; &#8211; Computer Sweden","author":"\u00c5ke Hedman","date":"2018-01-09","format":false,"excerpt":"Myndighetspost fungerar ju alldeles utm\u00e4rkt s\u00e5 varf\u00f6r skall man betala f\u00f6r en extern tj\u00e4nst? Source: \"Vi kan inte st\u00e5 f\u00f6r notan n\u00e4r staten digitaliserar sina utskick\" - Computer Sweden","rel":"","context":"In &quot;F\u00f6retagande&quot;","block_context":{"text":"F\u00f6retagande","link":"https:\/\/www.akehedman.se\/wordpress\/?cat=28"},"img":{"alt_text":"","src":"","width":0,"height":0},"classes":[]},{"id":544,"url":"https:\/\/www.akehedman.se\/wordpress\/?p=544","url_meta":{"origin":19238,"position":5},"title":"FRA lagen igen","author":"\u00c5ke Hedman","date":"2008-06-25","format":false,"excerpt":"Citat fr\u00c3\u00a5n tjuvlyssnat.se Den h\u00c3\u00a4r sidan \u00c3\u00a4mnar inte att \u00c3\u00a4gna sig \u00c3\u00a5t politik. Men skratten fastnar i halsgropen, n\u00c3\u00a4r politiker kr\u00c3\u00a4nker v\u00c3\u00a5r personliga integritet genom att r\u00c3\u00b6sta igenom FRA-lagen som inneb\u00c3\u00a4r att staten f\u00c3\u00a5r l\u00c3\u00a4sa av all kommunikation som passerar landets gr\u00c3\u00a4nser - n\u00c3\u00a5got trafiken \u00c3\u00a4ven inom Sverige kan g\u00c3\u00b6ra\u2026","rel":"","context":"In &quot;Swedish&quot;","block_context":{"text":"Swedish","link":"https:\/\/www.akehedman.se\/wordpress\/?cat=2"},"img":{"alt_text":"","src":"","width":0,"height":0},"classes":[]}],"jetpack_shortlink":"https:\/\/wp.me\/p68PL2-50i","_links":{"self":[{"href":"https:\/\/www.akehedman.se\/wordpress\/index.php?rest_route=\/wp\/v2\/posts\/19238","targetHints":{"allow":["GET"]}}],"collection":[{"href":"https:\/\/www.akehedman.se\/wordpress\/index.php?rest_route=\/wp\/v2\/posts"}],"about":[{"href":"https:\/\/www.akehedman.se\/wordpress\/index.php?rest_route=\/wp\/v2\/types\/post"}],"author":[{"embeddable":true,"href":"https:\/\/www.akehedman.se\/wordpress\/index.php?rest_route=\/wp\/v2\/users\/24"}],"replies":[{"embeddable":true,"href":"https:\/\/www.akehedman.se\/wordpress\/index.php?rest_route=%2Fwp%2Fv2%2Fcomments&post=19238"}],"version-history":[{"count":1,"href":"https:\/\/www.akehedman.se\/wordpress\/index.php?rest_route=\/wp\/v2\/posts\/19238\/revisions"}],"predecessor-version":[{"id":19240,"href":"https:\/\/www.akehedman.se\/wordpress\/index.php?rest_route=\/wp\/v2\/posts\/19238\/revisions\/19240"}],"wp:attachment":[{"href":"https:\/\/www.akehedman.se\/wordpress\/index.php?rest_route=%2Fwp%2Fv2%2Fmedia&parent=19238"}],"wp:term":[{"taxonomy":"category","embeddable":true,"href":"https:\/\/www.akehedman.se\/wordpress\/index.php?rest_route=%2Fwp%2Fv2%2Fcategories&post=19238"},{"taxonomy":"post_tag","embeddable":true,"href":"https:\/\/www.akehedman.se\/wordpress\/index.php?rest_route=%2Fwp%2Fv2%2Ftags&post=19238"}],"curies":[{"name":"wp","href":"https:\/\/api.w.org\/{rel}","templated":true}]}}