{"id":19212,"date":"2015-12-10T10:44:01","date_gmt":"2015-12-10T09:44:01","guid":{"rendered":"http:\/\/www.akehedman.se\/wordpress\/?p=19212"},"modified":"2015-12-10T10:45:56","modified_gmt":"2015-12-10T09:45:56","slug":"moderaternas-morka-historia-varmlands-folkblad","status":"publish","type":"post","link":"https:\/\/www.akehedman.se\/wordpress\/?p=19212","title":{"rendered":"Moderaternas m\u00f6rka historia | V\u00e4rmlands Folkblad"},"content":{"rendered":"<blockquote><p><a href=\"http:\/\/www.vf.se\/asikter\/insandare\/moderaternas-morka-historia#.VmanGDWO0WZ.facebook\"><img data-recalc-dims=\"1\" decoding=\"async\" class=\"alignnone size-full\" src=\"https:\/\/i0.wp.com\/www.akehedman.se\/wordpress\/wp-content\/uploads\/2015\/12\/kataarkel.jpg?w=580\" alt=\"\" \/><\/a>En mycket kort sammanfattning:1916 Nej till allm\u00e4n olycksf\u00f6rs\u00e4kring i arbetet1918 Nej till kvinnlig r\u00f6str\u00e4tt1918 Nej till \u00e5tta timmars arbetsdag1921 Nej till avskaffandet av d\u00f6dsstraff i Sverige1927 Nej till folkskolan1931 Nej till sjukkassan1934 Nej till A-kassan1935 Nej till h\u00f6jda folkpensioner1938 Nej till tv\u00e5 veckors semester1941 Nej till s\u00e4nkt r\u00f6str\u00e4tts\u00e5lder1946 Nej till allm\u00e4n sjukv\u00e5rdsf\u00f6rs\u00e4kring1946 Nej till fria skolm\u00e5ltider1947 Nej till allm\u00e4nna barnbidrag1951 Nej till tre veckors semester1953 Nej till fri sjukv\u00e5rd.1959 Nej till ATP1960-tal<\/p><\/blockquote>\n<p>Source: <em><a href=\"http:\/\/www.vf.se\/asikter\/insandare\/moderaternas-morka-historia#.VmanGDWO0WZ.facebook\">Moderaternas m\u00f6rka historia | V\u00e4rmlands Folkblad<\/a><\/em><\/p>\n<p>&nbsp;<\/p>\n<p><iframe loading=\"lazy\" src=\"https:\/\/www.youtube.com\/embed\/O8VW2YQJhhE\" width=\"560\" height=\"315\" frameborder=\"0\" allowfullscreen=\"allowfullscreen\"><\/iframe><\/p>\n","protected":false},"excerpt":{"rendered":"<p>En mycket kort sammanfattning:1916 Nej till allm\u00e4n olycksf\u00f6rs\u00e4kring i arbetet1918 Nej till kvinnlig r\u00f6str\u00e4tt1918 Nej till \u00e5tta timmars arbetsdag1921 Nej till avskaffandet av d\u00f6dsstraff i Sverige1927 Nej till folkskolan1931 Nej till sjukkassan1934 Nej till A-kassan1935 Nej till h\u00f6jda folkpensioner1938 Nej till tv\u00e5 veckors semester1941 Nej till s\u00e4nkt r\u00f6str\u00e4tts\u00e5lder1946 Nej till allm\u00e4n sjukv\u00e5rdsf\u00f6rs\u00e4kring1946 Nej till fria [&hellip;]<\/p>\n","protected":false},"author":24,"featured_media":0,"comment_status":"open","ping_status":"open","sticky":false,"template":"","format":"standard","meta":{"_crdt_document":"","jetpack_post_was_ever_published":false,"_jetpack_newsletter_access":"","_jetpack_dont_email_post_to_subs":false,"_jetpack_newsletter_tier_id":0,"_jetpack_memberships_contains_paywalled_content":false,"_jetpack_memberships_contains_paid_content":false,"footnotes":"","jetpack_publicize_message":"","jetpack_publicize_feature_enabled":true,"jetpack_social_post_already_shared":true,"jetpack_social_options":{"image_generator_settings":{"template":"highway","default_image_id":0,"font":"","enabled":false},"version":2}},"categories":[2],"tags":[],"class_list":["post-19212","post","type-post","status-publish","format-standard","hentry","category-swedish"],"jetpack_publicize_connections":[],"jetpack_featured_media_url":"","jetpack_sharing_enabled":true,"jetpack_likes_enabled":true,"jetpack-related-posts":[{"id":42488,"url":"https:\/\/www.akehedman.se\/wordpress\/?p=42488","url_meta":{"origin":19212,"position":0},"title":"Moderaterna","author":"\u00c5ke Hedman","date":"2022-08-10","format":false,"excerpt":"En mycket kort sammanfattning: 1916 Nej till allm\u00e4n olycksf\u00f6rs\u00e4kring i arbetet1918 Nej till kvinnlig r\u00f6str\u00e4tt1918 Nej till \u00e5tta timmars arbetsdag1921 Nej till avskaffandet av d\u00f6dsstraff i Sverige1927 Nej till folkskolan1931 Nej till sjukkassan1934 Nej till A-kassan1935 Nej till h\u00f6jda folkpensioner1938 Nej till tv\u00e5 veckors semester1941 Nej till s\u00e4nkt r\u00f6str\u00e4tts\u00e5lder1946 Nej\u2026","rel":"","context":"In &quot;Swedish&quot;","block_context":{"text":"Swedish","link":"https:\/\/www.akehedman.se\/wordpress\/?cat=2"},"img":{"alt_text":"","src":"","width":0,"height":0},"classes":[]},{"id":20645,"url":"https:\/\/www.akehedman.se\/wordpress\/?p=20645","url_meta":{"origin":19212,"position":1},"title":"Signby.me &#8211; V\u00e4dja till riksdagen att r\u00f6sta nej till tillf\u00e4lliga lagen!","author":"\u00c5ke Hedman","date":"2016-06-07","format":false,"excerpt":"Source: Signby.me - V\u00e4dja till riksdagen att r\u00f6sta nej till tillf\u00e4lliga lagen!","rel":"","context":"In &quot;Swedish&quot;","block_context":{"text":"Swedish","link":"https:\/\/www.akehedman.se\/wordpress\/?cat=2"},"img":{"alt_text":"","src":"","width":0,"height":0},"classes":[]},{"id":48609,"url":"https:\/\/www.akehedman.se\/wordpress\/?p=48609","url_meta":{"origin":19212,"position":2},"title":"YES or NO","author":"\u00c5ke Hedman","date":"2024-10-27","format":false,"excerpt":"Jag s\u00e4ger mest nej. Ja NEJ och NEJ och NEJ. N\u00e4r folk fr\u00e5gar. Mest om musik och upptr\u00e4dande. Men ibland om att laga saker. Musiknejen kan jag \u00e5ngra ibland. Oftast direkt efter att de \u00e4r uttalade. F\u00f6r d\u00e4r, i musiken, finns s\u00e5 mycket k\u00e4rlek till n\u00e5got som jag, som genomanalytisk\u2026","rel":"","context":"In &quot;Swedish&quot;","block_context":{"text":"Swedish","link":"https:\/\/www.akehedman.se\/wordpress\/?cat=2"},"img":{"alt_text":"","src":"https:\/\/i0.wp.com\/www.akehedman.se\/wordpress\/wp-content\/uploads\/2024\/10\/115574c2-04f7-44c6-a732-8fb8ec5ee7de.webp?resize=350%2C200&ssl=1","width":350,"height":200,"srcset":"https:\/\/i0.wp.com\/www.akehedman.se\/wordpress\/wp-content\/uploads\/2024\/10\/115574c2-04f7-44c6-a732-8fb8ec5ee7de.webp?resize=350%2C200&ssl=1 1x, https:\/\/i0.wp.com\/www.akehedman.se\/wordpress\/wp-content\/uploads\/2024\/10\/115574c2-04f7-44c6-a732-8fb8ec5ee7de.webp?resize=525%2C300&ssl=1 1.5x, https:\/\/i0.wp.com\/www.akehedman.se\/wordpress\/wp-content\/uploads\/2024\/10\/115574c2-04f7-44c6-a732-8fb8ec5ee7de.webp?resize=700%2C400&ssl=1 2x"},"classes":[]},{"id":7054,"url":"https:\/\/www.akehedman.se\/wordpress\/?p=7054","url_meta":{"origin":19212,"position":3},"title":"S\u00e4g nej till tjurf\u00e4ktning i Spanien","author":"\u00c5ke Hedman","date":"2013-05-01","format":false,"excerpt":"\u00a0 S\u00e4g nej till tjurf\u00e4ktning i Spanien.","rel":"","context":"In &quot;Swedish&quot;","block_context":{"text":"Swedish","link":"https:\/\/www.akehedman.se\/wordpress\/?cat=2"},"img":{"alt_text":"","src":"","width":0,"height":0},"classes":[]},{"id":37666,"url":"https:\/\/www.akehedman.se\/wordpress\/?p=37666","url_meta":{"origin":19212,"position":4},"title":"Karin Hildebrand blev utsedd till \u00c5rets svensk | SVT Nyheter","author":"\u00c5ke Hedman","date":"2021-01-28","format":false,"excerpt":"IVA-l\u00e4karen Karin Hildebrand har utsetts till \u00c5rets svensk 2020 av nyhetsmagasinet Fokus.\u2013 Det k\u00e4nns lite konstigt, s\u00e4ger vinnaren om att f\u00e5 utm\u00e4rkelsen. Source: Karin Hildebrand blev utsedd till \u00c5rets svensk | SVT Nyheter NEJ, NEJ, NEJ vi vet alla vad som h\u00e4nder med \u00e5rets svensk. Nu kommer IVA rasa. G\u00e5\u2026","rel":"","context":"In &quot;Swedish&quot;","block_context":{"text":"Swedish","link":"https:\/\/www.akehedman.se\/wordpress\/?cat=2"},"img":{"alt_text":"","src":"","width":0,"height":0},"classes":[]},{"id":28451,"url":"https:\/\/www.akehedman.se\/wordpress\/?p=28451","url_meta":{"origin":19212,"position":5},"title":"S\u00e5 tolkar du ett S-nej \u2013 efter Anderssons dementi | SvD","author":"\u00c5ke Hedman","date":"2018-05-15","format":false,"excerpt":"Moderatfiskare! Hennes upprepade utspel i migrationsfr\u00e5gor har tolkats s\u00e5: hon har uppmanat folk att inte sk\u00e4nka pengar till tiggare, sagt att asyls\u00f6kande borde s\u00f6ka sig till andra l\u00e4nder och att Sverige inte har n\u00e5got behov av st\u00e4dare och diskare fr\u00e5n andra kontinenter. Source: S\u00e5 tolkar du ett S-nej \u2013 efter\u2026","rel":"","context":"In &quot;Swedish&quot;","block_context":{"text":"Swedish","link":"https:\/\/www.akehedman.se\/wordpress\/?cat=2"},"img":{"alt_text":"","src":"","width":0,"height":0},"classes":[]}],"jetpack_shortlink":"https:\/\/wp.me\/p68PL2-4ZS","_links":{"self":[{"href":"https:\/\/www.akehedman.se\/wordpress\/index.php?rest_route=\/wp\/v2\/posts\/19212","targetHints":{"allow":["GET"]}}],"collection":[{"href":"https:\/\/www.akehedman.se\/wordpress\/index.php?rest_route=\/wp\/v2\/posts"}],"about":[{"href":"https:\/\/www.akehedman.se\/wordpress\/index.php?rest_route=\/wp\/v2\/types\/post"}],"author":[{"embeddable":true,"href":"https:\/\/www.akehedman.se\/wordpress\/index.php?rest_route=\/wp\/v2\/users\/24"}],"replies":[{"embeddable":true,"href":"https:\/\/www.akehedman.se\/wordpress\/index.php?rest_route=%2Fwp%2Fv2%2Fcomments&post=19212"}],"version-history":[{"count":2,"href":"https:\/\/www.akehedman.se\/wordpress\/index.php?rest_route=\/wp\/v2\/posts\/19212\/revisions"}],"predecessor-version":[{"id":19215,"href":"https:\/\/www.akehedman.se\/wordpress\/index.php?rest_route=\/wp\/v2\/posts\/19212\/revisions\/19215"}],"wp:attachment":[{"href":"https:\/\/www.akehedman.se\/wordpress\/index.php?rest_route=%2Fwp%2Fv2%2Fmedia&parent=19212"}],"wp:term":[{"taxonomy":"category","embeddable":true,"href":"https:\/\/www.akehedman.se\/wordpress\/index.php?rest_route=%2Fwp%2Fv2%2Fcategories&post=19212"},{"taxonomy":"post_tag","embeddable":true,"href":"https:\/\/www.akehedman.se\/wordpress\/index.php?rest_route=%2Fwp%2Fv2%2Ftags&post=19212"}],"curies":[{"name":"wp","href":"https:\/\/api.w.org\/{rel}","templated":true}]}}