{"id":17915,"date":"2015-05-20T08:18:31","date_gmt":"2015-05-20T07:18:31","guid":{"rendered":"http:\/\/www.akehedman.se\/wordpress\/?p=17915"},"modified":"2015-05-20T08:27:53","modified_gmt":"2015-05-20T07:27:53","slug":"att-bli-ratad","status":"publish","type":"post","link":"https:\/\/www.akehedman.se\/wordpress\/?p=17915","title":{"rendered":"Att bli ratad"},"content":{"rendered":"<p><a href=\"https:\/\/i0.wp.com\/www.akehedman.se\/wordpress\/wp-content\/uploads\/2015\/05\/Sky.jpg\"><img data-recalc-dims=\"1\" loading=\"lazy\" decoding=\"async\" class=\"alignnone size-full wp-image-17916\" src=\"https:\/\/i0.wp.com\/www.akehedman.se\/wordpress\/wp-content\/uploads\/2015\/05\/Sky.jpg?resize=580%2C314\" alt=\"Sky\" width=\"580\" height=\"314\" srcset=\"https:\/\/i0.wp.com\/www.akehedman.se\/wordpress\/wp-content\/uploads\/2015\/05\/Sky.jpg?w=823&amp;ssl=1 823w, https:\/\/i0.wp.com\/www.akehedman.se\/wordpress\/wp-content\/uploads\/2015\/05\/Sky.jpg?resize=300%2C162&amp;ssl=1 300w, https:\/\/i0.wp.com\/www.akehedman.se\/wordpress\/wp-content\/uploads\/2015\/05\/Sky.jpg?resize=500%2C270&amp;ssl=1 500w\" sizes=\"auto, (max-width: 580px) 100vw, 580px\" \/><\/a><\/p>\n<p>Det f\u00f6rsta personliga mail jag f\u00e5r fr\u00e5n den nye redakt\u00f6ren \u00e4r ett d\u00e4r hon s\u00e4ger att mina tj\u00e4nster som kr\u00f6nik\u00f6r i H\u00e4lsingetidningar inte l\u00e4ngre beh\u00f6vs. Just det svider. Att f\u00e5 det mailet, skrivet i en personlig ton med massor av urs\u00e4kter, men inga svar under m\u00e5nader f\u00f6re n\u00e4r jag skickar in mina kr\u00f6nikor. Ingen respons. Kom de inskickade kr\u00f6nikorna fram? Publicerades de? Kan jag skicka faktura?<\/p>\n<p>Sen kommer den d\u00e4r k\u00f6ren och st\u00e4ller sig runt omkring en och b\u00f6rjar skalla att man inte duger. &#8220;D\u00e4r ser du&#8221;. &#8220;Trodde du att du kunde skriva ditt f\u00e5n&#8221;. Ja ni vet hur dom l\u00e5ter och ni vet hur dom h\u00e5ller p\u00e5. Dom \u00e4lskar de d\u00e4r nederlagen. Njuter n\u00e4r man blir ratad. Ja n\u00e4r det g\u00e5r d\u00e5ligt och g\u00e5r \u00e5t helvete ocks\u00e5. Ger sig liksom aldrig. Maler p\u00e5.<\/p>\n<p>F\u00f6r trotts alla f\u00f6rmildrande ord i det d\u00e4r mailet, de som f\u00f6rs\u00f6ker sl\u00e4ta ut, s\u00e5 vet jag ju att det jag skrev inte d\u00f6g. Inte s\u00e5lde tidningar. Det \u00e4r inte sv\u00e5rare \u00e4n s\u00e5. Man f\u00e5r k\u00f6pa det. \u00c4n en g\u00e5ng har man blivit ratad f\u00f6r att man inte duger.<\/p>\n<p>Men i de d\u00e4r l\u00e4gena hj\u00e4lper det s\u00e5klart att ha levat ett tag. Jo det d\u00e4r har h\u00e4nt f\u00f6rut. Ja och man har blivit ledsen m\u00e5nga g\u00e5nger, andra g\u00e5nger insett att man f\u00f6rtj\u00e4nade det. Men gemensamt f\u00f6r dem alla \u00e4r att man m\u00e5ste ob\u00f6nh\u00f6rligen st\u00e4lla sig fr\u00e5gan. &#8220;Varf\u00f6r g\u00f6r jag det h\u00e4r?&#8221;. Allts\u00e5 st\u00e4lls den d\u00e4r fr\u00e5gan &#8220;Varf\u00f6r skriver jag?&#8221; till mig sj\u00e4lv den d\u00e4r dan. Sen sitter jag d\u00e4r och kr\u00e4ver ot\u00e5ligt ett svar av mig sj\u00e4lv. Ja jag t\u00e4nker fan i helvete inte ge mig f\u00f6rr\u00e4n jag f\u00e5r ett svar. Svara du ocoola gubbe.<\/p>\n<p>Men inte vet den ocoole gubben, som \u00e4r jag, varf\u00f6r han skriver s\u00e5 m\u00e5nga ord d\u00e4r till kaffekoppar och tekoppar. De vill liksom bara ut de d\u00e4r orden. Samma sak \u00e4r det med musiken. Den finns d\u00e4r i huvudet bara.\u00a0 Orden, tonerna, historierna, prylarna.\u00a0 Mer \u00e4n det g\u00e5r att f\u00e5 ut p\u00e5 papper och ut i fingrar. Att lyckas f\u00e5 ut i alla fall lite av det d\u00e4r &#8211; s\u00e5 att det finns p\u00e5 riktigt &#8211; l\u00e4ttar lite p\u00e5 trycket d\u00e4r inne. Men varf\u00f6r? Ja kanske just och bara f\u00f6r att l\u00e4tta p\u00e5trycket d\u00e5. Det infinner sig ett lugn efter att man skrivit texten, l\u00e5ten eller f\u00e5tt ner den d\u00e4r konstruktionen p\u00e5 papper. En kort stund i alla fall. Innan mer vill ut. Men jag \u00e4lskar det s\u00e5klart. Ja det \u00e4r ju jag det d\u00e4r.<\/p>\n<p>Fast det \u00e4r som ett f\u00f6rh\u00e5llande var och en av de d\u00e4r ocks\u00e5. F\u00f6rst passionen. S\u00e5 o\u00e4ndligt l\u00e4tt att finnas i den. Sen vardag. Man skall ta det hela i hamn ocks\u00e5. Nu f\u00e5r man jobba. Det \u00e4r mest jobb och anstr\u00e4ngning d\u00e4r. Att ta n\u00e5got\u00a0 fram till &#8220;klart&#8221;.<\/p>\n<p>N\u00e4 det finns ingen mening. Han\/hon\/det\/gud vet kanske. Men han\/hon\/det\/gud har aldrig svarat p\u00e5 n\u00e5gon av mina fr\u00e5gor s\u00e5 jag t\u00e4nker inte st\u00e4lla den h\u00e4r heller. Men n\u00e5got i mitt inre s\u00e4ger att jag m\u00e5ste g\u00f6ra det h\u00e4r \u00e4nd\u00e5. Ja jag m\u00e5ste skriva mina texter, g\u00f6ra det fast jag nu d\u00e5 inte duger som kr\u00f6nik\u00f6r, storbloggare eller whatever. Ja g\u00f6ra det fast bloggen d\u00e4r orden sprutar fram knappt \u00e4r l\u00e4st av n\u00e5gon annan \u00e4n mig. Jag m\u00e5ste skriva de d\u00e4r l\u00e5tarna. Ta dem hela v\u00e4gen till &#8220;klar&#8221; i svett och t\u00e5rar fast \u00e4n det kanske bara \u00e4r tjugo pers som lyssnar p\u00e5 dom, och d\u00e5 \u00e4r det en bra dag. De \u00e4r n\u00e5got inom mig som s\u00e4ger forts\u00e4tt, FORTS\u00c4TT. Och nej. Det handlar inte om att &#8220;L Y C K A S&#8221;. Nej det f\u00f6r\u00e4ndrar ingenting. F\u00f6r vad allt det d\u00e4r kokar ut i \u00e4r. \u00c4r jag n\u00f6jd? Gjorde jag mitt b\u00e4sta d\u00e4r. Och tittar jag p\u00e5 de d\u00e4r kr\u00f6nikorna s\u00e5 k\u00e4nner jag s\u00e5. Ja n\u00e4r jag skrev varenda en av dem s\u00e5 gjorde jag mitt b\u00e4sta. Jag var n\u00f6jd n\u00e4r jag skickade in dem. De var &#8220;klara&#8221;. Det var jobb och svett att ta dem till &#8220;klart&#8221;.<\/p>\n<p>Men ett halvt\u00a0 \u00e5r senare. Visst skulle jag gjort annorlunda, \u00e4ndrat, skrivit om n\u00e5got helt annat. Men bara f\u00f6r att jag \u00e4r en annan m\u00e4nniska idag. Jag har utvecklats sen dess. Allt jag gjorde ig\u00e5r kan jag g\u00f6ra b\u00e4ttre idag. Ja jag lever mitt liv s\u00e5. Som snart sextio men fortfarande p\u00e5 v\u00e4g. Den resan tar aldrig slut. Jo de g\u00f6r den s\u00e5klart. En dag. Man skall inte lura sig sj\u00e4lv f\u00f6r mycket. Men fram dit d\u00e5. Fram dit f\u00e5r den h\u00e5lla p\u00e5.<\/p>\n<p>S\u00e5 jag deppar inte s\u00e5 l\u00e4nge \u00f6ver att bli ratad som kr\u00f6nik\u00f6r i H\u00e4lsingetidningar. Andra sk\u00f6ter kanske det d\u00e4r b\u00e4ttre. Det \u00e4r inte min uppgift att best\u00e4mma och d\u00f6ma i det. Jag har bara ett ansvar och det \u00e4r att vara sann mot mig sj\u00e4lv. Lyssna p\u00e5 den d\u00e4r inre r\u00f6sten som \u00e4nd\u00e5 h\u00f6rs d\u00e4r i k\u00f6ren av &#8220;du kan inte&#8221;, du \u00e4r v\u00e4rdel\u00f6s&#8221;, &#8220;du \u00e4r en kl\u00e5pare&#8221;. Den som svagt s\u00e4ger att jag \u00e4nd\u00e5 duger. &#8220;Du duger om du sj\u00e4lv tycker att du duger&#8221;.\u00a0 En m\u00e4nniskas h\u00e5rdaste kritiker \u00e4r \u00e4nd\u00e5 det egna jaget. Om man v\u00e5gar ha den d\u00f6rren \u00f6ppen. Om man v\u00e5gar lyssna. S\u00e5 kan det finnas en r\u00f6st som svagt s\u00e4ger att man duger fast \u00e4n andra nu kanske inte tycker det. Den skall man lyssna p\u00e5. Ja det vet jag. Den \u00e4r ens b\u00e4sta v\u00e4n.\u00a0 S\u00e5 jag lugnar mig. Forts\u00e4tter som om inget har h\u00e4nt.<\/p>\n","protected":false},"excerpt":{"rendered":"<p>Det f\u00f6rsta personliga mail jag f\u00e5r fr\u00e5n den nye redakt\u00f6ren \u00e4r ett d\u00e4r hon s\u00e4ger att mina tj\u00e4nster som kr\u00f6nik\u00f6r i H\u00e4lsingetidningar inte l\u00e4ngre beh\u00f6vs. Just det svider. Att f\u00e5 det mailet, skrivet i en personlig ton med massor av urs\u00e4kter, men inga svar under m\u00e5nader f\u00f6re n\u00e4r jag skickar in mina kr\u00f6nikor. Ingen respons. [&hellip;]<\/p>\n","protected":false},"author":24,"featured_media":0,"comment_status":"open","ping_status":"open","sticky":false,"template":"","format":"standard","meta":{"_crdt_document":"","jetpack_post_was_ever_published":false,"_jetpack_newsletter_access":"","_jetpack_dont_email_post_to_subs":false,"_jetpack_newsletter_tier_id":0,"_jetpack_memberships_contains_paywalled_content":false,"_jetpack_memberships_contains_paid_content":false,"footnotes":"","jetpack_publicize_message":"","jetpack_publicize_feature_enabled":true,"jetpack_social_post_already_shared":true,"jetpack_social_options":{"image_generator_settings":{"template":"highway","default_image_id":0,"font":"","enabled":false},"version":2}},"categories":[24],"tags":[],"class_list":["post-17915","post","type-post","status-publish","format-standard","hentry","category-betraktelser"],"jetpack_publicize_connections":[],"jetpack_featured_media_url":"","jetpack_sharing_enabled":true,"jetpack_likes_enabled":true,"jetpack-related-posts":[{"id":16463,"url":"https:\/\/www.akehedman.se\/wordpress\/?p=16463","url_meta":{"origin":17915,"position":0},"title":"F\u00f6rkyld men inte d\u00f6d","author":"\u00c5ke Hedman","date":"2015-02-10","format":false,"excerpt":"F\u00f6rkyld men inte d\u00f6d. Det finns en viktig skillnad d\u00e4r. En j\u00e4tteviktig skillnad. Smittan kommer K. hemdragande med. Hon samlar ihop den p\u00e5 skola, fritis och dagis och sen kommer den hem hitliftandes p\u00e5 hennes skor och kastar sig direkt p\u00e5 mig och pl\u00e5gar mina stackars vita\u00a0 som inte \u00e4r\u2026","rel":"","context":"In &quot;Betraktelser &amp; Ber\u00e4ttelse&quot;","block_context":{"text":"Betraktelser &amp; Ber\u00e4ttelse","link":"https:\/\/www.akehedman.se\/wordpress\/?cat=24"},"img":{"alt_text":"Modell-Coronavirus_0","src":"https:\/\/i0.wp.com\/www.eurosource.se\/akhe\/wordpress\/wp-content\/uploads\/2015\/02\/Modell-Coronavirus_0.jpg?resize=350%2C200","width":350,"height":200},"classes":[]},{"id":18253,"url":"https:\/\/www.akehedman.se\/wordpress\/?p=18253","url_meta":{"origin":17915,"position":1},"title":"Precis som jag alltid har gjort","author":"\u00c5ke Hedman","date":"2015-07-11","format":false,"excerpt":"Det \u00e4r f\u00f6rsta semesterdan p\u00e5 en tv\u00e5 veckors (l\u00e4s o\u00e4ndlig) semester. Japp jag jobbar s\u00e5klart. M\u00e5ste det f\u00f6r att f\u00e5 den d\u00e4r semestern. Idag och imorgon. Paket skall iv\u00e4g till Kanada och Schweiz och bokf\u00f6ring skall fixas. Sen s\u00e5. L\u00e4ngtar efter ledigt. Att f\u00e5 m\u00f6jlighet att g\u00f6ra annat, kanske med\u2026","rel":"","context":"In &quot;Betraktelser &amp; Ber\u00e4ttelse&quot;","block_context":{"text":"Betraktelser &amp; Ber\u00e4ttelse","link":"https:\/\/www.akehedman.se\/wordpress\/?cat=24"},"img":{"alt_text":"Jag-aer-saa-cool,-aeven-isbitar-aer-avundsjuk!","src":"https:\/\/i0.wp.com\/www.akehedman.se\/wordpress\/wp-content\/uploads\/2015\/07\/Jag-aer-saa-cool-aeven-isbitar-aer-avundsjuk.png?resize=350%2C200","width":350,"height":200},"classes":[]},{"id":10456,"url":"https:\/\/www.akehedman.se\/wordpress\/?p=10456","url_meta":{"origin":17915,"position":2},"title":"Besatthet och gl\u00e4dje","author":"\u00c5ke Hedman","date":"2013-10-11","format":false,"excerpt":"Jag h\u00f6r redan innan jag kliver upp ur en varm sk\u00f6n s\u00e4ng att det \u00e4r en kall morgon. Hundarna i dalen d\u00e4r utanf\u00f6r klagar eller ocks\u00e5 \u00e4r sk\u00e4llandet bara ett s\u00e4tt f\u00f6r dom att h\u00e5lla v\u00e4rmen. Katter st\u00e5r ut, l\u00e5ter inte lika mycket, det \u00e4r d\u00e4rf\u00f6r jag k\u00e4nner mig n\u00e4rmare\u2026","rel":"","context":"In &quot;Betraktelser &amp; Ber\u00e4ttelse&quot;","block_context":{"text":"Betraktelser &amp; Ber\u00e4ttelse","link":"https:\/\/www.akehedman.se\/wordpress\/?cat=24"},"img":{"alt_text":"IMG_20131011_080606","src":"https:\/\/i0.wp.com\/www.eurosource.se\/akhe\/wordpress\/wp-content\/uploads\/2013\/10\/IMG_20131011_080606-768x1024.jpg?resize=350%2C200","width":350,"height":200,"srcset":"https:\/\/i0.wp.com\/www.eurosource.se\/akhe\/wordpress\/wp-content\/uploads\/2013\/10\/IMG_20131011_080606-768x1024.jpg?resize=350%2C200 1x, https:\/\/i0.wp.com\/www.eurosource.se\/akhe\/wordpress\/wp-content\/uploads\/2013\/10\/IMG_20131011_080606-768x1024.jpg?resize=525%2C300 1.5x"},"classes":[]},{"id":29948,"url":"https:\/\/www.akehedman.se\/wordpress\/?p=29948","url_meta":{"origin":17915,"position":3},"title":"Void och psykologer eller tv\u00e4rtom","author":"\u00c5ke Hedman","date":"2018-09-21","format":false,"excerpt":"Ni vet psykologer. F\u00f6rr. N\u00e4r man oskyldigt fr\u00e5gade n\u00e5gon Vad jobbar du med d\u00e5? Och hen svarar Jag \u00e4r Psykolog. Den d\u00e4r festen blev sig liksom inte likt efter att man fick reda p\u00e5 det d\u00e4r. Konstigt nog var det f\u00f6rresten oftast p\u00e5 fester man tr\u00e4ffade dem. Ja kan vara\u2026","rel":"","context":"In &quot;Swedish&quot;","block_context":{"text":"Swedish","link":"https:\/\/www.akehedman.se\/wordpress\/?cat=2"},"img":{"alt_text":"","src":"https:\/\/i0.wp.com\/www.akehedman.se\/wordpress\/wp-content\/uploads\/2018\/05\/IMG_20180531_105331319.jpg?resize=350%2C200&ssl=1","width":350,"height":200,"srcset":"https:\/\/i0.wp.com\/www.akehedman.se\/wordpress\/wp-content\/uploads\/2018\/05\/IMG_20180531_105331319.jpg?resize=350%2C200&ssl=1 1x, https:\/\/i0.wp.com\/www.akehedman.se\/wordpress\/wp-content\/uploads\/2018\/05\/IMG_20180531_105331319.jpg?resize=525%2C300&ssl=1 1.5x, https:\/\/i0.wp.com\/www.akehedman.se\/wordpress\/wp-content\/uploads\/2018\/05\/IMG_20180531_105331319.jpg?resize=700%2C400&ssl=1 2x, https:\/\/i0.wp.com\/www.akehedman.se\/wordpress\/wp-content\/uploads\/2018\/05\/IMG_20180531_105331319.jpg?resize=1050%2C600&ssl=1 3x, https:\/\/i0.wp.com\/www.akehedman.se\/wordpress\/wp-content\/uploads\/2018\/05\/IMG_20180531_105331319.jpg?resize=1400%2C800&ssl=1 4x"},"classes":[]},{"id":15338,"url":"https:\/\/www.akehedman.se\/wordpress\/?p=15338","url_meta":{"origin":17915,"position":4},"title":"S\u00e5 jag forts\u00e4tter","author":"\u00c5ke Hedman","date":"2014-11-17","format":false,"excerpt":"F\u00f6r bara n\u00e5gra \u00e5r sedan s\u00e5 skulle jag nog suttit h\u00e4r p\u00e5 kontoret och undrat \"\u00c4r det bara s\u00e5h\u00e4r...\" och sen misstr\u00f6stat mig ner i m\u00f6rker n\u00e4ra helvetets portar. Men jag vet inte om det \u00e4r f\u00f6r att man \u00e4r \u00e4ldre, kanske visare eller bara bitter, bitter, bitter. Jag bryr\u2026","rel":"","context":"In &quot;Betraktelser &amp; Ber\u00e4ttelse&quot;","block_context":{"text":"Betraktelser &amp; Ber\u00e4ttelse","link":"https:\/\/www.akehedman.se\/wordpress\/?cat=24"},"img":{"alt_text":"Lim-Johan-med-Bergakungen-utanf\u00f6r-stugan","src":"https:\/\/i0.wp.com\/www.eurosource.se\/akhe\/wordpress\/wp-content\/uploads\/2014\/08\/Lim-Johan-med-Bergakungen-utanf%C3%B6r-stugan.jpg?resize=350%2C200","width":350,"height":200,"srcset":"https:\/\/i0.wp.com\/www.eurosource.se\/akhe\/wordpress\/wp-content\/uploads\/2014\/08\/Lim-Johan-med-Bergakungen-utanf%C3%B6r-stugan.jpg?resize=350%2C200 1x, https:\/\/i0.wp.com\/www.eurosource.se\/akhe\/wordpress\/wp-content\/uploads\/2014\/08\/Lim-Johan-med-Bergakungen-utanf%C3%B6r-stugan.jpg?resize=525%2C300 1.5x"},"classes":[]},{"id":17402,"url":"https:\/\/www.akehedman.se\/wordpress\/?p=17402","url_meta":{"origin":17915,"position":5},"title":"S\u00f6derut","author":"\u00c5ke Hedman","date":"2015-04-08","format":false,"excerpt":"Jag vandrar s\u00f6derut. Jag hade fel ig\u00e5r. S\u00f6derut \u00e4r \u00e5t det h\u00e5ll jag liksom k\u00e4nner att Edsbyn och \u00d6stersj\u00f6n och Ryssland ligger. Men har fel allts\u00e5. Det enda jag inte kan fatta n\u00e4r jag kommer fram till huset som jag \u00e4lskar och d\u00e4rf\u00f6r m\u00e5ste sl\u00e4ppa mig fri fr\u00e5n, f\u00f6r att\u2026","rel":"","context":"In &quot;Betraktelser &amp; Ber\u00e4ttelse&quot;","block_context":{"text":"Betraktelser &amp; Ber\u00e4ttelse","link":"https:\/\/www.akehedman.se\/wordpress\/?cat=24"},"img":{"alt_text":"003","src":"https:\/\/i0.wp.com\/www.eurosource.se\/akhe\/wordpress\/wp-content\/uploads\/2015\/04\/003-768x1024.jpg?resize=350%2C200","width":350,"height":200,"srcset":"https:\/\/i0.wp.com\/www.eurosource.se\/akhe\/wordpress\/wp-content\/uploads\/2015\/04\/003-768x1024.jpg?resize=350%2C200 1x, https:\/\/i0.wp.com\/www.eurosource.se\/akhe\/wordpress\/wp-content\/uploads\/2015\/04\/003-768x1024.jpg?resize=525%2C300 1.5x"},"classes":[]}],"jetpack_shortlink":"https:\/\/wp.me\/p68PL2-4EX","_links":{"self":[{"href":"https:\/\/www.akehedman.se\/wordpress\/index.php?rest_route=\/wp\/v2\/posts\/17915","targetHints":{"allow":["GET"]}}],"collection":[{"href":"https:\/\/www.akehedman.se\/wordpress\/index.php?rest_route=\/wp\/v2\/posts"}],"about":[{"href":"https:\/\/www.akehedman.se\/wordpress\/index.php?rest_route=\/wp\/v2\/types\/post"}],"author":[{"embeddable":true,"href":"https:\/\/www.akehedman.se\/wordpress\/index.php?rest_route=\/wp\/v2\/users\/24"}],"replies":[{"embeddable":true,"href":"https:\/\/www.akehedman.se\/wordpress\/index.php?rest_route=%2Fwp%2Fv2%2Fcomments&post=17915"}],"version-history":[{"count":2,"href":"https:\/\/www.akehedman.se\/wordpress\/index.php?rest_route=\/wp\/v2\/posts\/17915\/revisions"}],"predecessor-version":[{"id":17918,"href":"https:\/\/www.akehedman.se\/wordpress\/index.php?rest_route=\/wp\/v2\/posts\/17915\/revisions\/17918"}],"wp:attachment":[{"href":"https:\/\/www.akehedman.se\/wordpress\/index.php?rest_route=%2Fwp%2Fv2%2Fmedia&parent=17915"}],"wp:term":[{"taxonomy":"category","embeddable":true,"href":"https:\/\/www.akehedman.se\/wordpress\/index.php?rest_route=%2Fwp%2Fv2%2Fcategories&post=17915"},{"taxonomy":"post_tag","embeddable":true,"href":"https:\/\/www.akehedman.se\/wordpress\/index.php?rest_route=%2Fwp%2Fv2%2Ftags&post=17915"}],"curies":[{"name":"wp","href":"https:\/\/api.w.org\/{rel}","templated":true}]}}