{"id":17909,"date":"2015-05-19T08:37:16","date_gmt":"2015-05-19T07:37:16","guid":{"rendered":"http:\/\/www.akehedman.se\/wordpress\/?p=17909"},"modified":"2015-05-19T10:48:40","modified_gmt":"2015-05-19T09:48:40","slug":"de-andra","status":"publish","type":"post","link":"https:\/\/www.akehedman.se\/wordpress\/?p=17909","title":{"rendered":"De andra&#8230;"},"content":{"rendered":"<p><a href=\"https:\/\/i0.wp.com\/www.akehedman.se\/wordpress\/wp-content\/uploads\/2015\/05\/livskraft.png\"><img data-recalc-dims=\"1\" loading=\"lazy\" decoding=\"async\" class=\"alignnone size-large wp-image-17910\" src=\"https:\/\/i0.wp.com\/www.akehedman.se\/wordpress\/wp-content\/uploads\/2015\/05\/livskraft-1024x823.png?resize=580%2C466\" alt=\"livskraft\" width=\"580\" height=\"466\" srcset=\"https:\/\/i0.wp.com\/www.akehedman.se\/wordpress\/wp-content\/uploads\/2015\/05\/livskraft.png?resize=1024%2C823&amp;ssl=1 1024w, https:\/\/i0.wp.com\/www.akehedman.se\/wordpress\/wp-content\/uploads\/2015\/05\/livskraft.png?resize=300%2C241&amp;ssl=1 300w, https:\/\/i0.wp.com\/www.akehedman.se\/wordpress\/wp-content\/uploads\/2015\/05\/livskraft.png?resize=373%2C300&amp;ssl=1 373w, https:\/\/i0.wp.com\/www.akehedman.se\/wordpress\/wp-content\/uploads\/2015\/05\/livskraft.png?w=1484&amp;ssl=1 1484w, https:\/\/i0.wp.com\/www.akehedman.se\/wordpress\/wp-content\/uploads\/2015\/05\/livskraft.png?w=1160&amp;ssl=1 1160w\" sizes=\"auto, (max-width: 580px) 100vw, 580px\" \/><\/a><\/p>\n<p>Jag l\u00e4ser <a href=\"http:\/\/gnidkungen.blogspot.se\/\">J.&#8217;s bipol\u00e4ra blogg<\/a>. Ja den heter inte s\u00e5 men jag t\u00e4nker p\u00e5 den s\u00e5. Han har ordet och f\u00f6rm\u00e5gan att f\u00e5nga och f\u00f6rklara. Precis som en av mina elever i djup depression f\u00f6rklarade en g\u00e5ng f\u00f6r sin mentor. Har man aldrig varit d\u00e4r s\u00e5 beh\u00f6ver man f\u00e5 l\u00e4sa om det och i alla fall f\u00e5 en chans att f\u00f6rs\u00f6ka f\u00f6rst\u00e5.<\/p>\n<p>Min elev ber\u00e4ttade om att komma upp och g\u00e5 till skolan p\u00e5 morgonen.<\/p>\n<p>&#8220;Det \u00e4r som att putta bort den st\u00f6rsta sten man kan t\u00e4nka sig f\u00f6r att man skall komma upp ur s\u00e4ngen. Man f\u00e5r ta till alla sina krafter. Ibland lyckas man. D\u00e5 \u00e4r det bara att b\u00f6rja om igen. F\u00f6r det kr\u00e4vs samma kraftanstr\u00e4ngning f\u00f6r att f\u00e5 p\u00e5 sig kl\u00e4derna, g\u00e5 in i duschen, \u00e4ta frukost, g\u00e5 ut genom d\u00f6rren, kliva p\u00e5 bussen&#8230;.&#8221;<\/p>\n<p>F\u00f6r mig var de d\u00e4r orden en riktig \u00f6gon\u00f6ppnare. Det \u00e4r l\u00e4tt att kasta ur sig &#8220;ryck upp dig&#8221;\u00a0 n\u00e4r man som mig p\u00e5 sin h\u00f6jd sv\u00e4var omkring i det bl\u00e5a landet och egentligen tycker det \u00e4r ganska sk\u00f6nt att f\u00e5 befinna sig d\u00e4r ibland.<\/p>\n<p>J. f\u00e5r i en av sina ber\u00e4ttelser mig att f\u00e5 lite mer insikt om det maniska tillst\u00e5ndet. Ocks\u00e5 s\u00e5 sv\u00e5rt att f\u00f6rst\u00e5 f\u00f6r n\u00e5gon som p\u00e5 sin h\u00f6jd har flyt en dag eller spontank\u00f6per en chokladkaka fast man inte borde.<\/p>\n<p>Nej jag tror inte p\u00e5 de helt friska och normala. Vi \u00e4r alla i det bipol\u00e4ra. Ja eller vad det nu kallas. Det \u00e4r bara det att dalarna och topparna \u00e4r mindre f\u00f6r de flesta av oss. L\u00e4ttare att hantera. Enklare att f\u00f6rflytta sig emellan. Ja och precis som man k\u00e4nner en gl\u00e4dje \u00f6ver att man klarat sig fr\u00e5n allt f\u00f6r m\u00e5nga brutna ben, brutna nackar, hj\u00e4rtattacker eller cancerdiagnoser i livet (\u00e4n s\u00e5 l\u00e4nge) s\u00e5 \u00e4r man s\u00e5klart glad f\u00f6r att man klarat sig genom det r\u00e4tt skapligt ocks\u00e5 psykiskt (\u00e4n s\u00e5 l\u00e4nge). Skillnaden mellan sjukdomstillst\u00e5nden kan jag inte se. Vad som helst av det d\u00e4r kan drabba vem som helst av oss idag eller i morgon. Att det ena skulle vara n\u00e5got att sk\u00e4mmas f\u00f6r \u00e4r s\u00e5klart absurt. \u00c4nd\u00e5 lever den f\u00f6rest\u00e4llning fortfarande h\u00e5rt kvar hos de festa av oss. Tills det \u00e4r v\u00e5r tur. D\u00e5 f\u00f6rst kommer f\u00f6rst\u00e5elsen p\u00e5 riktigt. Av tv\u00e5nget och n\u00e4rheten.<\/p>\n<p>Min kontakt med psykisk sjukdom kom till under tre somrar i Uppsala. Ja jag l\u00e4ste fysik. Men det var l\u00e4tt att f\u00e5 jobb som v\u00e5rdare p\u00e5 det stora &#8220;mentalsjukhuset&#8221;. Ja det hette s\u00e5 d\u00e5. Jag visset nog inte vad som v\u00e4ntade n\u00e4r jag b\u00f6rjade det d\u00e4r jobbet. Historierna om m\u00e4nniskor som galopperade i korridorerna och gjorde det gn\u00e4ggandes eftersom de trodde att de var h\u00e4star hade man ju h\u00f6rt. Ja och infantilt trott p\u00e5. Men ist\u00e4llet m\u00f6tte jag m\u00e4nniskorna. Livs\u00f6dena. Den unge mannen liggandes i sp\u00e4nnband som inte ville annat \u00e4n att d\u00f6. Som med hj\u00e4lp av tv\u00e5ngsmetoder och starka mediciner hindrades fr\u00e5n att d\u00f6. Hans f\u00f6r\u00e4ldrar p\u00e5 bes\u00f6k med nedsjunkna axlar och\u00a0 i fina kl\u00e4der.\u00a0 Kvinnan, mamman, som kom in p\u00e5 psykakuten och ber\u00e4ttade, gr\u00e4t och ber\u00e4ttade, timme efter timme en hel natt f\u00f6r en annan m\u00e4nniska som bara kunde lyssna. Kvinnan som jag f\u00f6ljde med p\u00e5 bussen. Som klev p\u00e5 bussen skakandes av \u00e5ngest f\u00f6r att just det var det v\u00e4rsta hon kunde t\u00e4nka sig, men klarade det, gjorde resan som en som var v\u00e4rd det \u00e5rets bragdguld om bara v\u00e4rlden vetat. Alla kvinnor och m\u00e4n som dog ensamma i natten med bara en fysikstudent vid sin sida. Skjutsade genom m\u00f6rka korridorer p\u00e5 en rostfri b\u00e5r till b\u00e5rhuset som sin sista resa, saknad av ingen. Mannen som blivit utnyttjad hela sitt liv och funnit en fristad d\u00e4r i sjukhusets salar men som \u00e4nd\u00e5 inte borde beh\u00f6vt vara d\u00e4r ens en enda sekund av sitt liv. \u00c5ret efter p\u00e5 de d\u00f6mdas avdelning. Mordbr\u00e4nnaren som \u00e4r som vilken m\u00e4nniska som helst.Som man kunde varit kamrat med n\u00e5gon annanstans. Men som rymmer och t\u00e4nder p\u00e5 f\u00f6r att ha ihj\u00e4l och d\u00f6da. Igen. Kommer tillbaks som om inget har h\u00e4nt. \u00c4r som vem som helst av oss.\u00a0 M\u00f6rdarna som ocks\u00e5 \u00e4r som du och jag. Knivl\u00e5dorna d\u00e4r knivarna var f\u00e4sta i kedjor i en l\u00e5st l\u00e5da. Den man l\u00e5ser upp med alla nycklarna. Alla dessa nycklar. Alla dessa l\u00e5sta d\u00f6rrar. Ja och sen. N\u00e4sta steg. De senildementa som passerat alla de andra v\u00e5rdinr\u00e4ttningarna. H\u00e4r paket i v\u00e4ntan p\u00e5 att d\u00f6. Bara d\u00f6den finns som befriare. B\u00f6nerna p\u00e5 v\u00e4g hem efter nattjobb. &#8220;\u00c5 gode gud l\u00e5t mig d\u00f6 ung f\u00f6r att slippa bli som dom&#8221;.<\/p>\n<p>Nej det fanns inga m\u00e4nniskor som gn\u00e4ggande galopperande genom korridorerna. Inte de som trodde de var Jesus eller Napoleon heller. Bara folk som du och jag. Ja till och med de som hade m\u00f6rdat och d\u00e4rf\u00f6r blivit inl\u00e5sta med tv\u00e5ng. Ja till och med dom var som vilka m\u00e4nniskor som helt. S\u00e5klart. D\u00e4rf\u00f6r att det \u00e4r s\u00e5. Det finns ingen skillnad mellan oss. Den skillnad vi inbillar oss finns. Det \u00e4r bara livet. Som trasslar till och kommer emellan.<\/p>\n<p>N\u00e4r vi fick egna barn s\u00f6kte jag efter farfar. Nestor. Ja man blir ofta intresserad av sitt ursprung n\u00e4r man f\u00e5r egna barn. Farfar pratades det inte om i sl\u00e4kten. S\u00e5 jag blev s\u00e5klart mest intresserad av att f\u00e5 veta mer om honom. Jag fann en man som levt sitt liv p\u00e5 psykiatriskt sjukhus. Jag h\u00e4mtade ut journalerna. Fann hans v\u00e5nda. Men fick en farfar. En schizofren (denna slentriandiagnos) farfar \u00e4r ocks\u00e5 en farfar. Ja man sk\u00e4mdes s\u00e5klart \u00f6ver honom i sl\u00e4kten. G\u00f6mde hans minne djupt inom sig.\u00a0 Det var n\u00e5got fult det d\u00e4r. Jag plockade upp det till ytan. Det h\u00e4nde n\u00e5got. Jag s\u00e5g lugnet i min farsas \u00f6gon. Han fick en farsa ocks\u00e5 i och med det d\u00e4r. Min faster som \u00e4ntligen kunde prata om det \u00f6ppet.<\/p>\n<p>Jag har l\u00e4st farfars livs\u00f6de. Som det ser ut i sjukhusjournaler. Lagt till annat sj\u00e4lv. Fantasin \u00e4r \u00e4nd\u00e5 min bror. S\u00f6kt de platser d\u00e4r han och farmor fans. Jo han f\u00f6ddes i Lo(o)s. H\u00e4ssjaberg. Bara kilometer fr\u00e5n min farsas stuga. En slump!? Ingen i sl\u00e4kten visste att han kom h\u00e4rifr\u00e5n.\u00c4nd\u00e5 \u00e5terv\u00e4nde vi alla. Men jag tror att cirklar sluts. Att de m\u00e5ste g\u00f6ra det. Att de vill det. Jag tror att farfar inte ville bli bonde. Han trivdes i Stockholm dit han flyttade som ung. Men att han tvingades bli bonde igen f\u00f6r att kunna f\u00f6rs\u00f6rja sig n\u00e4r det var sv\u00e5ra tider. Det han minst av allt ville. Att det var d\u00e4rf\u00f6r han blev sjuk.D\u00e4rf\u00f6r han stack iv\u00e4g fr\u00e5n alltihop, iv\u00e4g fr\u00e5n farmor, iv\u00e4g fr\u00e5n sin nyf\u00f6dde son, han som sen blev min \u00e4lskade far, den d\u00e4r h\u00f6sten nittonhundratjugotv\u00e5. Jag kan bara ana sm\u00e4rtan. En enorma sm\u00e4rta som utl\u00f6ste det d\u00e4r. Som f\u00f6ljde honom genom resten av hans liv.<\/p>\n<p>Ja jag tror p\u00e5 de d\u00e4r sm\u00e5 tuvorna som v\u00e4lter de stora lassen. Det beh\u00f6vs inte s\u00e5 mycket f\u00f6r att f\u00f6r\u00e4ndra liv. Vi \u00e4r alla lika i det d\u00e4r. Bara m\u00e4nniskor. Sm\u00e5 stackars m\u00e4nniskor som f\u00f6rs\u00f6ker leva s\u00e5 gott vi kan. F\u00f6r det skall vi alla respekteras.<\/p>\n<p><a href=\"https:\/\/open.spotify.com\/track\/2BtHaTe7enM2V9ye3dRQFA\">Farfars l\u00e5t<\/a><\/p>\n","protected":false},"excerpt":{"rendered":"<p>Jag l\u00e4ser J.&#8217;s bipol\u00e4ra blogg. Ja den heter inte s\u00e5 men jag t\u00e4nker p\u00e5 den s\u00e5. Han har ordet och f\u00f6rm\u00e5gan att f\u00e5nga och f\u00f6rklara. Precis som en av mina elever i djup depression f\u00f6rklarade en g\u00e5ng f\u00f6r sin mentor. Har man aldrig varit d\u00e4r s\u00e5 beh\u00f6ver man f\u00e5 l\u00e4sa om det och i alla [&hellip;]<\/p>\n","protected":false},"author":24,"featured_media":0,"comment_status":"open","ping_status":"open","sticky":false,"template":"","format":"standard","meta":{"_crdt_document":"","jetpack_post_was_ever_published":false,"_jetpack_newsletter_access":"","_jetpack_dont_email_post_to_subs":false,"_jetpack_newsletter_tier_id":0,"_jetpack_memberships_contains_paywalled_content":false,"_jetpack_memberships_contains_paid_content":false,"footnotes":"","jetpack_publicize_message":"","jetpack_publicize_feature_enabled":true,"jetpack_social_post_already_shared":true,"jetpack_social_options":{"image_generator_settings":{"template":"highway","default_image_id":0,"font":"","enabled":false},"version":2}},"categories":[24],"tags":[],"class_list":["post-17909","post","type-post","status-publish","format-standard","hentry","category-betraktelser"],"jetpack_publicize_connections":[],"jetpack_featured_media_url":"","jetpack_sharing_enabled":true,"jetpack_likes_enabled":true,"jetpack-related-posts":[{"id":48272,"url":"https:\/\/www.akehedman.se\/wordpress\/?p=48272","url_meta":{"origin":17909,"position":0},"title":"Depression","author":"\u00c5ke Hedman","date":"2024-08-21","format":false,"excerpt":"Jag var l\u00e4rare. Nej inte en riktig s\u00e5dan d\u00e4r med l\u00e4rarutbildning och legitimation. Nej bara en s\u00e5dan d\u00e4r annan. Som f\u00e5r finnas i brist p\u00e5 b\u00e4ttre. Men jag trivdes med det d\u00e4r jobbet. Riktigt bra faktiskt. Att jobba p\u00e5 en gymnasieskola och f\u00e5 f\u00f6lja ungdomar f\u00f6rvandlas fr\u00e5n barn till vuxna\u2026","rel":"","context":"In &quot;Swedish&quot;","block_context":{"text":"Swedish","link":"https:\/\/www.akehedman.se\/wordpress\/?cat=2"},"img":{"alt_text":"","src":"https:\/\/i0.wp.com\/www.akehedman.se\/wordpress\/wp-content\/uploads\/2024\/08\/depression.png?resize=350%2C200&ssl=1","width":350,"height":200,"srcset":"https:\/\/i0.wp.com\/www.akehedman.se\/wordpress\/wp-content\/uploads\/2024\/08\/depression.png?resize=350%2C200&ssl=1 1x, https:\/\/i0.wp.com\/www.akehedman.se\/wordpress\/wp-content\/uploads\/2024\/08\/depression.png?resize=525%2C300&ssl=1 1.5x, https:\/\/i0.wp.com\/www.akehedman.se\/wordpress\/wp-content\/uploads\/2024\/08\/depression.png?resize=700%2C400&ssl=1 2x, https:\/\/i0.wp.com\/www.akehedman.se\/wordpress\/wp-content\/uploads\/2024\/08\/depression.png?resize=1050%2C600&ssl=1 3x, https:\/\/i0.wp.com\/www.akehedman.se\/wordpress\/wp-content\/uploads\/2024\/08\/depression.png?resize=1400%2C800&ssl=1 4x"},"classes":[]},{"id":38130,"url":"https:\/\/www.akehedman.se\/wordpress\/?p=38130","url_meta":{"origin":17909,"position":1},"title":"En dag","author":"\u00c5ke Hedman","date":"2021-03-15","format":false,"excerpt":"Ingen riktig fart idag. \u00c4r h\u00e4ngig och tr\u00f6tt. L\u00f6jligt s\u00e5klart. Jag har ingen anledning att vara h\u00e4ngig och tr\u00f6tt. Men s\u00e5 k\u00e4nns det nu d\u00e5 s\u00e5 \u00e4nd\u00e5 och det p\u00e5verkar inspirationen och koncentrationen. Nej, inte positivt. Inte alls. F\u00f6rs\u00f6ker s\u00e5klart med Alvedon. Hj\u00e4lper inte. Brukar kunna vara det som tippar\u2026","rel":"","context":"In &quot;Betraktelser &amp; Ber\u00e4ttelse&quot;","block_context":{"text":"Betraktelser &amp; Ber\u00e4ttelse","link":"https:\/\/www.akehedman.se\/wordpress\/?cat=24"},"img":{"alt_text":"","src":"https:\/\/i0.wp.com\/www.akehedman.se\/wordpress\/wp-content\/uploads\/2021\/03\/Screenshot-from-2021-03-12-15-01-06.png?resize=350%2C200&ssl=1","width":350,"height":200,"srcset":"https:\/\/i0.wp.com\/www.akehedman.se\/wordpress\/wp-content\/uploads\/2021\/03\/Screenshot-from-2021-03-12-15-01-06.png?resize=350%2C200&ssl=1 1x, https:\/\/i0.wp.com\/www.akehedman.se\/wordpress\/wp-content\/uploads\/2021\/03\/Screenshot-from-2021-03-12-15-01-06.png?resize=525%2C300&ssl=1 1.5x"},"classes":[]},{"id":17130,"url":"https:\/\/www.akehedman.se\/wordpress\/?p=17130","url_meta":{"origin":17909,"position":2},"title":"Ge upp idag eller imorgon!?","author":"\u00c5ke Hedman","date":"2015-03-19","format":false,"excerpt":"Elton ringer precis innan jag skall g\u00e5 och l\u00e4gga mig. Vill komma upp och vinterfiska. \"Dra \u00e5t helvete s\u00e4ger jag\". \"H\u00e4r vinterfiskas ingenting!\"\u00a0 \"\u00c5k till Kiruna din fiskm\u00f6rdare\". Ja och det g\u00f6r han kanske meddelar han lite buttert d\u00e4rifr\u00e5n London. Dessutom har jag inte tid med numera ganska v\u00e4ltr\u00e4nade pianoklinkare\u2026","rel":"","context":"In &quot;Betraktelser &amp; Ber\u00e4ttelse&quot;","block_context":{"text":"Betraktelser &amp; Ber\u00e4ttelse","link":"https:\/\/www.akehedman.se\/wordpress\/?cat=24"},"img":{"alt_text":"G\u00e4dda1","src":"https:\/\/i0.wp.com\/www.eurosource.se\/akhe\/wordpress\/wp-content\/uploads\/2015\/03\/G%C3%A4dda1.png?resize=350%2C200","width":350,"height":200,"srcset":"https:\/\/i0.wp.com\/www.eurosource.se\/akhe\/wordpress\/wp-content\/uploads\/2015\/03\/G%C3%A4dda1.png?resize=350%2C200 1x, https:\/\/i0.wp.com\/www.eurosource.se\/akhe\/wordpress\/wp-content\/uploads\/2015\/03\/G%C3%A4dda1.png?resize=525%2C300 1.5x, https:\/\/i0.wp.com\/www.eurosource.se\/akhe\/wordpress\/wp-content\/uploads\/2015\/03\/G%C3%A4dda1.png?resize=700%2C400 2x"},"classes":[]},{"id":36817,"url":"https:\/\/www.akehedman.se\/wordpress\/?p=36817","url_meta":{"origin":17909,"position":3},"title":"Om en backe (och om livet)","author":"\u00c5ke Hedman","date":"2020-11-17","format":false,"excerpt":"Man kan l\u00e4ra sig mycket om livet av en backe. Ni vet den d\u00e4r branta. Den som man n\u00e4stan inte tar sig upp f\u00f6r utan att vila p\u00e5 mitten av den. Men den som man till slut besegrar om man forts\u00e4tter att springa eller g\u00e5 upp f\u00f6r den dag efter\u2026","rel":"","context":"In &quot;Betraktelser &amp; Ber\u00e4ttelse&quot;","block_context":{"text":"Betraktelser &amp; Ber\u00e4ttelse","link":"https:\/\/www.akehedman.se\/wordpress\/?cat=24"},"img":{"alt_text":"","src":"https:\/\/i0.wp.com\/www.akehedman.se\/wordpress\/wp-content\/uploads\/2020\/11\/IMG_20201111_094031-scaled.jpg?resize=350%2C200&ssl=1","width":350,"height":200,"srcset":"https:\/\/i0.wp.com\/www.akehedman.se\/wordpress\/wp-content\/uploads\/2020\/11\/IMG_20201111_094031-scaled.jpg?resize=350%2C200&ssl=1 1x, https:\/\/i0.wp.com\/www.akehedman.se\/wordpress\/wp-content\/uploads\/2020\/11\/IMG_20201111_094031-scaled.jpg?resize=525%2C300&ssl=1 1.5x, https:\/\/i0.wp.com\/www.akehedman.se\/wordpress\/wp-content\/uploads\/2020\/11\/IMG_20201111_094031-scaled.jpg?resize=700%2C400&ssl=1 2x, https:\/\/i0.wp.com\/www.akehedman.se\/wordpress\/wp-content\/uploads\/2020\/11\/IMG_20201111_094031-scaled.jpg?resize=1050%2C600&ssl=1 3x, https:\/\/i0.wp.com\/www.akehedman.se\/wordpress\/wp-content\/uploads\/2020\/11\/IMG_20201111_094031-scaled.jpg?resize=1400%2C800&ssl=1 4x"},"classes":[]},{"id":23201,"url":"https:\/\/www.akehedman.se\/wordpress\/?p=23201","url_meta":{"origin":17909,"position":4},"title":"Sant","author":"\u00c5ke Hedman","date":"2017-02-03","format":false,"excerpt":"Ingenting \u00e4r riktigt sant f\u00f6rr\u00e4n det st\u00e5r i Post och inrikestidningar. Ja och d\u00e4r st\u00e5r det ju idag. Sant allts\u00e5. Nu har jag fem \u00e5rs kodande i lugn och ro framf\u00f6r mig. Ja och saker och ting \u00e4r s\u00e5klart b\u00e4ttre nu \u00e4n de plus sexton \u00e5r jag knackat p\u00e5 samma\u2026","rel":"","context":"In &quot;Betraktelser &amp; Ber\u00e4ttelse&quot;","block_context":{"text":"Betraktelser &amp; Ber\u00e4ttelse","link":"https:\/\/www.akehedman.se\/wordpress\/?cat=24"},"img":{"alt_text":"","src":"https:\/\/i0.wp.com\/www.akehedman.se\/wordpress\/wp-content\/uploads\/2017\/02\/Screenshot-from-2017-02-03-081300_mod-1024x515.png?resize=350%2C200","width":350,"height":200,"srcset":"https:\/\/i0.wp.com\/www.akehedman.se\/wordpress\/wp-content\/uploads\/2017\/02\/Screenshot-from-2017-02-03-081300_mod-1024x515.png?resize=350%2C200 1x, https:\/\/i0.wp.com\/www.akehedman.se\/wordpress\/wp-content\/uploads\/2017\/02\/Screenshot-from-2017-02-03-081300_mod-1024x515.png?resize=525%2C300 1.5x"},"classes":[]},{"id":37137,"url":"https:\/\/www.akehedman.se\/wordpress\/?p=37137","url_meta":{"origin":17909,"position":5},"title":"Sn\u00f6 och Facebook retorik","author":"\u00c5ke Hedman","date":"2020-12-12","format":false,"excerpt":"Att skotta fram den gamla r\u00f6da bilen efter ett sn\u00f6v\u00e4der \u00e4r gott. Man kan l\u00e5ta hj\u00e4rnan snurra p\u00e5 tomg\u00e5ng och g\u00e5 d\u00e4r och skotta det vita, f\u00f6r dagen lite klibbiga och tunga. Ute \u00e4r underskattat. Man borde l\u00e4ra sig det en s\u00e5dan h\u00e4r dag om man \u00e4r programmerare. Jo man\u2026","rel":"","context":"In &quot;Betraktelser &amp; Ber\u00e4ttelse&quot;","block_context":{"text":"Betraktelser &amp; Ber\u00e4ttelse","link":"https:\/\/www.akehedman.se\/wordpress\/?cat=24"},"img":{"alt_text":"","src":"https:\/\/i0.wp.com\/www.akehedman.se\/wordpress\/wp-content\/uploads\/2020\/12\/IMG_20201212_125451-scaled.jpg?resize=350%2C200&ssl=1","width":350,"height":200,"srcset":"https:\/\/i0.wp.com\/www.akehedman.se\/wordpress\/wp-content\/uploads\/2020\/12\/IMG_20201212_125451-scaled.jpg?resize=350%2C200&ssl=1 1x, https:\/\/i0.wp.com\/www.akehedman.se\/wordpress\/wp-content\/uploads\/2020\/12\/IMG_20201212_125451-scaled.jpg?resize=525%2C300&ssl=1 1.5x, https:\/\/i0.wp.com\/www.akehedman.se\/wordpress\/wp-content\/uploads\/2020\/12\/IMG_20201212_125451-scaled.jpg?resize=700%2C400&ssl=1 2x, https:\/\/i0.wp.com\/www.akehedman.se\/wordpress\/wp-content\/uploads\/2020\/12\/IMG_20201212_125451-scaled.jpg?resize=1050%2C600&ssl=1 3x, https:\/\/i0.wp.com\/www.akehedman.se\/wordpress\/wp-content\/uploads\/2020\/12\/IMG_20201212_125451-scaled.jpg?resize=1400%2C800&ssl=1 4x"},"classes":[]}],"jetpack_shortlink":"https:\/\/wp.me\/p68PL2-4ER","_links":{"self":[{"href":"https:\/\/www.akehedman.se\/wordpress\/index.php?rest_route=\/wp\/v2\/posts\/17909","targetHints":{"allow":["GET"]}}],"collection":[{"href":"https:\/\/www.akehedman.se\/wordpress\/index.php?rest_route=\/wp\/v2\/posts"}],"about":[{"href":"https:\/\/www.akehedman.se\/wordpress\/index.php?rest_route=\/wp\/v2\/types\/post"}],"author":[{"embeddable":true,"href":"https:\/\/www.akehedman.se\/wordpress\/index.php?rest_route=\/wp\/v2\/users\/24"}],"replies":[{"embeddable":true,"href":"https:\/\/www.akehedman.se\/wordpress\/index.php?rest_route=%2Fwp%2Fv2%2Fcomments&post=17909"}],"version-history":[{"count":4,"href":"https:\/\/www.akehedman.se\/wordpress\/index.php?rest_route=\/wp\/v2\/posts\/17909\/revisions"}],"predecessor-version":[{"id":17914,"href":"https:\/\/www.akehedman.se\/wordpress\/index.php?rest_route=\/wp\/v2\/posts\/17909\/revisions\/17914"}],"wp:attachment":[{"href":"https:\/\/www.akehedman.se\/wordpress\/index.php?rest_route=%2Fwp%2Fv2%2Fmedia&parent=17909"}],"wp:term":[{"taxonomy":"category","embeddable":true,"href":"https:\/\/www.akehedman.se\/wordpress\/index.php?rest_route=%2Fwp%2Fv2%2Fcategories&post=17909"},{"taxonomy":"post_tag","embeddable":true,"href":"https:\/\/www.akehedman.se\/wordpress\/index.php?rest_route=%2Fwp%2Fv2%2Ftags&post=17909"}],"curies":[{"name":"wp","href":"https:\/\/api.w.org\/{rel}","templated":true}]}}