{"id":17512,"date":"2015-04-13T13:47:55","date_gmt":"2015-04-13T12:47:55","guid":{"rendered":"http:\/\/www.eurosource.se\/akhe\/wordpress\/?p=17512"},"modified":"2015-04-13T13:47:55","modified_gmt":"2015-04-13T12:47:55","slug":"kinesisk-familj-mitt-i-konflikt-med-staden-nyheter-aftonbladet","status":"publish","type":"post","link":"https:\/\/www.akehedman.se\/wordpress\/?p=17512","title":{"rendered":"Kinesisk familj mitt i konflikt med staden | Nyheter | Aftonbladet"},"content":{"rendered":"<p style=\"text-align: center;\"><a href=\"http:\/\/www.aftonbladet.se\/nyheter\/article20615293.ab\"><img data-recalc-dims=\"1\" src=\"https:\/\/i0.wp.com\/www.eurosource.se\/akhe\/wordpress\/wp-content\/uploads\/2015\/04\/kinahuset.jpg?w=580\" alt='' \/><\/a><\/p>\n<p><a href=\"http:\/\/www.aftonbladet.se\/nyheter\/article20615293.ab\">Kinesisk familj mitt i konflikt med staden | Nyheter | Aftonbladet<\/a>.<\/p>\n","protected":false},"excerpt":{"rendered":"<p>Kinesisk familj mitt i konflikt med staden | Nyheter | Aftonbladet.<\/p>\n","protected":false},"author":24,"featured_media":0,"comment_status":"open","ping_status":"open","sticky":false,"template":"","format":"standard","meta":{"_crdt_document":"","jetpack_post_was_ever_published":false,"_jetpack_newsletter_access":"","_jetpack_dont_email_post_to_subs":false,"_jetpack_newsletter_tier_id":0,"_jetpack_memberships_contains_paywalled_content":false,"_jetpack_memberships_contains_paid_content":false,"footnotes":"","jetpack_publicize_message":"","jetpack_publicize_feature_enabled":true,"jetpack_social_post_already_shared":true,"jetpack_social_options":{"image_generator_settings":{"template":"highway","default_image_id":0,"font":"","enabled":false},"version":2}},"categories":[2],"tags":[],"class_list":["post-17512","post","type-post","status-publish","format-standard","hentry","category-swedish"],"jetpack_publicize_connections":[],"jetpack_featured_media_url":"","jetpack_sharing_enabled":true,"jetpack_likes_enabled":true,"jetpack-related-posts":[{"id":50522,"url":"https:\/\/www.akehedman.se\/wordpress\/?p=50522","url_meta":{"origin":17512,"position":0},"title":"Vita husets kritik mot Nobelkommitt\u00e9n: &#8220;s\u00e4tter politik framf\u00f6r fred\u201d &#8211; Senaste nytt \u2013 snabba nyheter fr\u00e5n Aftonbladet","author":"\u00c5ke Hedman","date":"2025-10-10","format":false,"excerpt":"L\u00e5ter inte detta som om det var en Kinesisk ledare som hyllades? \u201dPresident Trump kommer att forts\u00e4tta sluta fredsavtal, avsluta krig och r\u00e4dda liv. Han har ett humanit\u00e4rt hj\u00e4rta, och det kommer aldrig att finnas n\u00e5gon som honom, som kan flytta berg enbart med sin viljestyrka. Nobels kommitt\u00e9 har visat\u2026","rel":"","context":"In &quot;Swedish&quot;","block_context":{"text":"Swedish","link":"https:\/\/www.akehedman.se\/wordpress\/?cat=2"},"img":{"alt_text":"","src":"","width":0,"height":0},"classes":[]},{"id":15700,"url":"https:\/\/www.akehedman.se\/wordpress\/?p=15700","url_meta":{"origin":17512,"position":1},"title":"Fascister eller ej &#8211; SD m\u00e5ste bem\u00f6tas med siffror i st\u00e4llet f\u00f6r ord | Jan Guillou | Kolumnister | Nyheter | Aftonbladet","author":"\u00c5ke Hedman","date":"2014-12-14","format":false,"excerpt":"Kostnaderna i b\u00f6rjan motsvarar bara en br\u00e5kdel av Reinfeldts skattes\u00e4nkningar f\u00f6r de rika. via Fascister eller ej - SD m\u00e5ste bem\u00f6tas med siffror i st\u00e4llet f\u00f6r ord | Jan Guillou | Kolumnister | Nyheter | Aftonbladet.","rel":"","context":"In &quot;Swedish&quot;","block_context":{"text":"Swedish","link":"https:\/\/www.akehedman.se\/wordpress\/?cat=2"},"img":{"alt_text":"","src":"","width":0,"height":0},"classes":[]},{"id":16695,"url":"https:\/\/www.akehedman.se\/wordpress\/?p=16695","url_meta":{"origin":17512,"position":2},"title":"Damen med v\u00e4skan blev en symbol | Peter Kadhammar | Kolumnister | Nyheter | Aftonbladet","author":"\u00c5ke Hedman","date":"2015-02-24","format":false,"excerpt":"Damen med v\u00e4skan blev en symbol | Peter Kadhammar | Kolumnister | Nyheter | Aftonbladet.","rel":"","context":"In &quot;Swedish&quot;","block_context":{"text":"Swedish","link":"https:\/\/www.akehedman.se\/wordpress\/?cat=2"},"img":{"alt_text":"","src":"","width":0,"height":0},"classes":[]},{"id":2129,"url":"https:\/\/www.akehedman.se\/wordpress\/?p=2129","url_meta":{"origin":17512,"position":3},"title":"USA:s plan f\u00f6r att vinna Kalla kriget: Spr\u00e4nga m\u00e5nen | Nyheter | Aftonbladet","author":"\u00c5ke Hedman","date":"2012-11-27","format":false,"excerpt":"Med aftonbladet som k\u00e4lla s\u00e5 skall man v\u00e4l inte ta det h\u00e4r p\u00e5 s\u00e5 stort allvar men om nu n\u00e5gon skulle t\u00e4nkt detta s\u00e5 undrar man ju, OCH OROAS, \u00f6ver hur resten funderar. USA:s plan f\u00f6r att vinna Kalla kriget: Spr\u00e4nga m\u00e5nen | Nyheter | Aftonbladet.","rel":"","context":"In &quot;Swedish&quot;","block_context":{"text":"Swedish","link":"https:\/\/www.akehedman.se\/wordpress\/?cat=2"},"img":{"alt_text":"","src":"","width":0,"height":0},"classes":[]},{"id":38649,"url":"https:\/\/www.akehedman.se\/wordpress\/?p=38649","url_meta":{"origin":17512,"position":4},"title":"Coronaviruset \u2013 f\u00f6lj senaste nyheterna om corona | Aftonbladet","author":"\u00c5ke Hedman","date":"2021-04-29","format":false,"excerpt":"Spridningen av b\u00e5de den brasilianska och den sydafrikanska virusmutationen har backat i takt med att den engelska mutationen har tagit \u00f6ver. Det s\u00e4ger statsepidemiolog Anders Tegnell till Dagens Nyheter. Source: Coronaviruset \u2013 f\u00f6lj senaste nyheterna om corona | Aftonbladet Lite som popmusik allts\u00e5.","rel":"","context":"In &quot;Swedish&quot;","block_context":{"text":"Swedish","link":"https:\/\/www.akehedman.se\/wordpress\/?cat=2"},"img":{"alt_text":"","src":"","width":0,"height":0},"classes":[]},{"id":36449,"url":"https:\/\/www.akehedman.se\/wordpress\/?p=36449","url_meta":{"origin":17512,"position":5},"title":"H\u00e4r hissar kyrkan prideflaggan mitt emot kommunhuset i H\u00f6rby | SVT Nyheter","author":"\u00c5ke Hedman","date":"2020-10-15","format":false,"excerpt":"Under onsdagen h\u00f6lls en demonstration utanf\u00f6r kommunhuset i H\u00f6rby mot beslutet att kommunen inte l\u00e4ngre kommer anv\u00e4nda regnb\u00e5gsflaggan. Samtidigt valde kyrkan mitt emot att hissa regnb\u00e5gsflaggan.\u2013 F\u00f6r oss i svensk kyrkan st\u00e5r den just f\u00f6r alla m\u00e4nniskors lika v\u00e4rden, s\u00e4ger kyrkoherden Olof Sandstr\u00f6m. Source: H\u00e4r hissar kyrkan prideflaggan mitt emot\u2026","rel":"","context":"In &quot;Swedish&quot;","block_context":{"text":"Swedish","link":"https:\/\/www.akehedman.se\/wordpress\/?cat=2"},"img":{"alt_text":"","src":"","width":0,"height":0},"classes":[]}],"jetpack_shortlink":"https:\/\/wp.me\/p68PL2-4ys","_links":{"self":[{"href":"https:\/\/www.akehedman.se\/wordpress\/index.php?rest_route=\/wp\/v2\/posts\/17512","targetHints":{"allow":["GET"]}}],"collection":[{"href":"https:\/\/www.akehedman.se\/wordpress\/index.php?rest_route=\/wp\/v2\/posts"}],"about":[{"href":"https:\/\/www.akehedman.se\/wordpress\/index.php?rest_route=\/wp\/v2\/types\/post"}],"author":[{"embeddable":true,"href":"https:\/\/www.akehedman.se\/wordpress\/index.php?rest_route=\/wp\/v2\/users\/24"}],"replies":[{"embeddable":true,"href":"https:\/\/www.akehedman.se\/wordpress\/index.php?rest_route=%2Fwp%2Fv2%2Fcomments&post=17512"}],"version-history":[{"count":1,"href":"https:\/\/www.akehedman.se\/wordpress\/index.php?rest_route=\/wp\/v2\/posts\/17512\/revisions"}],"predecessor-version":[{"id":17519,"href":"https:\/\/www.akehedman.se\/wordpress\/index.php?rest_route=\/wp\/v2\/posts\/17512\/revisions\/17519"}],"wp:attachment":[{"href":"https:\/\/www.akehedman.se\/wordpress\/index.php?rest_route=%2Fwp%2Fv2%2Fmedia&parent=17512"}],"wp:term":[{"taxonomy":"category","embeddable":true,"href":"https:\/\/www.akehedman.se\/wordpress\/index.php?rest_route=%2Fwp%2Fv2%2Fcategories&post=17512"},{"taxonomy":"post_tag","embeddable":true,"href":"https:\/\/www.akehedman.se\/wordpress\/index.php?rest_route=%2Fwp%2Fv2%2Ftags&post=17512"}],"curies":[{"name":"wp","href":"https:\/\/api.w.org\/{rel}","templated":true}]}}