{"id":17428,"date":"2015-04-10T08:33:08","date_gmt":"2015-04-10T07:33:08","guid":{"rendered":"http:\/\/www.eurosource.se\/akhe\/wordpress\/?p=17428"},"modified":"2015-04-10T08:57:49","modified_gmt":"2015-04-10T07:57:49","slug":"ibland-ber-jag-om-nad-med-knappta-hander","status":"publish","type":"post","link":"https:\/\/www.akehedman.se\/wordpress\/?p=17428","title":{"rendered":"Ibland ber jag om n\u00e5d med kn\u00e4ppta h\u00e4nder"},"content":{"rendered":"<p><a href=\"https:\/\/i0.wp.com\/www.eurosource.se\/akhe\/wordpress\/wp-content\/uploads\/2015\/04\/kn%C3%A4ppta-h%C3%A4nder.jpg\"><img data-recalc-dims=\"1\" loading=\"lazy\" decoding=\"async\" class=\"alignnone size-large wp-image-17429\" src=\"https:\/\/i0.wp.com\/www.eurosource.se\/akhe\/wordpress\/wp-content\/uploads\/2015\/04\/kn%C3%A4ppta-h%C3%A4nder-1024x668.jpg?resize=580%2C378\" alt=\"kn\u00e4ppta-h\u00e4nder\" width=\"580\" height=\"378\" \/><\/a><\/p>\n<p>Sn\u00f6slungan st\u00e5r d\u00e4r i garaget som ett r\u00f6tt monument \u00f6ver vintern som nu definitivt \u00e4r slut. Jovisst fan kan det komma mer sn\u00f6. F\u00f6rsta \u00e5ret vi bodde h\u00e4r sn\u00f6ade det till och med p\u00e5 midsommarafton och \u00e5tskilliga \u00e5r har majbrasorna f\u00e5tt skottas fram.\u00a0 Men \u00e4ven om den kommer den d\u00e4r sn\u00f6n s\u00e5 \u00e4r vintern slut. Det \u00e4r \u00f6ver. Tack gode han\/hon\/det\/gud och tomten f\u00f6r det. Varf\u00f6r vi inte r\u00e4ddade oss och stack h\u00e4rifr\u00e5n d\u00e5 p\u00e5 direkt den d\u00e4r midsommaren har jag aldrig riktigt fattat.<\/p>\n<p>Jag har f\u00f6ljt temperaturerna nere i Portugal under vintern och de gick aldrig ner under cirka tio grader. Ja varf\u00f6r befinner man sig h\u00e4r allts\u00e5? Som programmerare borde det g\u00e5 att sitta precis var som helst. Eller hur? En dator med n\u00e4tverkskoppling \u00e4r det enda som beh\u00f6vs i mitt jobb. Och ett huvud som vill fundera.<\/p>\n<p>Men det \u00e4r s\u00e5klart n\u00e5got speciellt med de h\u00e4r \u00e5rstidsv\u00e4xlingarna ocks\u00e5. Eller kanske \u00e4r det den d\u00e4r l\u00e4ngtan man g\u00e5r och b\u00e4r p\u00e5 under hela vintern. Ja jag vet att det finns folk som l\u00e4ngtar efter vinter ocks\u00e5. Men ni m\u00e5ste h\u00e5lla med om att dom \u00e4r det n\u00e5got fel p\u00e5. F\u00f6rlossningsskador eller bara vanf\u00f6rest\u00e4llningar. Sommar is the shit.<\/p>\n<p>Fredag. Jojo. Man f\u00e5r sova p\u00e5 gr\u00f6n IKEA soffa ikv\u00e4ll. Om man nu inte satsar p\u00e5 att k\u00f6ra ig\u00e5ng en ny s\u00e4song av The Killer. Den tredje. D\u00e5 somnar man s\u00e5klart inte. D\u00e5 vill man bara se ett till avsnitt och ett till avsnitt och ett till avsnitt&#8230; MEn m\u00e5la i helgen. S\u00e5 inget tvseriemaraton finnes det tid med.<\/p>\n<p>Jod\u00e5 det snurrar i kolan idag ocks\u00e5. Lite sv\u00e5rt att fokusera \u00f6gonen. Proppar in en syster Alvedon och hoppas den och m\u00f6jligen n\u00e5gon av hennes medsystrar kan ta mig igenom den h\u00e4r dan. H\u00f6garna av &#8220;att g\u00f6ra&#8221; minskar inte f\u00f6r att man har ett &#8220;yrsligt&#8221; huvud. Men lyssnar p signalerna fr\u00e5n kroppen ocks\u00e5 s\u00e5klart. Men lite v\u00e4rre f\u00e5r det allt bli f\u00f6r att jag skall st\u00e4lla in en dags programmerarshow. The show must go on och\u00a0 allt det d\u00e4r vet ni. Det l\u00e4rde jag mig tidigt.<\/p>\n<p>Men jag kan kn\u00e4ppa h\u00e4nderna ibland och blunda och be till han\/hon\/det\/gud att det skall lossna n\u00e5gon g\u00e5ng. Inte f\u00f6r min egen skull kanske. Jag klarar mig. Utan f\u00f6r de omkring mig. Ja och jag g\u00f6r det d\u00e4r fast jag har f\u00f6rbaskat sv\u00e5rt att t\u00e4nka mig en personlig han\/hon\/det\/gud och speciellt en som skulle bry sig om mig f\u00f6re en av trafficking inf\u00e5ngad flicka eller f\u00f6re behoven hos en man som sliter f\u00f6r uppeh\u00e4llet f\u00f6r sin familj p\u00e5 en snustorr \u00e5ker i Iran. Nej jag har ingen r\u00e4tt att \u00f6nska mig ett b\u00e4ttre liv. S\u00e5 jag borde v\u00e4l sluta med det d\u00e4r. Men ibland blir jag bara s\u00e5 j\u00e4vla o\u00e4ndligt\u00a0 tr\u00f6tt av att vara den ende som tror p\u00e5 det jag g\u00f6r. Det hj\u00e4lper inte att jag haft ett helt livs tr\u00e4ning p\u00e5 just det. Det \u00e4r d\u00e5 man f\u00e5r ta till han\/hon\/det\/gud eller en sten eller en tomte eller vad som helst. Precis som den d\u00f6ende cancersjuke griper tag i allt som g\u00e5r att gripa tag i n\u00e4r sm\u00e4rtorna och vanmakten \u00e4r som st\u00f6rst. Nej det \u00e4r inte l\u00e4tt alltid. Turligt nog kan man jobba sig bort fr\u00e5n de d\u00e4r tankarna. Dyka ner i uppgifter s\u00e5 att de inte kommer \u00e5t en. K s\u00e4ger alltid att jag t\u00e4nker f\u00f6r mycket. Hon har r\u00e4tt som vanligt s\u00e5klart.<\/p>\n<p>Ig\u00e5r var det sjuttiofem \u00e5r sedan Tyskarna intog Norge och Danmark.\u00a0 Danmark f\u00f6ll p\u00e5 fem timmar. Norge hade delar av landet (Narvik) som h\u00f6ll ut i tv\u00e5 m\u00e5nader med Engelsk hj\u00e4lp. N\u00e4r man pratar om att h\u00f6ja f\u00f6rsvarsanslagen h\u00e4r hemma s\u00e5 handlar det egentligen om att l\u00e4gga till en eller tv\u00e5 dagar och hundratals (tusentals?) liv till de d\u00e4r siffrorna. Kommer ryssen h\u00e5ller vi s\u00e5klart inte ut l\u00e4ngre \u00e4n vad Danmark och Norge gjorde. Borde inte f\u00f6rsvaret av sm\u00e5 l\u00e4nder som v\u00e5ra i s\u00e5 fall byta taktik. Kanske handlar det inte om flygplan och b\u00e5tar och bomber och stridsvagnar. Kanske handlar det om sabotage och underr\u00e4ttelse och moral. Skrota den d\u00e4r lekskolan. Bli f\u00f6rst i v\u00e4rlden med det. &#8220;Vi skiter i era krig och er upprustning&#8221;. S\u00e4g det i FN. &#8220;Vi \u00e4r b\u00e4ttre \u00e4n s\u00e5 och beh\u00f6ver de d\u00e4r pengarna till annat&#8221;.\u00a0 Ja det skulle man ocks\u00e5 kunna kn\u00e4ppa h\u00e4nderna och be f\u00f6r. Att n\u00e5gon b\u00f6rjade. Att det var vi.<\/p>\n<p>Men inboxen fylls med mail i en aldrig sinande str\u00f6m n\u00e4r jag sitter h\u00e4r. Jag har en release att f\u00e5 iv\u00e4g. Inneh\u00e5llet i min tekopp dracks nyss upp i en sista slurp. Jag har allts\u00e5 inte tid att sitta h\u00e4r och bara sitta. Eller ja sitta h\u00e4r kommer jag ju att forts\u00e4tta att g\u00f6ra. Det \u00e4r uppgifterna som skiljer. Jag m\u00e5ste uppb\u00e5da den d\u00e4r tron p\u00e5 det jag g\u00f6r igen och s\u00e4tta ig\u00e5ng. Att tro att ocks\u00e5 jag, precis som en liten tuva kan v\u00e4lta ett stort lass, kan f\u00f6r\u00e4ndra v\u00e4rlden. Ja man m\u00e5ste tror det. Tro att det man g\u00f6r betyder n\u00e5got. Har man kommit s\u00e5h\u00e4r l\u00e5ngt finns det v\u00e4l egentligen inga andra alternativ.<\/p>\n","protected":false},"excerpt":{"rendered":"<p>Sn\u00f6slungan st\u00e5r d\u00e4r i garaget som ett r\u00f6tt monument \u00f6ver vintern som nu definitivt \u00e4r slut. Jovisst fan kan det komma mer sn\u00f6. F\u00f6rsta \u00e5ret vi bodde h\u00e4r sn\u00f6ade det till och med p\u00e5 midsommarafton och \u00e5tskilliga \u00e5r har majbrasorna f\u00e5tt skottas fram.\u00a0 Men \u00e4ven om den kommer den d\u00e4r sn\u00f6n s\u00e5 \u00e4r vintern slut. [&hellip;]<\/p>\n","protected":false},"author":24,"featured_media":0,"comment_status":"open","ping_status":"open","sticky":false,"template":"","format":"standard","meta":{"_crdt_document":"","jetpack_post_was_ever_published":false,"_jetpack_newsletter_access":"","_jetpack_dont_email_post_to_subs":false,"_jetpack_newsletter_tier_id":0,"_jetpack_memberships_contains_paywalled_content":false,"_jetpack_memberships_contains_paid_content":false,"footnotes":"","jetpack_publicize_message":"","jetpack_publicize_feature_enabled":true,"jetpack_social_post_already_shared":true,"jetpack_social_options":{"image_generator_settings":{"template":"highway","default_image_id":0,"font":"","enabled":false},"version":2}},"categories":[24],"tags":[],"class_list":["post-17428","post","type-post","status-publish","format-standard","hentry","category-betraktelser"],"jetpack_publicize_connections":[],"jetpack_featured_media_url":"","jetpack_sharing_enabled":true,"jetpack_likes_enabled":true,"jetpack-related-posts":[{"id":27651,"url":"https:\/\/www.akehedman.se\/wordpress\/?p=27651","url_meta":{"origin":17428,"position":0},"title":"Stoltheten","author":"\u00c5ke Hedman","date":"2018-03-19","format":false,"excerpt":"Det sn\u00f6ar, ymnigt, prognoserna s\u00e4ger inget om det, verkligheten g\u00f6r som den vill, som en r\u00e5buse, en r\u00e5buse som tar f\u00f6r sig, g\u00f6r som hen vill. Japp verkligheten bryr sig inte om konventioner och lagar. Verkligheten \u00e4r en \"v\u00e5ldtagare\". En av v\u00e4rsta sorten. Man skall akta sig f\u00f6r verkligheten. Kolla\u2026","rel":"","context":"In &quot;Betraktelser &amp; Ber\u00e4ttelse&quot;","block_context":{"text":"Betraktelser &amp; Ber\u00e4ttelse","link":"https:\/\/www.akehedman.se\/wordpress\/?cat=24"},"img":{"alt_text":"","src":"https:\/\/i0.wp.com\/www.akehedman.se\/wordpress\/wp-content\/uploads\/2018\/03\/The-Quarrymen.jpg?resize=350%2C200","width":350,"height":200,"srcset":"https:\/\/i0.wp.com\/www.akehedman.se\/wordpress\/wp-content\/uploads\/2018\/03\/The-Quarrymen.jpg?resize=350%2C200 1x, https:\/\/i0.wp.com\/www.akehedman.se\/wordpress\/wp-content\/uploads\/2018\/03\/The-Quarrymen.jpg?resize=525%2C300 1.5x, https:\/\/i0.wp.com\/www.akehedman.se\/wordpress\/wp-content\/uploads\/2018\/03\/The-Quarrymen.jpg?resize=700%2C400 2x"},"classes":[]},{"id":37387,"url":"https:\/\/www.akehedman.se\/wordpress\/?p=37387","url_meta":{"origin":17428,"position":1},"title":"Ljus","author":"\u00c5ke Hedman","date":"2021-01-04","format":false,"excerpt":"Pelargonerna, ja tanterna allts\u00e5, och jag f\u00f6rs\u00f6ker suga i oss s\u00e5 mycket ljus som det g\u00e5r idag under de f\u00e5 soltimmarna utan att sj\u00e4lva ge oss ut i det arktiska. Det g\u00e5r s\u00e5d\u00e4r s\u00e5klart. Men om jag minns r\u00e4tt fr\u00e5n f\u00f6rra \u00e5ret s\u00e5 \u00e4r det en vecka kvar tills ljuset\u2026","rel":"","context":"In &quot;Betraktelser &amp; Ber\u00e4ttelse&quot;","block_context":{"text":"Betraktelser &amp; Ber\u00e4ttelse","link":"https:\/\/www.akehedman.se\/wordpress\/?cat=24"},"img":{"alt_text":"","src":"https:\/\/i0.wp.com\/www.akehedman.se\/wordpress\/wp-content\/uploads\/2021\/01\/IMG_20210104_101510.jpg?resize=350%2C200&ssl=1","width":350,"height":200},"classes":[]},{"id":43295,"url":"https:\/\/www.akehedman.se\/wordpress\/?p=43295","url_meta":{"origin":17428,"position":2},"title":"Sn\u00f6varning","author":"\u00c5ke Hedman","date":"2022-11-07","format":false,"excerpt":"Till och med Tyskl\u00f6nnen st\u00e5r d\u00e4r nu naken och blottad. Hen \u00e4r sen, men n\u00e4r det h\u00e4nder ryker bladen. Tiotusen och tiotusen. Det tydligaste tecknet p\u00e5 var i \u00e5rshjulet vi befinner oss som finns h\u00e4r p\u00e5 kullen. Fast Fl\u00e4dern har det inte lika l\u00e4tt med vettet. Hen \u00e4r som en\u2026","rel":"","context":"In &quot;Betraktelser &amp; Ber\u00e4ttelse&quot;","block_context":{"text":"Betraktelser &amp; Ber\u00e4ttelse","link":"https:\/\/www.akehedman.se\/wordpress\/?cat=24"},"img":{"alt_text":"","src":"https:\/\/i0.wp.com\/www.akehedman.se\/wordpress\/wp-content\/uploads\/2022\/11\/IMG_20221103_134540-scaled.jpg?resize=350%2C200&ssl=1","width":350,"height":200,"srcset":"https:\/\/i0.wp.com\/www.akehedman.se\/wordpress\/wp-content\/uploads\/2022\/11\/IMG_20221103_134540-scaled.jpg?resize=350%2C200&ssl=1 1x, https:\/\/i0.wp.com\/www.akehedman.se\/wordpress\/wp-content\/uploads\/2022\/11\/IMG_20221103_134540-scaled.jpg?resize=525%2C300&ssl=1 1.5x, https:\/\/i0.wp.com\/www.akehedman.se\/wordpress\/wp-content\/uploads\/2022\/11\/IMG_20221103_134540-scaled.jpg?resize=700%2C400&ssl=1 2x, https:\/\/i0.wp.com\/www.akehedman.se\/wordpress\/wp-content\/uploads\/2022\/11\/IMG_20221103_134540-scaled.jpg?resize=1050%2C600&ssl=1 3x, https:\/\/i0.wp.com\/www.akehedman.se\/wordpress\/wp-content\/uploads\/2022\/11\/IMG_20221103_134540-scaled.jpg?resize=1400%2C800&ssl=1 4x"},"classes":[]},{"id":36575,"url":"https:\/\/www.akehedman.se\/wordpress\/?p=36575","url_meta":{"origin":17428,"position":3},"title":"Period II","author":"\u00c5ke Hedman","date":"2020-10-28","format":false,"excerpt":"Photo by Jessica Lewis on Pexels.com B\u00f6rjar period tv\u00e5 av dag tjugo\u00e5tta i m\u00e5naden oktober. Det \u00e4r 369 dagar kvar till nytt liv. Ettusensjuhundranittiosju dagar avklarade. Antar att det \u00e4r s\u00e5d\u00e4r man r\u00e4knar i f\u00e4ngelser ocks\u00e5. Ja, s\u00e5 det fungerar v\u00e4l h\u00e4r ute i friheten ocks\u00e5. Varf\u00f6r inte? \"Frihet\" \u00e4r\u2026","rel":"","context":"In &quot;Betraktelser &amp; Ber\u00e4ttelse&quot;","block_context":{"text":"Betraktelser &amp; Ber\u00e4ttelse","link":"https:\/\/www.akehedman.se\/wordpress\/?cat=24"},"img":{"alt_text":"brown and black cut away acoustic guitar","src":"https:\/\/i0.wp.com\/www.akehedman.se\/wordpress\/wp-content\/uploads\/2020\/10\/pexels-photo-1010519.jpeg?resize=350%2C200&ssl=1","width":350,"height":200,"srcset":"https:\/\/i0.wp.com\/www.akehedman.se\/wordpress\/wp-content\/uploads\/2020\/10\/pexels-photo-1010519.jpeg?resize=350%2C200&ssl=1 1x, https:\/\/i0.wp.com\/www.akehedman.se\/wordpress\/wp-content\/uploads\/2020\/10\/pexels-photo-1010519.jpeg?resize=525%2C300&ssl=1 1.5x"},"classes":[]},{"id":6334,"url":"https:\/\/www.akehedman.se\/wordpress\/?p=6334","url_meta":{"origin":17428,"position":4},"title":"Citrontr\u00e4det","author":"\u00c5ke Hedman","date":"2013-04-01","format":false,"excerpt":"Citrontr\u00e4det blev den naturliga symbolen f\u00f6r \"handladagen\". On\u00f6digt, men varmt, levande och h\u00e4rligt. Det kommer att f\u00e5 en given plats i biblioteket under vintern och f\u00e5 st\u00e5 ute p\u00e5 ett varmt h\u00e4rligt soligt st\u00e4lle under sommaren. D\u00e4r p\u00e5 en plats d\u00e4r det kan st\u00e5 lite ensamt och njuta och se\u2026","rel":"","context":"In &quot;Betraktelser &amp; Ber\u00e4ttelse&quot;","block_context":{"text":"Betraktelser &amp; Ber\u00e4ttelse","link":"https:\/\/www.akehedman.se\/wordpress\/?cat=24"},"img":{"alt_text":"Citrontr\u00e4d 5823","src":"https:\/\/i0.wp.com\/www.eurosource.se\/akhe\/wordpress\/wp-content\/uploads\/2013\/04\/Citrontr%C3%A4d-5823-1024x749.jpg?resize=350%2C200","width":350,"height":200,"srcset":"https:\/\/i0.wp.com\/www.eurosource.se\/akhe\/wordpress\/wp-content\/uploads\/2013\/04\/Citrontr%C3%A4d-5823-1024x749.jpg?resize=350%2C200 1x, https:\/\/i0.wp.com\/www.eurosource.se\/akhe\/wordpress\/wp-content\/uploads\/2013\/04\/Citrontr%C3%A4d-5823-1024x749.jpg?resize=525%2C300 1.5x"},"classes":[]},{"id":23551,"url":"https:\/\/www.akehedman.se\/wordpress\/?p=23551","url_meta":{"origin":17428,"position":5},"title":"Varf\u00f6r h\u00e4r?","author":"\u00c5ke Hedman","date":"2017-03-06","format":false,"excerpt":"En l\u00e5ng helg. Utan m\u00e5nga knop gjorda. Om sanningen skall fram s\u00e5 blir det mest soffan. K i sin halva, jag i min. Lite film, banana-split p\u00e5 det, med kaffe,\u00a0 s\u00e5 kan man f\u00f6rdriva en helg \u00e4nd\u00e5. Jo det d\u00e4r tr\u00f6tta fr\u00e5n veckan lappar jag ihop s\u00e5 gott jag kan\u2026","rel":"","context":"In &quot;Betraktelser &amp; Ber\u00e4ttelse&quot;","block_context":{"text":"Betraktelser &amp; Ber\u00e4ttelse","link":"https:\/\/www.akehedman.se\/wordpress\/?cat=24"},"img":{"alt_text":"","src":"https:\/\/i0.wp.com\/www.akehedman.se\/wordpress\/wp-content\/uploads\/2017\/03\/20170306_085030_b.jpg?resize=350%2C200","width":350,"height":200,"srcset":"https:\/\/i0.wp.com\/www.akehedman.se\/wordpress\/wp-content\/uploads\/2017\/03\/20170306_085030_b.jpg?resize=350%2C200 1x, https:\/\/i0.wp.com\/www.akehedman.se\/wordpress\/wp-content\/uploads\/2017\/03\/20170306_085030_b.jpg?resize=525%2C300 1.5x, https:\/\/i0.wp.com\/www.akehedman.se\/wordpress\/wp-content\/uploads\/2017\/03\/20170306_085030_b.jpg?resize=700%2C400 2x"},"classes":[]}],"jetpack_shortlink":"https:\/\/wp.me\/p68PL2-4x6","_links":{"self":[{"href":"https:\/\/www.akehedman.se\/wordpress\/index.php?rest_route=\/wp\/v2\/posts\/17428","targetHints":{"allow":["GET"]}}],"collection":[{"href":"https:\/\/www.akehedman.se\/wordpress\/index.php?rest_route=\/wp\/v2\/posts"}],"about":[{"href":"https:\/\/www.akehedman.se\/wordpress\/index.php?rest_route=\/wp\/v2\/types\/post"}],"author":[{"embeddable":true,"href":"https:\/\/www.akehedman.se\/wordpress\/index.php?rest_route=\/wp\/v2\/users\/24"}],"replies":[{"embeddable":true,"href":"https:\/\/www.akehedman.se\/wordpress\/index.php?rest_route=%2Fwp%2Fv2%2Fcomments&post=17428"}],"version-history":[{"count":2,"href":"https:\/\/www.akehedman.se\/wordpress\/index.php?rest_route=\/wp\/v2\/posts\/17428\/revisions"}],"predecessor-version":[{"id":17431,"href":"https:\/\/www.akehedman.se\/wordpress\/index.php?rest_route=\/wp\/v2\/posts\/17428\/revisions\/17431"}],"wp:attachment":[{"href":"https:\/\/www.akehedman.se\/wordpress\/index.php?rest_route=%2Fwp%2Fv2%2Fmedia&parent=17428"}],"wp:term":[{"taxonomy":"category","embeddable":true,"href":"https:\/\/www.akehedman.se\/wordpress\/index.php?rest_route=%2Fwp%2Fv2%2Fcategories&post=17428"},{"taxonomy":"post_tag","embeddable":true,"href":"https:\/\/www.akehedman.se\/wordpress\/index.php?rest_route=%2Fwp%2Fv2%2Ftags&post=17428"}],"curies":[{"name":"wp","href":"https:\/\/api.w.org\/{rel}","templated":true}]}}