{"id":17425,"date":"2015-04-09T21:25:47","date_gmt":"2015-04-09T20:25:47","guid":{"rendered":"http:\/\/www.eurosource.se\/akhe\/wordpress\/?p=17425"},"modified":"2015-04-09T21:25:47","modified_gmt":"2015-04-09T20:25:47","slug":"ibland-tar-krafterna-slut","status":"publish","type":"post","link":"https:\/\/www.akehedman.se\/wordpress\/?p=17425","title":{"rendered":"Ibland tar krafterna slut"},"content":{"rendered":"<p><a href=\"https:\/\/i0.wp.com\/www.eurosource.se\/akhe\/wordpress\/wp-content\/uploads\/2015\/04\/full.jpg\"><img data-recalc-dims=\"1\" loading=\"lazy\" decoding=\"async\" class=\"alignnone size-full wp-image-17426\" src=\"https:\/\/i0.wp.com\/www.eurosource.se\/akhe\/wordpress\/wp-content\/uploads\/2015\/04\/full.jpg?resize=425%2C319\" alt=\"full\" width=\"425\" height=\"319\" \/><\/a><\/p>\n<p>Ibland tar krafterna slut bara. Man orkar inte mer. S\u00e5 \u00e4r det f\u00f6r mig just nu. Inte vanligt. Klockan \u00e4r inte ens tio \u00e4nnu. Kv\u00e4llsskiftet p\u00e5g\u00e5r f\u00f6r fullt. Men jag f\u00e5r nog ge mig f\u00f6r dan. Hoppas p\u00e5 en morgondag och nya krafter. Det kan vara pollen. Jag brukar kunna bli s\u00e5h\u00e4r just i b\u00f6rjan p\u00e5 v\u00e5ren. Snurrig och urlakad. Olyckligt s\u00e5klart eftersom jag jobbar med en release och det \u00e4r hur mycket som helst att snickra p\u00e5 innan den g\u00e5r att baxa ut genom d\u00f6rren. Men man kan inte g\u00f6ra n\u00e5got \u00e5t s\u00e5dant d\u00e4r. Jo man kan l\u00e5ta bli att lyssna p\u00e5 en kropp som s\u00e4ger ifr\u00e5n p\u00e5 skarpen. Men d\u00e5 \u00e4r man bara en galning. Tigger om mer stryk. Dit har jag inte hunnit \u00e4nnu. Jag har f\u00f6r ofta balanserat p\u00e5 gr\u00e4nsen d\u00e4r f\u00f6r att inte ta in och f\u00f6rst\u00e5.<\/p>\n<p>Jag har ett par Converse <a href=\"http:\/\/www.tradera.com\/item\/342456\/230387659\/oanvanda-tva-ar-gamla-converse-orginal-storlek-11-44-5-45-\">ute p\u00e5 Tradera<\/a> f\u00f6rresten f\u00f6r n\u00e5gon som har behov av ett par. Ja jag k\u00f6pte dom som ett par gigg-skor som man kunde ha p\u00e5 scen och hoppa omkring i. Men de var f\u00f6r sm\u00e5 f\u00f6r mig. Har st\u00e5tt i skohyllan h\u00e4r hemma efter bara en snabb provning. S\u00e5 jag s\u00e4ljer dom. B\u00e4ttre \u00e4n att kasta. Skippar det d\u00e4r med scen ocks\u00e5. Det var ett annat liv. Hur kunde man k\u00e4nna l\u00e4ngtan tillbaks till det d\u00e4r.\u00a0 Kanske f\u00f6r att det var s\u00e5 j\u00e4vligt och hemskt och n\u00e4r an klev av helt underbart. N\u00e4r det var gjort. Eller n\u00e4r man fick gensvar.\u00a0 Ja jag k\u00e4nde faktiskt att jag ville tillbaks till det d\u00e4r f\u00f6r n\u00e5gra \u00e5r sedan. Bilda band igen och ge mig ut och spela. Men fattade inte hur man skulle kunna fr\u00e5ga en enda annan musiker om dom ville bilda band med mig och spela mina l\u00e5tar. Det l\u00e4t lite v\u00e4l sj\u00e4lvupplyftande. S\u00e5 det blev nedlagt. Innan det ens b\u00f6rjade. Ett avslutat kapitel i det h\u00e4r livet. I n\u00e4sta liv n\u00e4r jag \u00e4r fj\u00e4ril skall jag nynna n\u00e4r jag flyger omkring d\u00e4r p\u00e5 \u00e4ngen. Den f\u00e5r bli min scen d\u00e5. Ja jag har tid att v\u00e4nta p\u00e5 det. Alla \u00e4r v\u00e4lkommen som publik. Kanske kommer jag hem och flyger omkring i din tr\u00e4dg\u00e5rd ocks\u00e5. Appl\u00e5dera g\u00e4rna och busvissla om du ser mig.<\/p>\n<p>Sommar \u00e4r musik annars. Det l\u00e4ngtar jag till. UL i Borgholms slottsruin har jag gett mig fan p\u00e5 att det skall bli. S\u00e5 att det blir lite mer \u00e4n bara en konsert. Sen blir det v\u00e4l de vanliga sm\u00e5spelningarna. Gillar det mer \u00e4n de stora. Eller helst en blandning av b\u00e5da. De flesta konserter \u00e4r ganska trista \u00e4nd\u00e5. Men det finns ju guldtillf\u00e4llen. De man aldrig gl\u00f6mmer. Laleh i gasklockorna i G\u00e4vle p\u00e5 liten scen. En timme som bara f\u00f6rsvann. Uppslukad. Ja den b\u00e4sta konsert jag varit p\u00e5. Utan konkurrens. Just f\u00f6r det lilla och n\u00e4rvaron. Annars har det nog varit sm\u00e5 och ok\u00e4nda artister som tagit sig genom lagren av &#8220;det d\u00e4r har jag sett och h\u00f6rt f\u00f6rr&#8221;.<\/p>\n<p>S\u00e5 jag bjuder godnatt vid denna tidiga timme. Bra bok ligger d\u00e4r uppe och v\u00e4ntar s\u00e5 det g\u00e5r s\u00e5klart ingen n\u00f6d p\u00e5 mig alls. Syns vi s\u00e5 syns vi. H\u00f6rs vi s\u00e5 h\u00f6rs vi.\u00a0 I vilket fall som helst <strong>Be foolish, Stay hungry!<\/strong>\u00a0 Gl\u00f6m aldrig det.<\/p>\n<p>&nbsp;<\/p>\n","protected":false},"excerpt":{"rendered":"<p>Ibland tar krafterna slut bara. Man orkar inte mer. S\u00e5 \u00e4r det f\u00f6r mig just nu. Inte vanligt. Klockan \u00e4r inte ens tio \u00e4nnu. Kv\u00e4llsskiftet p\u00e5g\u00e5r f\u00f6r fullt. Men jag f\u00e5r nog ge mig f\u00f6r dan. Hoppas p\u00e5 en morgondag och nya krafter. Det kan vara pollen. Jag brukar kunna bli s\u00e5h\u00e4r just i b\u00f6rjan [&hellip;]<\/p>\n","protected":false},"author":24,"featured_media":0,"comment_status":"open","ping_status":"open","sticky":false,"template":"","format":"standard","meta":{"_crdt_document":"","jetpack_post_was_ever_published":false,"_jetpack_newsletter_access":"","_jetpack_dont_email_post_to_subs":false,"_jetpack_newsletter_tier_id":0,"_jetpack_memberships_contains_paywalled_content":false,"_jetpack_memberships_contains_paid_content":false,"footnotes":"","jetpack_publicize_message":"","jetpack_publicize_feature_enabled":true,"jetpack_social_post_already_shared":true,"jetpack_social_options":{"image_generator_settings":{"template":"highway","default_image_id":0,"font":"","enabled":false},"version":2}},"categories":[24],"tags":[],"class_list":["post-17425","post","type-post","status-publish","format-standard","hentry","category-betraktelser"],"jetpack_publicize_connections":[],"jetpack_featured_media_url":"","jetpack_sharing_enabled":true,"jetpack_likes_enabled":true,"jetpack-related-posts":[{"id":20337,"url":"https:\/\/www.akehedman.se\/wordpress\/?p=20337","url_meta":{"origin":17425,"position":0},"title":"Regn","author":"\u00c5ke Hedman","date":"2016-05-09","format":false,"excerpt":"Det sommarregnar h\u00e4r utanf\u00f6r. Ett riktigt s\u00e5d\u00e4r sk\u00f6nt h\u00e4rligt sommarregn.\u00a0 Jag ger mig ut och tar in dynorna och h\u00e4mtar posten. Tar det som urs\u00e4kt.\u00a0 Det \u00e4r dey n\u00e4rmaste man kommer att jublande rusa ut naken i regnet n\u00e4r man \u00e4r i min \u00e5lder. Senare kan just det d\u00e4r eventuellt\u2026","rel":"","context":"In &quot;Betraktelser &amp; Ber\u00e4ttelse&quot;","block_context":{"text":"Betraktelser &amp; Ber\u00e4ttelse","link":"https:\/\/www.akehedman.se\/wordpress\/?cat=24"},"img":{"alt_text":"regn_56","src":"https:\/\/i0.wp.com\/www.akehedman.se\/wordpress\/wp-content\/uploads\/2016\/05\/regn_56.jpg?resize=350%2C200","width":350,"height":200,"srcset":"https:\/\/i0.wp.com\/www.akehedman.se\/wordpress\/wp-content\/uploads\/2016\/05\/regn_56.jpg?resize=350%2C200 1x, https:\/\/i0.wp.com\/www.akehedman.se\/wordpress\/wp-content\/uploads\/2016\/05\/regn_56.jpg?resize=525%2C300 1.5x"},"classes":[]},{"id":14796,"url":"https:\/\/www.akehedman.se\/wordpress\/?p=14796","url_meta":{"origin":17425,"position":1},"title":"Konsten att flytta berg","author":"\u00c5ke Hedman","date":"2014-09-10","format":false,"excerpt":"N\u00e4r klockan ringer vid sju \u00e4r jag s\u00e5 tr\u00f6tt s\u00e5 att jag inte m\u00e4ktar med att \u00f6ppna \u00f6gonen.V\u00e4nder mig p\u00e5 sida d\u00e4r i den knarrande s\u00e4ngen och vill bara somna om. F\u00f6rs\u00f6ker hitta reserver n\u00e5gonstans inom mig i allt det d\u00e4r. N\u00e5gonting som f\u00e5r mig att resa mig upp med\u2026","rel":"","context":"In &quot;Betraktelser &amp; Ber\u00e4ttelse&quot;","block_context":{"text":"Betraktelser &amp; Ber\u00e4ttelse","link":"https:\/\/www.akehedman.se\/wordpress\/?cat=24"},"img":{"alt_text":"db9ec8ac84f6dc90387e924205c63eb2","src":"https:\/\/i0.wp.com\/www.eurosource.se\/akhe\/wordpress\/wp-content\/uploads\/2014\/09\/db9ec8ac84f6dc90387e924205c63eb2.jpg?resize=350%2C200","width":350,"height":200,"srcset":"https:\/\/i0.wp.com\/www.eurosource.se\/akhe\/wordpress\/wp-content\/uploads\/2014\/09\/db9ec8ac84f6dc90387e924205c63eb2.jpg?resize=350%2C200 1x, https:\/\/i0.wp.com\/www.eurosource.se\/akhe\/wordpress\/wp-content\/uploads\/2014\/09\/db9ec8ac84f6dc90387e924205c63eb2.jpg?resize=525%2C300 1.5x, https:\/\/i0.wp.com\/www.eurosource.se\/akhe\/wordpress\/wp-content\/uploads\/2014\/09\/db9ec8ac84f6dc90387e924205c63eb2.jpg?resize=700%2C400 2x"},"classes":[]},{"id":18849,"url":"https:\/\/www.akehedman.se\/wordpress\/?p=18849","url_meta":{"origin":17425,"position":2},"title":"Misstr\u00f6stanstid","author":"\u00c5ke Hedman","date":"2015-10-21","format":false,"excerpt":"Ibland k\u00e4nns livet precis p\u00e5 samma s\u00e4tt som den h\u00e4r bilden s\u00e5 tydligt \u00e5sk\u00e5dligg\u00f6r. Man sliter, g\u00f6r sitt b\u00e4sta, men responsen \u00e4r alltid noll.\u00a0 Det \u00e4r tungt och man letar de d\u00e4r krafterna nere i t\u00e5rna som ibland g\u00e5r att hitta just d\u00e4r och ta till f\u00f6r att orka g\u00e5\u2026","rel":"","context":"In &quot;Betraktelser &amp; Ber\u00e4ttelse&quot;","block_context":{"text":"Betraktelser &amp; Ber\u00e4ttelse","link":"https:\/\/www.akehedman.se\/wordpress\/?cat=24"},"img":{"alt_text":"Clipboard01","src":"https:\/\/i0.wp.com\/www.akehedman.se\/wordpress\/wp-content\/uploads\/2015\/10\/Clipboard01.png?resize=350%2C200","width":350,"height":200},"classes":[]},{"id":17953,"url":"https:\/\/www.akehedman.se\/wordpress\/?p=17953","url_meta":{"origin":17425,"position":3},"title":"H\u00e4nryckt och klar","author":"\u00c5ke Hedman","date":"2015-05-24","format":false,"excerpt":"Helg. Jag sover f\u00f6r mycket. K sover n\u00e4stan lika mycket. Tr\u00f6tt. Fortfarande ont i huvudet. Men \u00f6verlevnadsbart. Men jobbar ocks\u00e5 s\u00e5klart. De d\u00e4r monotona g\u00e5r bra. Det fungerar b\u00e5de med tr\u00f6tthet i kroppen och med ont i huvudet. Det finns tillr\u00e4ckligt mycket monotont jobb kvar f\u00f6r att det skall r\u00e4cka\u2026","rel":"","context":"In &quot;Betraktelser &amp; Ber\u00e4ttelse&quot;","block_context":{"text":"Betraktelser &amp; Ber\u00e4ttelse","link":"https:\/\/www.akehedman.se\/wordpress\/?cat=24"},"img":{"alt_text":"examen","src":"https:\/\/i0.wp.com\/www.akehedman.se\/wordpress\/wp-content\/uploads\/2015\/05\/examen.png?resize=350%2C200","width":350,"height":200,"srcset":"https:\/\/i0.wp.com\/www.akehedman.se\/wordpress\/wp-content\/uploads\/2015\/05\/examen.png?resize=350%2C200 1x, https:\/\/i0.wp.com\/www.akehedman.se\/wordpress\/wp-content\/uploads\/2015\/05\/examen.png?resize=525%2C300 1.5x, https:\/\/i0.wp.com\/www.akehedman.se\/wordpress\/wp-content\/uploads\/2015\/05\/examen.png?resize=700%2C400 2x"},"classes":[]},{"id":21996,"url":"https:\/\/www.akehedman.se\/wordpress\/?p=21996","url_meta":{"origin":17425,"position":4},"title":"Slutet","author":"\u00c5ke Hedman","date":"2016-11-03","format":false,"excerpt":"Jag trodde aldrig jag skulle bli sextio. Men s\u00e5 blir man det. Men blir man nu sextio kan man i princip leva hur l\u00e4nge som helst. S\u00e5 t\u00e4nkte jag i alla fall innan femtio. Vi f\u00e5r se hur det blir. I den h\u00e4r \u00e5ldern g\u00e5r man inte s\u00e4ker. R\u00e4tt vad\u2026","rel":"","context":"In &quot;Betraktelser &amp; Ber\u00e4ttelse&quot;","block_context":{"text":"Betraktelser &amp; Ber\u00e4ttelse","link":"https:\/\/www.akehedman.se\/wordpress\/?cat=24"},"img":{"alt_text":"endoftheroad","src":"https:\/\/i0.wp.com\/www.akehedman.se\/wordpress\/wp-content\/uploads\/2015\/05\/endoftheroad-1024x957.png?resize=350%2C200","width":350,"height":200,"srcset":"https:\/\/i0.wp.com\/www.akehedman.se\/wordpress\/wp-content\/uploads\/2015\/05\/endoftheroad-1024x957.png?resize=350%2C200 1x, https:\/\/i0.wp.com\/www.akehedman.se\/wordpress\/wp-content\/uploads\/2015\/05\/endoftheroad-1024x957.png?resize=525%2C300 1.5x"},"classes":[]},{"id":23273,"url":"https:\/\/www.akehedman.se\/wordpress\/?p=23273","url_meta":{"origin":17425,"position":5},"title":"Sprickor","author":"\u00c5ke Hedman","date":"2017-02-08","format":false,"excerpt":"Jod\u00e5 jag sitter h\u00e4r. Knappar l\u00e5ngsamt. Inte snabbt som annars. Tecken f\u00f6r tecken med tvekan just nu. Inte ovanligt efter att n\u00e5got \u00e4r \"klart\". Jag \u00e4r en slow starter.\u00a0 Var bilen lika sv\u00e5rstartad som jag \u00e4r s\u00e5 skulle man alltid komma fram en halv dag senare \u00e4n man t\u00e4nkt. \u00c5\u2026","rel":"","context":"In &quot;Betraktelser &amp; Ber\u00e4ttelse&quot;","block_context":{"text":"Betraktelser &amp; Ber\u00e4ttelse","link":"https:\/\/www.akehedman.se\/wordpress\/?cat=24"},"img":{"alt_text":"","src":"https:\/\/i0.wp.com\/www.akehedman.se\/wordpress\/wp-content\/uploads\/2017\/02\/sprickor-p-torr-jord-53579842.jpg?resize=350%2C200","width":350,"height":200},"classes":[]}],"jetpack_shortlink":"https:\/\/wp.me\/p68PL2-4x3","_links":{"self":[{"href":"https:\/\/www.akehedman.se\/wordpress\/index.php?rest_route=\/wp\/v2\/posts\/17425","targetHints":{"allow":["GET"]}}],"collection":[{"href":"https:\/\/www.akehedman.se\/wordpress\/index.php?rest_route=\/wp\/v2\/posts"}],"about":[{"href":"https:\/\/www.akehedman.se\/wordpress\/index.php?rest_route=\/wp\/v2\/types\/post"}],"author":[{"embeddable":true,"href":"https:\/\/www.akehedman.se\/wordpress\/index.php?rest_route=\/wp\/v2\/users\/24"}],"replies":[{"embeddable":true,"href":"https:\/\/www.akehedman.se\/wordpress\/index.php?rest_route=%2Fwp%2Fv2%2Fcomments&post=17425"}],"version-history":[{"count":1,"href":"https:\/\/www.akehedman.se\/wordpress\/index.php?rest_route=\/wp\/v2\/posts\/17425\/revisions"}],"predecessor-version":[{"id":17427,"href":"https:\/\/www.akehedman.se\/wordpress\/index.php?rest_route=\/wp\/v2\/posts\/17425\/revisions\/17427"}],"wp:attachment":[{"href":"https:\/\/www.akehedman.se\/wordpress\/index.php?rest_route=%2Fwp%2Fv2%2Fmedia&parent=17425"}],"wp:term":[{"taxonomy":"category","embeddable":true,"href":"https:\/\/www.akehedman.se\/wordpress\/index.php?rest_route=%2Fwp%2Fv2%2Fcategories&post=17425"},{"taxonomy":"post_tag","embeddable":true,"href":"https:\/\/www.akehedman.se\/wordpress\/index.php?rest_route=%2Fwp%2Fv2%2Ftags&post=17425"}],"curies":[{"name":"wp","href":"https:\/\/api.w.org\/{rel}","templated":true}]}}