{"id":17416,"date":"2015-04-09T11:50:53","date_gmt":"2015-04-09T10:50:53","guid":{"rendered":"http:\/\/www.eurosource.se\/akhe\/wordpress\/?p=17416"},"modified":"2018-10-17T09:19:22","modified_gmt":"2018-10-17T08:19:22","slug":"sveriges-radios-mangariga-medarbetare-charlotta-cederlof-har-avlidit-p4-gavleborg-sveriges-radio","status":"publish","type":"post","link":"https:\/\/www.akehedman.se\/wordpress\/?p=17416","title":{"rendered":"Sveriges Radios m\u00e5ng\u00e5riga medarbetare Charlotta Cederl\u00f6f har avlidit &#8211; P4 G\u00e4vleborg | Sveriges Radio"},"content":{"rendered":"<p><img data-recalc-dims=\"1\" loading=\"lazy\" decoding=\"async\" class=\"alignnone size-full wp-image-30284\" src=\"https:\/\/i0.wp.com\/www.akehedman.se\/wordpress\/wp-content\/uploads\/2015\/04\/3493886_1200_675.jpg?resize=580%2C326\" alt=\"\" width=\"580\" height=\"326\" \/><\/p>\n<p><a href=\"http:\/\/sverigesradio.se\/sida\/artikel.aspx?programid=99&amp;artikel=6118859\">Sveriges Radios m\u00e5ng\u00e5riga medarbetare Charlotta Cederl\u00f6f har avlidit &#8211; P4 G\u00e4vleborg | Sveriges Radio<\/a>.<\/p>\n<p><strong>S\u00e5 sorgligt!<\/strong><\/p>\n","protected":false},"excerpt":{"rendered":"<p>Sveriges Radios m\u00e5ng\u00e5riga medarbetare Charlotta Cederl\u00f6f har avlidit &#8211; P4 G\u00e4vleborg | Sveriges Radio. S\u00e5 sorgligt!<\/p>\n","protected":false},"author":24,"featured_media":0,"comment_status":"open","ping_status":"open","sticky":false,"template":"","format":"standard","meta":{"_crdt_document":"","jetpack_post_was_ever_published":false,"_jetpack_newsletter_access":"","_jetpack_dont_email_post_to_subs":false,"_jetpack_newsletter_tier_id":0,"_jetpack_memberships_contains_paywalled_content":false,"_jetpack_memberships_contains_paid_content":false,"footnotes":"","jetpack_publicize_message":"","jetpack_publicize_feature_enabled":true,"jetpack_social_post_already_shared":true,"jetpack_social_options":{"image_generator_settings":{"template":"highway","default_image_id":0,"font":"","enabled":false},"version":2}},"categories":[24,2],"tags":[],"class_list":["post-17416","post","type-post","status-publish","format-standard","hentry","category-betraktelser","category-swedish"],"jetpack_publicize_connections":[],"jetpack_featured_media_url":"","jetpack_sharing_enabled":true,"jetpack_likes_enabled":true,"jetpack-related-posts":[{"id":47640,"url":"https:\/\/www.akehedman.se\/wordpress\/?p=47640","url_meta":{"origin":17416,"position":0},"title":"R\u00f6sta p\u00e5 din favorit i P4 N\u00e4sta \u2013 h\u00e4r \u00e4r G\u00e4vleborgs finalister &#8211; P4 G\u00e4vleborg | Sveriges Radio","author":"\u00c5ke Hedman","date":"2024-05-07","format":false,"excerpt":"Source: R\u00f6sta p\u00e5 din favorit i P4 N\u00e4sta \u2013 h\u00e4r \u00e4r G\u00e4vleborgs finalister - P4 G\u00e4vleborg | Sveriges Radio","rel":"","context":"In &quot;Musik&quot;","block_context":{"text":"Musik","link":"https:\/\/www.akehedman.se\/wordpress\/?cat=9"},"img":{"alt_text":"","src":"","width":0,"height":0},"classes":[]},{"id":28430,"url":"https:\/\/www.akehedman.se\/wordpress\/?p=28430","url_meta":{"origin":17416,"position":1},"title":"Fikru Maru har sl\u00e4ppts &#8211; P4 G\u00e4vleborg | Sveriges Radio","author":"\u00c5ke Hedman","date":"2018-05-15","format":false,"excerpt":"Goda nyheter! Source: Fikru Maru har sl\u00e4ppts - P4 G\u00e4vleborg | Sveriges Radio","rel":"","context":"In &quot;Swedish&quot;","block_context":{"text":"Swedish","link":"https:\/\/www.akehedman.se\/wordpress\/?cat=2"},"img":{"alt_text":"","src":"","width":0,"height":0},"classes":[]},{"id":28734,"url":"https:\/\/www.akehedman.se\/wordpress\/?p=28734","url_meta":{"origin":17416,"position":2},"title":"De har ingen mobilt\u00e4ckning och \u00e4r snart utan fast telefoni &#8211; P4 G\u00e4vleborg | Sveriges Radio","author":"\u00c5ke Hedman","date":"2018-05-31","format":false,"excerpt":"Visst \u00e4r v\u00e4l det skit! Speciellt n\u00e4r alla bara pratar 5G som v\u00e4rldens fr\u00e4lsare. Source: De har ingen mobilt\u00e4ckning och \u00e4r snart utan fast telefoni - P4 G\u00e4vleborg | Sveriges Radio","rel":"","context":"In &quot;Swedish&quot;","block_context":{"text":"Swedish","link":"https:\/\/www.akehedman.se\/wordpress\/?cat=2"},"img":{"alt_text":"","src":"","width":0,"height":0},"classes":[]},{"id":9136,"url":"https:\/\/www.akehedman.se\/wordpress\/?p=9136","url_meta":{"origin":17416,"position":3},"title":"De g\u00f6r Sveriges f\u00f6rsta r\u00f6kiga whiskey &#8211; Nyheter P4 G\u00e4vleborg | Sveriges Radio","author":"\u00c5ke Hedman","date":"2013-09-02","format":false,"excerpt":"De g\u00f6r Sveriges f\u00f6rsta r\u00f6kiga whiskey - Nyheter P4 G\u00e4vleborg | Sveriges Radio.","rel":"","context":"In &quot;F\u00f6retagande&quot;","block_context":{"text":"F\u00f6retagande","link":"https:\/\/www.akehedman.se\/wordpress\/?cat=28"},"img":{"alt_text":"","src":"","width":0,"height":0},"classes":[]},{"id":27530,"url":"https:\/\/www.akehedman.se\/wordpress\/?p=27530","url_meta":{"origin":17416,"position":4},"title":"Domen mot Fikru Maru skjuts upp &#8211; P4 G\u00e4vleborg | Sveriges Radio","author":"\u00c5ke Hedman","date":"2018-03-12","format":false,"excerpt":"Allts\u00e5, det d\u00e4r landet!!! Domen\u00a0mot hj\u00e4rtl\u00e4karen Fikru Maru, fr\u00e5n Hudiksvall, som har suttit h\u00e4ktad i Etiopien i fyra \u00e5r och tio m\u00e5nader, \u00e4r skjuten p\u00e5 framtiden, erfar Ekot. Source: Domen mot Fikru Maru skjuts upp - P4 G\u00e4vleborg | Sveriges Radio","rel":"","context":"In &quot;Swedish&quot;","block_context":{"text":"Swedish","link":"https:\/\/www.akehedman.se\/wordpress\/?cat=2"},"img":{"alt_text":"","src":"","width":0,"height":0},"classes":[]},{"id":21872,"url":"https:\/\/www.akehedman.se\/wordpress\/?p=21872","url_meta":{"origin":17416,"position":5},"title":"Milit\u00e4rens ilska \u00f6ver svampplockare p\u00e5 skjutf\u00e4ltet: &#8220;Livsfarligt&#8221; &#8211; P4 G\u00e4vleborg | Sveriges Radio","author":"\u00c5ke Hedman","date":"2016-10-18","format":false,"excerpt":"Helt sj\u00e4lvklart. Folk m\u00e5ste f\u00e5 ha lite sp\u00e4nning i sina liv. Det m\u00e5ste milit\u00e4ren f\u00f6rst\u00e5. Folk har ju s\u00e5 j\u00e4vla tr\u00e5kigt med Facebook och d\u00e5lig TV och rubrikjournalistik... Source: Milit\u00e4rens ilska \u00f6ver svampplockare p\u00e5 skjutf\u00e4ltet: \"Livsfarligt\" - P4 G\u00e4vleborg | Sveriges Radio","rel":"","context":"In &quot;Swedish&quot;","block_context":{"text":"Swedish","link":"https:\/\/www.akehedman.se\/wordpress\/?cat=2"},"img":{"alt_text":"","src":"","width":0,"height":0},"classes":[]}],"jetpack_shortlink":"https:\/\/wp.me\/p68PL2-4wU","_links":{"self":[{"href":"https:\/\/www.akehedman.se\/wordpress\/index.php?rest_route=\/wp\/v2\/posts\/17416","targetHints":{"allow":["GET"]}}],"collection":[{"href":"https:\/\/www.akehedman.se\/wordpress\/index.php?rest_route=\/wp\/v2\/posts"}],"about":[{"href":"https:\/\/www.akehedman.se\/wordpress\/index.php?rest_route=\/wp\/v2\/types\/post"}],"author":[{"embeddable":true,"href":"https:\/\/www.akehedman.se\/wordpress\/index.php?rest_route=\/wp\/v2\/users\/24"}],"replies":[{"embeddable":true,"href":"https:\/\/www.akehedman.se\/wordpress\/index.php?rest_route=%2Fwp%2Fv2%2Fcomments&post=17416"}],"version-history":[{"count":4,"href":"https:\/\/www.akehedman.se\/wordpress\/index.php?rest_route=\/wp\/v2\/posts\/17416\/revisions"}],"predecessor-version":[{"id":30286,"href":"https:\/\/www.akehedman.se\/wordpress\/index.php?rest_route=\/wp\/v2\/posts\/17416\/revisions\/30286"}],"wp:attachment":[{"href":"https:\/\/www.akehedman.se\/wordpress\/index.php?rest_route=%2Fwp%2Fv2%2Fmedia&parent=17416"}],"wp:term":[{"taxonomy":"category","embeddable":true,"href":"https:\/\/www.akehedman.se\/wordpress\/index.php?rest_route=%2Fwp%2Fv2%2Fcategories&post=17416"},{"taxonomy":"post_tag","embeddable":true,"href":"https:\/\/www.akehedman.se\/wordpress\/index.php?rest_route=%2Fwp%2Fv2%2Ftags&post=17416"}],"curies":[{"name":"wp","href":"https:\/\/api.w.org\/{rel}","templated":true}]}}