{"id":16843,"date":"2015-03-05T18:27:37","date_gmt":"2015-03-05T17:27:37","guid":{"rendered":"http:\/\/www.eurosource.se\/akhe\/wordpress\/?p=16843"},"modified":"2015-03-05T18:27:37","modified_gmt":"2015-03-05T17:27:37","slug":"tidssurfare","status":"publish","type":"post","link":"https:\/\/www.akehedman.se\/wordpress\/?p=16843","title":{"rendered":"Tidssurfare"},"content":{"rendered":"<p><a href=\"https:\/\/i0.wp.com\/www.eurosource.se\/akhe\/wordpress\/wp-content\/uploads\/2013\/08\/smaltande-klocka-silver.jpg\"><img data-recalc-dims=\"1\" loading=\"lazy\" decoding=\"async\" class=\"alignnone size-full wp-image-8862\" src=\"https:\/\/i0.wp.com\/www.eurosource.se\/akhe\/wordpress\/wp-content\/uploads\/2013\/08\/smaltande-klocka-silver.jpg?resize=580%2C580\" alt=\"smaltande-klocka-silver\" width=\"580\" height=\"580\" \/><\/a><\/p>\n<p>Det \u00e4r s\u00e4llan det \u00e4r l\u00e5nga dagar h\u00e4r p\u00e5 kontoret men idag \u00e4r det det faktiskt. Speciellt nu f\u00f6re fem. Klockan har liksom saktat ner och den d\u00e4r timmen mellan fyra och fem har varit som en halv dag. Inte s\u00e5 att det varit tr\u00e5kigt. Nejd\u00e5, jag har hunnit massor. Men det vanliga n\u00e4r jag jobbar \u00e4r att man sitter d\u00e4r och h\u00e5ller p\u00e5 och s\u00e5 poff s\u00e5 har klockan blivit kv\u00e4ll eller natt och p\u00e5 n\u00e5got s\u00e4tt \u00e4r det ett slut och man m\u00e5ste allts\u00e5 bryta upp och avsluta det man h\u00e5ller p\u00e5 med p\u00e5 ett eller annat s\u00e4tt. Ofta med stor v\u00e5nda efter som man helst &#8220;bara skulle&#8230;&#8221; Men inte idag allts\u00e5. Tiden \u00e4r p\u00e5 min sida. Den enda g\u00e5ngen p\u00e5 mycket l\u00e4nge skall erk\u00e4nnas. Men det \u00e4r bara tacka och ta emot. Kanske snurrar mitt tr\u00f6ga hj\u00e4rna lite fortare \u00e4n Clas Ohlsson klockan p\u00e5 v\u00e4ggen f\u00f6r en g\u00e5ngs skull. Kanske \u00e4r det tiden sj\u00e4lv som blivit bevingad. Som om man surfar p\u00e5 tidsv\u00e5gen som en s\u00e5dan d\u00e4r muskul\u00f6s solbr\u00e4nd kille med ljus oredig kalufs, blicken i fj\u00e4rran och ett leende som f\u00e5r kvinnorna att d\u00e5na.\u00a0 En s\u00e5dan d\u00e4r man skulle vilja ha vrit ist\u00e4llet f\u00f6r en occol gubbe.<\/p>\n<p>F\u00f6r ocool gubbe har jag nog alltid varit. Jag f\u00f6ddes nog s\u00e5dan. Inte fan log flickorna tillbaks n\u00e4r jag log och inte har det d\u00e4r blivit b\u00e4ttre med \u00e5ren. Nej det var Jompa och Jons\u00e4ll och Bengan och de d\u00e4r j\u00e4vla snubbarna som kvinnorna log mot och d\u00e5nade av\u00a0 efter\u00e5t om de nu lyckades f\u00e5 ett leende tillbaks. Flickorna som senare blev kvinnorna flockades i klasar runt de d\u00e4r\u00a0 och det utan att &#8220;gossarna&#8221; visade det minsta intresse f\u00f6r en enda av de de d\u00e4r tr\u00e5nande. Men det \u00e4r klart, m\u00f6ter man dem idag de d\u00e4r snygga grabbarna s\u00e5 ser de ut ungef\u00e4r som en sj\u00e4lv dom ocks\u00e5. Faktiskt flera av dem har mer gr\u00e5a h\u00e5r \u00e4n man sj\u00e4lv har. Mer h\u00e5r i n\u00e4san. Mer h\u00e5r i \u00f6ronen. St\u00f6rre \u00f6lmage. S\u00e4kert mer h\u00e5r i ringmuskeltrakten ocks\u00e5 om man tittat efter.\u00a0 Ja Jompa och Jons\u00e4ll \u00e4r det ju som det \u00e4r med. De har g\u00e5tt till nya v\u00e4rldar och jag \u00e4r temefan helt s\u00e4ker p\u00e5 att det d\u00e4r de d\u00e4r terroristerna pratar om. Alla de d\u00e4r oskulderna som de skall f\u00e5 i himlen. Ja de jagar just nu Jompa och Lars. Flockas kring dem. Tr\u00e4ngs. Ler f\u00f6rf\u00f6riskt. Vill ha dem.\u00a0 Kan t\u00e4nka mig ocks\u00e5 att terroristerna sv\u00e4r. Som vi svor d\u00e5. F\u00f6r det \u00e4r s\u00e4kert samma nu som d\u00e5 n\u00e4r n\u00e5gon av dom d\u00e4r vinkade med lillfingret s\u00e5 vankande flickan som man hade bearbetat en hel kv\u00e4ll till liv, den man verkligen arbetat sig in hos, och villigt kr\u00f6p in i deras famn. Jag var avundsjuk d\u00e5 och jag \u00e4r avundsjuk nu.<\/p>\n<p>Men man t\u00e4nker ju inte s\u00e5 mycket p\u00e5 det d\u00e4r idag. Man blev inte n\u00e5gon hunk och fick leva med det. Ja en dag var man ju tvungen att erk\u00e4nna det f\u00f6r sig sj\u00e4lv. Komma till insikt. Ja och sen dess har man letat andra sidor hos en sj\u00e4lv som kan kompensera f\u00f6r det d\u00e4r men \u00e4nnu inte hittat en enda. Det \u00e4r ganska deprimerande om man t\u00e4nker p\u00e5 det. Men som K s\u00e4ger &#8211; jag t\u00e4nker f\u00f6r mycket. Jag skall sluta med det. Vara bara &#8211; bara vara.<\/p>\n<p>Skotrarna forsar fram h\u00e4r utanf\u00f6r. L\u00e5ter som getingar. F\u00f6rresten h\u00f6rs de nog fr\u00e5n andra sidan dalg\u00e5ngen och inte h\u00e4r utanf\u00f6r. Jag vet ju att det \u00e4r lycka de d\u00e4r f\u00f6r dem som sitter p\u00e5 dem. Det \u00e4r d\u00e4rf\u00f6r jag gillar ljudet. S\u00e5nt som g\u00f6r m\u00e4nniskor lyckliga g\u00f6r ocks\u00e5 mig lycklig. \u00c4ger s\u00e5klart ingen skoter sj\u00e4lv. De \u00e4r dubbelt s\u00e5 dyra som v\u00e5r bil. Det \u00e4r liksom inte att t\u00e4nka p\u00e5. Men har k\u00f6rt n\u00e5gra g\u00e5nger s\u00e5klart. Det \u00e4r kul. Men skulle aldrig skaffa en egen. Det handlar helt enkelt om f\u00f6rbannelsen. Japp f\u00f6rbannelsen. Den \u00e4r verklig. Jag och motorer g\u00e5r n\u00e4mligen inte ihop. Ja Bensin, diesel, fotogen. El funkar r\u00e4tt bra. Men de d\u00e4r fossila br\u00e4nslemotorerna stannar och v\u00e4grar att starta igen s\u00e5 fort jag kommer i n\u00e4rheten av dem. Ja i alla fall om jag ocks\u00e5 \u00e4ger dem. Det \u00e4r ett faktum. Det snabbaste s\u00e4ttet att f\u00e5 dem att starta igen \u00e4r inte att tillkalla en reparat\u00f6r. Nej. Det \u00e4r att s\u00e4lja dem. Startar direkt. G\u00e5r j\u00e4mnt och fint. Som nya blir det n\u00e4r de l\u00e4mna min n\u00e4rhet. de kan till och med bakt\u00e4nda i ren gl\u00e4dje \u00f6ver att slippa mig. Men h\u00e4r p\u00e5 kullen s\u00e5 surar de. Luktar bensin och v\u00e4grar eller i alla fall \u00e4r vr\u00e5nga att f\u00e5 ig\u00e5ng. Oftast st\u00e5r de stilla. Det d\u00e4r blir bara v\u00e4rre med \u00e5ren.\u00a0 Hur man h\u00e4ver den d\u00e4r f\u00f6rbannelsen har jag inge aning om. Hoppas bara att mina barn har klarat sig. Att den inte g\u00e5r i arv.<\/p>\n<p>Men mail rasar in h\u00e4r. Den stora lyckan idag \u00e4r att ha v\u00e4rlden s\u00e5 n\u00e4ra sig. Man kan sitta i lilla Lo(o)s och s\u00e5 finns de d\u00e4r i ens n\u00e4rhet i alla fall alla de d\u00e4r m\u00e4nniskorna i v\u00e4rlden. Det \u00e4r det b\u00e4sta med den tid vi lever i tycker jag. Visst, de onda, de jag hellre kallar galningar, efter som ont och gott \u00e4nd\u00e5 bara handlar om perspektiv,\u00a0 blir fler eftersom det de facto faktisk finns fler av dem i v\u00e4rlden \u00e4n i Lo(o)s. Men det g\u00e4ller de goda ocks\u00e5 (som perspektiv \u00e5sikten ocks\u00e5 g\u00e4ller f\u00f6r). Det blir liksom en st\u00f6rre h\u00f6g &#8220;goda&#8221;, men l\u00e5t oss kalla dem vanliga m\u00e4nniskor, \u00e4n &#8220;onda&#8221;, l\u00e5t oss kalla dem galningar. T\u00e4nker man s\u00e5 s\u00e5 blir den inte s\u00e5 tokig att finnas till i v\u00e4rlden som en vanlig \u00e4nd\u00e5. Oklart hur det \u00e4r som galning. Egentligen handlar det bara om att vi vanliga h\u00e5ller ihop. Visar och s\u00e4ger vad vi vill och tycker. Jag tycker vi har lyckats ganska bra med det i Sverige faktiskt. Och det blir b\u00e4ttre. Men hela den d\u00e4r v\u00e4rlden som \u00e4r s\u00e5 n\u00e4ra blir b\u00e4ttre och b\u00e4ttre p\u00e5 det d\u00e4r varje dag ocks\u00e5. Visst \u00e4r det bra?<\/p>\n<p>&nbsp;<\/p>\n<p>&nbsp;<\/p>\n<p>&nbsp;<\/p>\n","protected":false},"excerpt":{"rendered":"<p>Det \u00e4r s\u00e4llan det \u00e4r l\u00e5nga dagar h\u00e4r p\u00e5 kontoret men idag \u00e4r det det faktiskt. Speciellt nu f\u00f6re fem. Klockan har liksom saktat ner och den d\u00e4r timmen mellan fyra och fem har varit som en halv dag. Inte s\u00e5 att det varit tr\u00e5kigt. Nejd\u00e5, jag har hunnit massor. Men det vanliga n\u00e4r jag [&hellip;]<\/p>\n","protected":false},"author":24,"featured_media":0,"comment_status":"open","ping_status":"open","sticky":false,"template":"","format":"standard","meta":{"_crdt_document":"","jetpack_post_was_ever_published":false,"_jetpack_newsletter_access":"","_jetpack_dont_email_post_to_subs":false,"_jetpack_newsletter_tier_id":0,"_jetpack_memberships_contains_paywalled_content":false,"_jetpack_memberships_contains_paid_content":false,"footnotes":"","jetpack_publicize_message":"","jetpack_publicize_feature_enabled":true,"jetpack_social_post_already_shared":true,"jetpack_social_options":{"image_generator_settings":{"template":"highway","default_image_id":0,"font":"","enabled":false},"version":2}},"categories":[24],"tags":[],"class_list":["post-16843","post","type-post","status-publish","format-standard","hentry","category-betraktelser"],"jetpack_publicize_connections":[],"jetpack_featured_media_url":"","jetpack_sharing_enabled":true,"jetpack_likes_enabled":true,"jetpack-related-posts":[{"id":25175,"url":"https:\/\/www.akehedman.se\/wordpress\/?p=25175","url_meta":{"origin":16843,"position":0},"title":"Ogirigt","author":"\u00c5ke Hedman","date":"2017-08-29","format":false,"excerpt":"Det \u00e4r alltid sv\u00e5rt med relationer och m\u00e4nniskor.\u00a0 S\u00e5 n\u00e4r Wikipedia vill ha l\u00e4nkar till licenserna f\u00f6r grafiken i VSCP logon s\u00e5 kontaktar jag Tim i Danmark som jag en g\u00e5ng k\u00f6pt det \"tjocka biet\" av f\u00f6r att anv\u00e4ndas icke-kommersiellt. Ja VSCP \u00e4r ju ett ickekommersiellt projekt, Wikipedia med. Det\u2026","rel":"","context":"In &quot;Betraktelser &amp; Ber\u00e4ttelse&quot;","block_context":{"text":"Betraktelser &amp; Ber\u00e4ttelse","link":"https:\/\/www.akehedman.se\/wordpress\/?cat=24"},"img":{"alt_text":"","src":"https:\/\/i0.wp.com\/www.akehedman.se\/wordpress\/wp-content\/uploads\/2017\/08\/vscp_logo-1024x724.jpg?resize=350%2C200","width":350,"height":200},"classes":[]},{"id":44499,"url":"https:\/\/www.akehedman.se\/wordpress\/?p=44499","url_meta":{"origin":16843,"position":1},"title":"Tiden","author":"\u00c5ke Hedman","date":"2023-03-03","format":false,"excerpt":"Det absolut roligaste i mitt jobb \u00e4r att s\u00e4tta sig med papper och penna och skissa fram n\u00e5got i h\u00e5rdvaruv\u00e4g man vill konstruera och sen s\u00e4tta sig i cad-programmet, cadda p\u00e5*, tills man kan k\u00f6ra en \"electric rule test\" som s\u00e4ger att, japp, nu verkar allt fungera. D\u00e5 plockar man\u2026","rel":"","context":"In &quot;Swedish&quot;","block_context":{"text":"Swedish","link":"https:\/\/www.akehedman.se\/wordpress\/?cat=2"},"img":{"alt_text":"","src":"https:\/\/i0.wp.com\/www.akehedman.se\/wordpress\/wp-content\/uploads\/2023\/03\/Screenshot-from-2023-03-03-15-37-44-1.png?resize=350%2C200&ssl=1","width":350,"height":200,"srcset":"https:\/\/i0.wp.com\/www.akehedman.se\/wordpress\/wp-content\/uploads\/2023\/03\/Screenshot-from-2023-03-03-15-37-44-1.png?resize=350%2C200&ssl=1 1x, https:\/\/i0.wp.com\/www.akehedman.se\/wordpress\/wp-content\/uploads\/2023\/03\/Screenshot-from-2023-03-03-15-37-44-1.png?resize=525%2C300&ssl=1 1.5x, https:\/\/i0.wp.com\/www.akehedman.se\/wordpress\/wp-content\/uploads\/2023\/03\/Screenshot-from-2023-03-03-15-37-44-1.png?resize=700%2C400&ssl=1 2x"},"classes":[]},{"id":17040,"url":"https:\/\/www.akehedman.se\/wordpress\/?p=17040","url_meta":{"origin":16843,"position":2},"title":"En bullfrossa till","author":"\u00c5ke Hedman","date":"2015-03-13","format":false,"excerpt":"Ja jag t\u00e4nker ge mig strax. Fredagskv\u00e4llarna \u00e4r heliga. Det \u00e4r inte sv\u00e5rare \u00e4n s\u00e5. Japp den enda heliga kv\u00e4llen. Imorgon dessutom klocka p\u00e5 ringning. Mycket nu. Saker skall s\u00e4ttas ihop och levereras \u00e5t veckan. Skickas till Indien och till USA. Allt \u00e4r p\u00e5 riktigt igen. Jag \u00e4r skakad. Sol\u2026","rel":"","context":"In &quot;Betraktelser &amp; Ber\u00e4ttelse&quot;","block_context":{"text":"Betraktelser &amp; Ber\u00e4ttelse","link":"https:\/\/www.akehedman.se\/wordpress\/?cat=24"},"img":{"alt_text":"pi","src":"https:\/\/i0.wp.com\/www.eurosource.se\/akhe\/wordpress\/wp-content\/uploads\/2014\/03\/pi.jpg?resize=350%2C200","width":350,"height":200},"classes":[]},{"id":16466,"url":"https:\/\/www.akehedman.se\/wordpress\/?p=16466","url_meta":{"origin":16843,"position":3},"title":"Klockan stannar p\u00e5 kvart i fem","author":"\u00c5ke Hedman","date":"2015-02-11","format":false,"excerpt":"Jag ser ut \u00f6ver Lo(o)s h\u00e4r p\u00e5 morgonen n\u00e4r jag kl\u00e4r p\u00e5 mig jobbarjeansen. Vackert \u00e4r det inte. Det \u00e4r all sly och all busk i byn som verkligen stadsf\u00e4ster byn som en \u00e4kta skogsby. Fr\u00e5gar ni mig s\u00e5 skall skogen vara i skogen. Det \u00f6ppna vill jag ha n\u00e4ra\u2026","rel":"","context":"In &quot;Betraktelser &amp; Ber\u00e4ttelse&quot;","block_context":{"text":"Betraktelser &amp; Ber\u00e4ttelse","link":"https:\/\/www.akehedman.se\/wordpress\/?cat=24"},"img":{"alt_text":"","src":"","width":0,"height":0},"classes":[]},{"id":16933,"url":"https:\/\/www.akehedman.se\/wordpress\/?p=16933","url_meta":{"origin":16843,"position":4},"title":"Bl\u00e5st\u00e4ll och greveost","author":"\u00c5ke Hedman","date":"2015-03-10","format":false,"excerpt":"\u00c4r man pinkn\u00f6dig en kvart innan klockan ringer och har legat s\u00e5 sedan en kvart tidigare f\u00e5r man ge sig. Det spelar ingen roll att gammelkatten (Frasse) l\u00e4gger sig t\u00e4tt intill mig och tycker vi skall ha det sk\u00f6nt och lugnt och sova ett par timmar. Nej jag g\u00e5r upp.\u2026","rel":"","context":"In &quot;Betraktelser &amp; Ber\u00e4ttelse&quot;","block_context":{"text":"Betraktelser &amp; Ber\u00e4ttelse","link":"https:\/\/www.akehedman.se\/wordpress\/?cat=24"},"img":{"alt_text":"KVIBILLE-greve-toppbild","src":"https:\/\/i0.wp.com\/www.akehedman.se\/wordpress\/wp-content\/uploads\/2015\/03\/KVIBILLE-greve-toppbild.jpg?resize=350%2C200","width":350,"height":200,"srcset":"https:\/\/i0.wp.com\/www.akehedman.se\/wordpress\/wp-content\/uploads\/2015\/03\/KVIBILLE-greve-toppbild.jpg?resize=350%2C200 1x, https:\/\/i0.wp.com\/www.akehedman.se\/wordpress\/wp-content\/uploads\/2015\/03\/KVIBILLE-greve-toppbild.jpg?resize=525%2C300 1.5x"},"classes":[]},{"id":13119,"url":"https:\/\/www.akehedman.se\/wordpress\/?p=13119","url_meta":{"origin":16843,"position":5},"title":"Hur billigt \u00e4r du beredd att s\u00e4lja dig min lille v\u00e4n!?","author":"\u00c5ke Hedman","date":"2014-05-14","format":false,"excerpt":"Det \u00e4r s\u00e5 tyst h\u00e4r p\u00e5 kullen med det stora gula huset nu p\u00e5 morgonen. Jag vaknar och stiger upp tidigt f\u00f6r att sotarmurre \u00e4r h\u00e4r. Efter frukost blir det att duscha kallt, men jag vaknar bara delvis i alla fall. Tystnaden \u00e4r allts\u00e5 \u00f6ver oss denna morgon. Den och\u2026","rel":"","context":"In &quot;Betraktelser &amp; Ber\u00e4ttelse&quot;","block_context":{"text":"Betraktelser &amp; Ber\u00e4ttelse","link":"https:\/\/www.akehedman.se\/wordpress\/?cat=24"},"img":{"alt_text":"kugghjul","src":"https:\/\/i0.wp.com\/www.akehedman.se\/wordpress\/wp-content\/uploads\/2014\/05\/kugghjul-1024x751.jpg?resize=350%2C200","width":350,"height":200,"srcset":"https:\/\/i0.wp.com\/www.akehedman.se\/wordpress\/wp-content\/uploads\/2014\/05\/kugghjul-1024x751.jpg?resize=350%2C200 1x, https:\/\/i0.wp.com\/www.akehedman.se\/wordpress\/wp-content\/uploads\/2014\/05\/kugghjul-1024x751.jpg?resize=525%2C300 1.5x"},"classes":[]}],"jetpack_shortlink":"https:\/\/wp.me\/p68PL2-4nF","_links":{"self":[{"href":"https:\/\/www.akehedman.se\/wordpress\/index.php?rest_route=\/wp\/v2\/posts\/16843","targetHints":{"allow":["GET"]}}],"collection":[{"href":"https:\/\/www.akehedman.se\/wordpress\/index.php?rest_route=\/wp\/v2\/posts"}],"about":[{"href":"https:\/\/www.akehedman.se\/wordpress\/index.php?rest_route=\/wp\/v2\/types\/post"}],"author":[{"embeddable":true,"href":"https:\/\/www.akehedman.se\/wordpress\/index.php?rest_route=\/wp\/v2\/users\/24"}],"replies":[{"embeddable":true,"href":"https:\/\/www.akehedman.se\/wordpress\/index.php?rest_route=%2Fwp%2Fv2%2Fcomments&post=16843"}],"version-history":[{"count":1,"href":"https:\/\/www.akehedman.se\/wordpress\/index.php?rest_route=\/wp\/v2\/posts\/16843\/revisions"}],"predecessor-version":[{"id":16844,"href":"https:\/\/www.akehedman.se\/wordpress\/index.php?rest_route=\/wp\/v2\/posts\/16843\/revisions\/16844"}],"wp:attachment":[{"href":"https:\/\/www.akehedman.se\/wordpress\/index.php?rest_route=%2Fwp%2Fv2%2Fmedia&parent=16843"}],"wp:term":[{"taxonomy":"category","embeddable":true,"href":"https:\/\/www.akehedman.se\/wordpress\/index.php?rest_route=%2Fwp%2Fv2%2Fcategories&post=16843"},{"taxonomy":"post_tag","embeddable":true,"href":"https:\/\/www.akehedman.se\/wordpress\/index.php?rest_route=%2Fwp%2Fv2%2Ftags&post=16843"}],"curies":[{"name":"wp","href":"https:\/\/api.w.org\/{rel}","templated":true}]}}