{"id":1660,"date":"2012-09-19T10:41:58","date_gmt":"2012-09-19T09:41:58","guid":{"rendered":"http:\/\/www.eurosource.se\/akhe\/wordpress\/?p=1660"},"modified":"2020-01-22T20:07:27","modified_gmt":"2020-01-22T19:07:27","slug":"2012-09-13","status":"publish","type":"post","link":"https:\/\/www.akehedman.se\/wordpress\/?p=1660","title":{"rendered":"2012-09-13"},"content":{"rendered":"<p>Sn\u00f6gudinnan, i sin vita b\u00f6ljande gnistrande skrud, andas p\u00e5 v\u00e5r gr\u00e4smatta f\u00f6r andra g\u00e5ngen denna h\u00f6st. \u00c4nnu \u00e4r hennes andetag l\u00e5ngsamma och svaga, men hon har vaknat. Om en snar framtid kommer hennes lungors andetag \u00e5ter att bli starka och best\u00e4mda. N\u00e4r hon tar kommandot \u00f6ver sitt rike, reser sig och s\u00e4tter sig p\u00e5 sin drottningtron av is, sveper med sin isstav \u00f6ver landskapet och \u00f6ser vinterns vita, vackra kristallformationer, m\u00e4ngder av dom, alla unika, \u00f6ver oss nordbor. \u00d6ver fattiga och rika. D\u00e5 m\u00e5lar hon sin abstrakta vackra snirkliga konst p\u00e5 f\u00f6nsterrutor och p\u00e5 vattendragens isar. Lugnar ner tiden. L\u00e5ter livet sova, dr\u00f6mma, h\u00e4mta kraft f\u00f6r att f\u00f6das till nytt liv.<\/p>\n<p>Vi m\u00e4nniskor har som uppgift att bevittna detta. Vi till\u00e5ts inte vila helt. Liksom galaxerna, solarna, planeterna, molekylerna och atomerna \u00e4r r\u00f6relsen en del av v\u00e5ra liv. Vi m\u00e5ste se bortom det vita och se varje liten sn\u00f6flingas unika formationer f\u00f6r att p\u00e5minna oss om det o\u00e4ndliga och vackra. F\u00f6rst\u00e5 att det \u00e4r d\u00f6den vi ser och att den \u00e4r vacker. Att den inte \u00e4r tomhet. Att den inte \u00e4r brist p\u00e5 r\u00f6relse och att den leder fram till nytt liv igen n\u00e4r sn\u00f6gudinnan \u00e5ter l\u00e4gger sig att vila. N\u00e4r hon andas allt l\u00e5ngsammare och till slut inte alls och l\u00e5ter livet vakna p\u00e5 nytt. D\u00e5 f\u00f6rst kan vi jubla \u00f6ver livet, \u00f6ver od\u00f6dligheten, \u00f6ver den of\u00f6rg\u00f6rbara kraft som livets innersta v\u00e4sen \u00e4r.&nbsp; Men nu skall vi allts\u00e5 rofyllt vila.<\/p>\n","protected":false},"excerpt":{"rendered":"<p>Sn\u00f6gudinnan, i sin vita b\u00f6ljande gnistrande skrud, andas p\u00e5 v\u00e5r gr\u00e4smatta f\u00f6r andra g\u00e5ngen denna h\u00f6st. \u00c4nnu \u00e4r hennes andetag l\u00e5ngsamma och svaga, men hon har vaknat. Om en snar framtid kommer hennes lungors andetag \u00e5ter att bli starka och best\u00e4mda. N\u00e4r hon tar kommandot \u00f6ver sitt rike, reser sig och s\u00e4tter sig p\u00e5 sin [&hellip;]<\/p>\n","protected":false},"author":24,"featured_media":0,"comment_status":"closed","ping_status":"open","sticky":false,"template":"","format":"standard","meta":{"_crdt_document":"","jetpack_post_was_ever_published":false,"_jetpack_newsletter_access":"","_jetpack_dont_email_post_to_subs":false,"_jetpack_newsletter_tier_id":0,"_jetpack_memberships_contains_paywalled_content":false,"_jetpack_memberships_contains_paid_content":false,"footnotes":"","jetpack_publicize_message":"","jetpack_publicize_feature_enabled":true,"jetpack_social_post_already_shared":false,"jetpack_social_options":{"image_generator_settings":{"template":"highway","default_image_id":0,"font":"","enabled":false},"version":2}},"categories":[24,57,26,2],"tags":[],"class_list":["post-1660","post","type-post","status-publish","format-standard","hentry","category-betraktelser","category-noveller","category-poesi-dikter","category-swedish"],"jetpack_publicize_connections":[],"jetpack_featured_media_url":"","jetpack_sharing_enabled":true,"jetpack_likes_enabled":true,"jetpack-related-posts":[{"id":8142,"url":"https:\/\/www.akehedman.se\/wordpress\/?p=8142","url_meta":{"origin":1660,"position":0},"title":"K\u00e4rlek f\u00f6re sommar.","author":"\u00c5ke Hedman","date":"2013-08-01","format":false,"excerpt":"Morgonen \u00e4r p\u00e5 v\u00e4g. En \u00e4lva r\u00f6r sig genom dimman \u00f6ver \u00e4ngen precis vid myrkanten ner mot sj\u00f6n. Hon tycks sv\u00e4va fram och i den tidiga morgonen n\u00e4r m\u00f6rker fortfarande r\u00e5der, liksom lyser hon. Hennes l\u00e5nga ljusa h\u00e5r n\u00e5r henne ner till svanken och \u00e4r rakt, tycks l\u00e4tt i den\u2026","rel":"","context":"In &quot;Betraktelser &amp; Ber\u00e4ttelse&quot;","block_context":{"text":"Betraktelser &amp; Ber\u00e4ttelse","link":"https:\/\/www.akehedman.se\/wordpress\/?cat=24"},"img":{"alt_text":"","src":"","width":0,"height":0},"classes":[]},{"id":7913,"url":"https:\/\/www.akehedman.se\/wordpress\/?p=7913","url_meta":{"origin":1660,"position":1},"title":"Fj\u00e4rilen","author":"\u00c5ke Hedman","date":"2013-07-14","format":false,"excerpt":"Det \u00e4r tidigt \u00e5ttiotal i en av Europas st\u00f6rsta st\u00e4der. Hur jag hamnat d\u00e4r \u00e4r en l\u00e5ng historia. Varf\u00f6r jag stannat d\u00e4r en annan. Men jag har min plats kvar och vilande p\u00e5 ett av Sveriges stora universitet. V\u00e4gen tillbaks - en bro till verkligheten - om det skulle beh\u00f6vas.\u2026","rel":"","context":"In &quot;Betraktelser &amp; Ber\u00e4ttelse&quot;","block_context":{"text":"Betraktelser &amp; Ber\u00e4ttelse","link":"https:\/\/www.akehedman.se\/wordpress\/?cat=24"},"img":{"alt_text":"","src":"","width":0,"height":0},"classes":[]},{"id":8052,"url":"https:\/\/www.akehedman.se\/wordpress\/?p=8052","url_meta":{"origin":1660,"position":2},"title":"Salut till livet","author":"\u00c5ke Hedman","date":"2013-07-22","format":false,"excerpt":"Hon hade gr\u00e5tande legat p\u00e5 golvet och h\u00e5llit om mina ben i ett s\u00e5dant fast grepp jag inte kunde g\u00e5 d\u00e4rifr\u00e5n den d\u00e4r kv\u00e4llen. Jag hade packat min v\u00e4ska f\u00f6r att ge mig av, t\u00e4nkte l\u00e4mna henne f\u00f6r alltid. Ett sv\u00e5rt beslut. Ett livsavg\u00f6rande beslut. Men hon hade hindrat mig,\u2026","rel":"","context":"In &quot;Betraktelser &amp; Ber\u00e4ttelse&quot;","block_context":{"text":"Betraktelser &amp; Ber\u00e4ttelse","link":"https:\/\/www.akehedman.se\/wordpress\/?cat=24"},"img":{"alt_text":"barcelona_02_big","src":"https:\/\/i0.wp.com\/www.eurosource.se\/akhe\/wordpress\/wp-content\/uploads\/2013\/07\/barcelona_02_big.jpg?resize=350%2C200","width":350,"height":200,"srcset":"https:\/\/i0.wp.com\/www.eurosource.se\/akhe\/wordpress\/wp-content\/uploads\/2013\/07\/barcelona_02_big.jpg?resize=350%2C200 1x, https:\/\/i0.wp.com\/www.eurosource.se\/akhe\/wordpress\/wp-content\/uploads\/2013\/07\/barcelona_02_big.jpg?resize=525%2C300 1.5x, https:\/\/i0.wp.com\/www.eurosource.se\/akhe\/wordpress\/wp-content\/uploads\/2013\/07\/barcelona_02_big.jpg?resize=700%2C400 2x"},"classes":[]},{"id":48869,"url":"https:\/\/www.akehedman.se\/wordpress\/?p=48869","url_meta":{"origin":1660,"position":3},"title":"En julhistoria","author":"\u00c5ke Hedman","date":"2024-12-23","format":false,"excerpt":"Photo by Tim Mossholder on Pexels.com Jag g\u00e5r p\u00e5 mitt jobb p\u00e5 kv\u00e4llen f\u00f6re julafton. Dan f\u00f6re dan. Jag jobbar extra p\u00e5 ett hospice. Inte som sjukv\u00e5rdspersonal, utan som en hand att h\u00e5lla, eller ett \u00f6ra som lyssnar n\u00e4r det beh\u00f6vs. Ja och det g\u00f6r\u00a0 det ofta. Folk f\u00f6rtr\u00e4nger g\u00e4rna\u2026","rel":"","context":"In &quot;Betraktelser &amp; Ber\u00e4ttelse&quot;","block_context":{"text":"Betraktelser &amp; Ber\u00e4ttelse","link":"https:\/\/www.akehedman.se\/wordpress\/?cat=24"},"img":{"alt_text":"bokeh photography of lights","src":"https:\/\/i0.wp.com\/www.akehedman.se\/wordpress\/wp-content\/uploads\/2024\/12\/pexels-photo-383646.jpeg?resize=350%2C200&ssl=1","width":350,"height":200,"srcset":"https:\/\/i0.wp.com\/www.akehedman.se\/wordpress\/wp-content\/uploads\/2024\/12\/pexels-photo-383646.jpeg?resize=350%2C200&ssl=1 1x, https:\/\/i0.wp.com\/www.akehedman.se\/wordpress\/wp-content\/uploads\/2024\/12\/pexels-photo-383646.jpeg?resize=525%2C300&ssl=1 1.5x, https:\/\/i0.wp.com\/www.akehedman.se\/wordpress\/wp-content\/uploads\/2024\/12\/pexels-photo-383646.jpeg?resize=700%2C400&ssl=1 2x, https:\/\/i0.wp.com\/www.akehedman.se\/wordpress\/wp-content\/uploads\/2024\/12\/pexels-photo-383646.jpeg?resize=1050%2C600&ssl=1 3x, https:\/\/i0.wp.com\/www.akehedman.se\/wordpress\/wp-content\/uploads\/2024\/12\/pexels-photo-383646.jpeg?resize=1400%2C800&ssl=1 4x"},"classes":[]},{"id":7374,"url":"https:\/\/www.akehedman.se\/wordpress\/?p=7374","url_meta":{"origin":1660,"position":4},"title":"En gr\u00f6n halda","author":"\u00c5ke Hedman","date":"2013-05-22","format":false,"excerpt":"\"F\u00f6rs\u00f6k att ber\u00e4tta den h\u00e4r historien p\u00e5 webben. Den skulle g\u00e5 f\u00f6rlorad helt och h\u00e5llet...\" hon sa det rakt ut i rummet d\u00e4r hon satt vid sin gamla skrivmaskin. Bara den gr\u00e5spr\u00e4ckliga katten lyssnade. Eller lyssnade. Den h\u00f6rde och kunde inte bry sig mindre om vad hon sa. Skrivmaskinen var\u2026","rel":"","context":"In &quot;Betraktelser &amp; Ber\u00e4ttelse&quot;","block_context":{"text":"Betraktelser &amp; Ber\u00e4ttelse","link":"https:\/\/www.akehedman.se\/wordpress\/?cat=24"},"img":{"alt_text":"","src":"","width":0,"height":0},"classes":[]},{"id":22905,"url":"https:\/\/www.akehedman.se\/wordpress\/?p=22905","url_meta":{"origin":1660,"position":5},"title":"En cello och d\u00f6den","author":"\u00c5ke Hedman","date":"2017-01-17","format":false,"excerpt":"En cellist som tar samma ton rej\u00e4lt falskt vid varje passage f\u00e5r de att sk\u00e4ra sig i mig som om kockknivar strimlade huden p\u00e5 mina armar och g\u00f6r det o\u00e4ndligt l\u00e5ngsamt och jag f\u00f6rbannar ett absolut geh\u00f6r. Det \u00e4r inget litet felspel (eller \u00e4r det en felst\u00e4md str\u00e4ng?) och hon\u2026","rel":"","context":"In &quot;Betraktelser &amp; Ber\u00e4ttelse&quot;","block_context":{"text":"Betraktelser &amp; Ber\u00e4ttelse","link":"https:\/\/www.akehedman.se\/wordpress\/?cat=24"},"img":{"alt_text":"","src":"","width":0,"height":0},"classes":[]}],"jetpack_shortlink":"https:\/\/wp.me\/p68PL2-qM","_links":{"self":[{"href":"https:\/\/www.akehedman.se\/wordpress\/index.php?rest_route=\/wp\/v2\/posts\/1660","targetHints":{"allow":["GET"]}}],"collection":[{"href":"https:\/\/www.akehedman.se\/wordpress\/index.php?rest_route=\/wp\/v2\/posts"}],"about":[{"href":"https:\/\/www.akehedman.se\/wordpress\/index.php?rest_route=\/wp\/v2\/types\/post"}],"author":[{"embeddable":true,"href":"https:\/\/www.akehedman.se\/wordpress\/index.php?rest_route=\/wp\/v2\/users\/24"}],"replies":[{"embeddable":true,"href":"https:\/\/www.akehedman.se\/wordpress\/index.php?rest_route=%2Fwp%2Fv2%2Fcomments&post=1660"}],"version-history":[{"count":3,"href":"https:\/\/www.akehedman.se\/wordpress\/index.php?rest_route=\/wp\/v2\/posts\/1660\/revisions"}],"predecessor-version":[{"id":34232,"href":"https:\/\/www.akehedman.se\/wordpress\/index.php?rest_route=\/wp\/v2\/posts\/1660\/revisions\/34232"}],"wp:attachment":[{"href":"https:\/\/www.akehedman.se\/wordpress\/index.php?rest_route=%2Fwp%2Fv2%2Fmedia&parent=1660"}],"wp:term":[{"taxonomy":"category","embeddable":true,"href":"https:\/\/www.akehedman.se\/wordpress\/index.php?rest_route=%2Fwp%2Fv2%2Fcategories&post=1660"},{"taxonomy":"post_tag","embeddable":true,"href":"https:\/\/www.akehedman.se\/wordpress\/index.php?rest_route=%2Fwp%2Fv2%2Ftags&post=1660"}],"curies":[{"name":"wp","href":"https:\/\/api.w.org\/{rel}","templated":true}]}}