{"id":15743,"date":"2014-12-16T08:55:39","date_gmt":"2014-12-16T07:55:39","guid":{"rendered":"http:\/\/www.eurosource.se\/akhe\/wordpress\/?p=15743"},"modified":"2018-02-12T18:24:22","modified_gmt":"2018-02-12T17:24:22","slug":"spottloskan-och-publicistens-vedemodor","status":"publish","type":"post","link":"https:\/\/www.akehedman.se\/wordpress\/?p=15743","title":{"rendered":"Spottloskan och publicistens vedem\u00f6dor"},"content":{"rendered":"<p><a href=\"https:\/\/i0.wp.com\/www.eurosource.se\/akhe\/wordpress\/wp-content\/uploads\/2014\/12\/2014-12-16_08-53-44.jpg\"><img data-recalc-dims=\"1\" loading=\"lazy\" decoding=\"async\" class=\"alignnone wp-image-15744 size-full\" src=\"https:\/\/i0.wp.com\/www.akehedman.se\/wordpress\/wp-content\/uploads\/2014\/12\/2014-12-16_08-53-44.jpg?resize=490%2C498\" alt=\"2014-12-16_08-53-44\" width=\"490\" height=\"498\" srcset=\"https:\/\/i0.wp.com\/www.akehedman.se\/wordpress\/wp-content\/uploads\/2014\/12\/2014-12-16_08-53-44.jpg?w=490&amp;ssl=1 490w, https:\/\/i0.wp.com\/www.akehedman.se\/wordpress\/wp-content\/uploads\/2014\/12\/2014-12-16_08-53-44.jpg?resize=295%2C300&amp;ssl=1 295w\" sizes=\"auto, (max-width: 490px) 100vw, 490px\" \/><\/a><\/p>\n<p>Foto: <strong>Georg Gagnehed<\/strong><\/p>\n<p>Jag sitter h\u00e4r med tekoppen och l\u00e4ser Ulf Lundells blogg. G\u00f6r det med stort n\u00f6je och h\u00e5ller med och f\u00f6rst\u00e5r vad an vill f\u00e5 fram d\u00e4r i \u00d6sterlen. Det \u00e4r viktigt att s\u00e5dana som han luftar sina \u00e5sikter. Visar vad de st\u00e5r f\u00f6r. De som har lyssnare och l\u00e4sare. P\u00e5 en blogg kan en mer nyanserad bild framtr\u00e4da \u00e4n den som syns i pressen. Ja ni vet Ulf Lundell kvinnohataren och allt det d\u00e4r. Mediam\u00e4nniskor har en f\u00f6rm\u00e5ga att h\u00e4nga upp sig p\u00e5 saker, liksom nappa p\u00e5 en krok, och sen liksom sitta fast d\u00e4r. Samma gamla bild skall rulla runt och runt och runt \u00e5r efter \u00e5r. En blogg jag definitivt kommer att f\u00f6lja \u00e4r det i alla fall.<\/p>\n<p>Ja press ja. En v\u00e4lpublicerad bekant till mig gav f\u00f6r m\u00e5nga \u00e5r sedan uttryck f\u00f6r hur lite man h\u00f6r om n\u00e5got man skrivit \u00e4r OK. Han skriver dagligen i en av v\u00e5ra dagstidningar. Skriver man d\u00e4remot n\u00e5got som \u00e4r fel s\u00e5 h\u00f6r en miljon m\u00e4nniskor av sig och p\u00e5pekar det. Det \u00e4r som om de negativa krafterna har tagit \u00f6ver v\u00e4rlden och att de goda inte orkar h\u00f6ras l\u00e4ngre. Eller kanske finns det inte m\u00e4nniskor kvar l\u00e4ngre som orkar s\u00e4ga ett gott ord eller f\u00f6r den delen dra till med en vit l\u00f6gn och s\u00e4ga att &#8220;det d\u00e4r var ju bra&#8221;, ja, fast man kanske inte tycker det, s\u00e4ga det f\u00f6r att man vet att det k\u00e4nns gott att h\u00f6ra. Hursomhelst \u00e4r det s\u00e5klart ocks\u00e5 s\u00e5d\u00e4r att vara kr\u00f6nik\u00f6r. Upplaga 40000 ex. Men inte h\u00f6r man n\u00e5gra kommentarer och g\u00f6r man det s\u00e5 \u00e4r det om stavfel eller n\u00e5got annat negativt. Men man blir luttrad med tiden s\u00e5klart. Det \u00e4r som det \u00e4r och man f\u00e5r lita p\u00e5 det d\u00e4r solit\u00e4ra, en sj\u00e4lv mot v\u00e4rlden.<\/p>\n<p>Bloggandet \u00e4r inte lika roligt l\u00e4ngre, s\u00e5 kanske skall man l\u00e4gga av. Tystna. Sj\u00e4lvterapin kan man fylla filer med p\u00e5 sin egen dator. Det befr\u00e4mjar samma syfte. Men vi f\u00e5r se. Det g\u00e5r upp och ner med skrivandet ocks\u00e5 och inspirationen finns ju d\u00e4r ibland \u00e4nd\u00e5. Men det \u00e4r l\u00e5gveckor. Jag \u00e4r alltid lite halvdeprimerad f\u00f6re jul. Tror det \u00e4r en rest fr\u00e5n n\u00e4r jag var barn. En morsa som ville att allt skulle vara perfekt till julen och som k\u00f6rde slut p\u00e5 sig fullst\u00e4ndigt de h\u00e4r veckorna. Ja man k\u00e4nde s\u00e5klart av det d\u00e4r som barn och det sitter i sig fortfarande. Vi har det s\u00e5klart lugnare nu h\u00e4r i v\u00e5rt hus. Vi \u00e4r inte s\u00e5 nerv\u00f6sa och stirriga i det h\u00e4r huset. F\u00f6r morsan var det stora \u00f6gonblicket n\u00e4r Lars-Erik J\u00e4rvefeldt, farsans chef, n\u00e5gon dag f\u00f6r jul kom \u00f6ver med \u00e5rets fruktkorg. Det bugades och bockades och skrapades med skorna och kaffe och sju sorters kakor \u00e5kte fram. Sn\u00e4llt av J\u00e4rvefeldt s\u00e5klart. Att det andra de f\u00f6rs\u00e5g oss med ocks\u00e5. Telefonen, l\u00e4genheten, resorna och framf\u00f6rallt f\u00f6r farsan n\u00e5gon som st\u00f6ttade och trodde p\u00e5 honom ett tekniskt snille. Alla beh\u00f6ver n\u00e5gon som tror p\u00e5 dem och uppmuntrar dem.<\/p>\n<p>Men det \u00e4r klart, familjen J\u00e4rvefeldt tj\u00e4nade miljoner p\u00e5 det farsan och andra gjorde. Julkorgen och det andra hade ett syfte. Distansen fanns s\u00e5klart d\u00e4r. Vi var arbetare och de var finare folk. Tomten farsan fick arrendera till stugan vid L\u00f6ssnan l\u00e5g nu \u00e4nd\u00e5 mitt i ett k\u00e4rr. Bengt Ivarsson och Lars-Erik J\u00e4rvefldt tyckte s\u00e5klart det d\u00f6g gott nog \u00e5t en verkm\u00e4stare som vigde ett liv \u00e5t fabriken. S\u00e5h\u00e4r efter\u00e5t kan jag, sonen,\u00a0 l\u00e4gga en snorloska rakt i ansiktet p\u00e5 dem f\u00f6r det. Jag har inget till \u00f6vers f\u00f6r dem som bara h\u00e5ller efter sina egna. Man gammalt \u00e4r gammalt och skall s\u00e5 f\u00f6rbli. Det fanns gott och man f\u00e5r koncentrera sig p\u00e5 det.<\/p>\n<p>Ja, tekoppen \u00e4r slut h\u00e4r. Det \u00e4r dags att b\u00f6rja jobba. Det finns mycket att bli klar med innan jul h\u00e4r nere. Borde g\u00f6ra den d\u00e4r jull\u00e5ten ocks\u00e5. Den som h\u00f6r till. ja vi f\u00e5r se hur det blir med alltsammans. Livet tycks i alla fall g\u00e5 vidare av n\u00e5gon outgrundlig anledning.<\/p>\n","protected":false},"excerpt":{"rendered":"<p>Foto: Georg Gagnehed Jag sitter h\u00e4r med tekoppen och l\u00e4ser Ulf Lundells blogg. G\u00f6r det med stort n\u00f6je och h\u00e5ller med och f\u00f6rst\u00e5r vad an vill f\u00e5 fram d\u00e4r i \u00d6sterlen. Det \u00e4r viktigt att s\u00e5dana som han luftar sina \u00e5sikter. Visar vad de st\u00e5r f\u00f6r. De som har lyssnare och l\u00e4sare. P\u00e5 en blogg [&hellip;]<\/p>\n","protected":false},"author":24,"featured_media":0,"comment_status":"open","ping_status":"open","sticky":false,"template":"","format":"standard","meta":{"_crdt_document":"","jetpack_post_was_ever_published":false,"_jetpack_newsletter_access":"","_jetpack_dont_email_post_to_subs":false,"_jetpack_newsletter_tier_id":0,"_jetpack_memberships_contains_paywalled_content":false,"_jetpack_memberships_contains_paid_content":false,"footnotes":"","jetpack_publicize_message":"","jetpack_publicize_feature_enabled":true,"jetpack_social_post_already_shared":true,"jetpack_social_options":{"image_generator_settings":{"template":"highway","default_image_id":0,"font":"","enabled":false},"version":2}},"categories":[24],"tags":[],"class_list":["post-15743","post","type-post","status-publish","format-standard","hentry","category-betraktelser"],"jetpack_publicize_connections":[],"jetpack_featured_media_url":"","jetpack_sharing_enabled":true,"jetpack_likes_enabled":true,"jetpack-related-posts":[{"id":15807,"url":"https:\/\/www.akehedman.se\/wordpress\/?p=15807","url_meta":{"origin":15743,"position":0},"title":"Sextio snart f\u00f6r helvete","author":"\u00c5ke Hedman","date":"2014-12-20","format":false,"excerpt":"Ulf Lundell skriver sin blogg p\u00e5 en skrivmaskin och sedan f\u00e5r n\u00e5gon annan skriva in den p\u00e5 dator. Han kan inte skriva p\u00e5 annat s\u00e4tt, som de som inte kunde skriva skrivmaskin utan kr\u00e4vde blyertspenna f\u00f6re honom. Den smyger sig p\u00e5 en \u00e5lderdomen. De som inte kan f\u00f6r\u00e4ndra sig och\u2026","rel":"","context":"In &quot;Betraktelser &amp; Ber\u00e4ttelse&quot;","block_context":{"text":"Betraktelser &amp; Ber\u00e4ttelse","link":"https:\/\/www.akehedman.se\/wordpress\/?cat=24"},"img":{"alt_text":"images","src":"https:\/\/i0.wp.com\/www.akehedman.se\/wordpress\/wp-content\/uploads\/2014\/12\/images.jpg?resize=350%2C200","width":350,"height":200},"classes":[]},{"id":32271,"url":"https:\/\/www.akehedman.se\/wordpress\/?p=32271","url_meta":{"origin":15743,"position":1},"title":"Senast l\u00e4sta bok","author":"\u00c5ke Hedman","date":"2019-06-02","format":false,"excerpt":"Vardagar 2 av Ulf Lundell Ja, jo, jag l\u00e4ser igenom den, precis som jag gjorde med den f\u00f6rra, precis som jag gjorde med hans blogg. Ja, jo jag gillar den. Dem. Men gn\u00e4lligt \u00e4r det. Ulf Lundell har n\u00e5tt den \u00e5ldern. Gubbgn\u00e4llar\u00e5ldern. Fast utan det d\u00e4r gn\u00e4llet s\u00e5 skulle det\u2026","rel":"","context":"In &quot;Swedish&quot;","block_context":{"text":"Swedish","link":"https:\/\/www.akehedman.se\/wordpress\/?cat=2"},"img":{"alt_text":"","src":"https:\/\/i0.wp.com\/www.akehedman.se\/wordpress\/wp-content\/uploads\/2019\/06\/9789146235897_200x_vardagar-2.jpeg?resize=350%2C200&ssl=1","width":350,"height":200},"classes":[]},{"id":35960,"url":"https:\/\/www.akehedman.se\/wordpress\/?p=35960","url_meta":{"origin":15743,"position":2},"title":"Allt","author":"\u00c5ke Hedman","date":"2020-08-30","format":false,"excerpt":"Helg slut sedan n\u00e5gra timmar. Anglosaxisk vecka har b\u00f6rjat och p\u00e5g\u00e5r. Gott tycker jag. Gillar ny vecka. Nya m\u00f6jligheter. Tid f\u00f6r\u00f6ver. Det \u00e4r bara att ta ut kompassriktningen och \u00e5ka. Vi byter lite trasiga rutor h\u00e4r i helgen. Fixa lite annat fr\u00e5n listan ocks\u00e5. Jag \u00e4r fortfarande oerh\u00f6rt entusiastisk \u00f6ver\u2026","rel":"","context":"In &quot;Betraktelser &amp; Ber\u00e4ttelse&quot;","block_context":{"text":"Betraktelser &amp; Ber\u00e4ttelse","link":"https:\/\/www.akehedman.se\/wordpress\/?cat=24"},"img":{"alt_text":"","src":"https:\/\/i0.wp.com\/www.akehedman.se\/wordpress\/wp-content\/uploads\/2020\/08\/Screenshot-from-2020-08-30-21-41-33.png?resize=350%2C200&ssl=1","width":350,"height":200,"srcset":"https:\/\/i0.wp.com\/www.akehedman.se\/wordpress\/wp-content\/uploads\/2020\/08\/Screenshot-from-2020-08-30-21-41-33.png?resize=350%2C200&ssl=1 1x, https:\/\/i0.wp.com\/www.akehedman.se\/wordpress\/wp-content\/uploads\/2020\/08\/Screenshot-from-2020-08-30-21-41-33.png?resize=525%2C300&ssl=1 1.5x, https:\/\/i0.wp.com\/www.akehedman.se\/wordpress\/wp-content\/uploads\/2020\/08\/Screenshot-from-2020-08-30-21-41-33.png?resize=700%2C400&ssl=1 2x, https:\/\/i0.wp.com\/www.akehedman.se\/wordpress\/wp-content\/uploads\/2020\/08\/Screenshot-from-2020-08-30-21-41-33.png?resize=1050%2C600&ssl=1 3x, https:\/\/i0.wp.com\/www.akehedman.se\/wordpress\/wp-content\/uploads\/2020\/08\/Screenshot-from-2020-08-30-21-41-33.png?resize=1400%2C800&ssl=1 4x"},"classes":[]},{"id":23273,"url":"https:\/\/www.akehedman.se\/wordpress\/?p=23273","url_meta":{"origin":15743,"position":3},"title":"Sprickor","author":"\u00c5ke Hedman","date":"2017-02-08","format":false,"excerpt":"Jod\u00e5 jag sitter h\u00e4r. Knappar l\u00e5ngsamt. Inte snabbt som annars. Tecken f\u00f6r tecken med tvekan just nu. Inte ovanligt efter att n\u00e5got \u00e4r \"klart\". Jag \u00e4r en slow starter.\u00a0 Var bilen lika sv\u00e5rstartad som jag \u00e4r s\u00e5 skulle man alltid komma fram en halv dag senare \u00e4n man t\u00e4nkt. \u00c5\u2026","rel":"","context":"In &quot;Betraktelser &amp; Ber\u00e4ttelse&quot;","block_context":{"text":"Betraktelser &amp; Ber\u00e4ttelse","link":"https:\/\/www.akehedman.se\/wordpress\/?cat=24"},"img":{"alt_text":"","src":"https:\/\/i0.wp.com\/www.akehedman.se\/wordpress\/wp-content\/uploads\/2017\/02\/sprickor-p-torr-jord-53579842.jpg?resize=350%2C200","width":350,"height":200},"classes":[]},{"id":19915,"url":"https:\/\/www.akehedman.se\/wordpress\/?p=19915","url_meta":{"origin":15743,"position":4},"title":"pi-dagen","author":"\u00c5ke Hedman","date":"2016-03-14","format":false,"excerpt":"Det \u00e4r pi-dagen idag. Japp pi. F\u00f6rh\u00e5llandet mellan cirkels omkrets och diametern.\u00a0 Ett tal. Ett av m\u00e5nga andra konstanter. Man skulle kunna skriva universella konstanter. Men det skriver man inte. Men matematiken \u00e4r guds spr\u00e5k. Det \u00e4r jag s\u00e4ker p\u00e5. Vill du ha svaren finns de inte i biblarna och\u2026","rel":"","context":"In &quot;Betraktelser &amp; Ber\u00e4ttelse&quot;","block_context":{"text":"Betraktelser &amp; Ber\u00e4ttelse","link":"https:\/\/www.akehedman.se\/wordpress\/?cat=24"},"img":{"alt_text":"pi","src":"https:\/\/i0.wp.com\/www.akehedman.se\/wordpress\/wp-content\/uploads\/2014\/03\/pi.jpg?resize=350%2C200","width":350,"height":200},"classes":[]},{"id":36030,"url":"https:\/\/www.akehedman.se\/wordpress\/?p=36030","url_meta":{"origin":15743,"position":5},"title":"Senast l\u00e4sta bok","author":"\u00c5ke Hedman","date":"2020-09-06","format":false,"excerpt":"Vardagar 3 av Ulf Lundell Jaha, 871 sidor vardagslunk. Jag vet egentligen inte varf\u00f6r jag l\u00e4ser. F\u00f6r det \u00e4r en mycket bortsk\u00e4md gubbe som skriver det h\u00e4r. Gn\u00e4llig p\u00e5 gr\u00e4nsen mot olidlig stundtals. Men han f\u00e5r mig att l\u00e4sa klart varenda en av de h\u00e4r b\u00f6ckerna. En f\u00f6rm\u00e5ga och talang\u2026","rel":"","context":"In &quot;B\u00f6cker&quot;","block_context":{"text":"B\u00f6cker","link":"https:\/\/www.akehedman.se\/wordpress\/?cat=13"},"img":{"alt_text":"","src":"https:\/\/i0.wp.com\/www.akehedman.se\/wordpress\/wp-content\/uploads\/2020\/09\/9789146236375_200x_vardagar-3.jpeg?resize=350%2C200&ssl=1","width":350,"height":200},"classes":[]}],"jetpack_shortlink":"https:\/\/wp.me\/p68PL2-45V","_links":{"self":[{"href":"https:\/\/www.akehedman.se\/wordpress\/index.php?rest_route=\/wp\/v2\/posts\/15743","targetHints":{"allow":["GET"]}}],"collection":[{"href":"https:\/\/www.akehedman.se\/wordpress\/index.php?rest_route=\/wp\/v2\/posts"}],"about":[{"href":"https:\/\/www.akehedman.se\/wordpress\/index.php?rest_route=\/wp\/v2\/types\/post"}],"author":[{"embeddable":true,"href":"https:\/\/www.akehedman.se\/wordpress\/index.php?rest_route=\/wp\/v2\/users\/24"}],"replies":[{"embeddable":true,"href":"https:\/\/www.akehedman.se\/wordpress\/index.php?rest_route=%2Fwp%2Fv2%2Fcomments&post=15743"}],"version-history":[{"count":5,"href":"https:\/\/www.akehedman.se\/wordpress\/index.php?rest_route=\/wp\/v2\/posts\/15743\/revisions"}],"predecessor-version":[{"id":27116,"href":"https:\/\/www.akehedman.se\/wordpress\/index.php?rest_route=\/wp\/v2\/posts\/15743\/revisions\/27116"}],"wp:attachment":[{"href":"https:\/\/www.akehedman.se\/wordpress\/index.php?rest_route=%2Fwp%2Fv2%2Fmedia&parent=15743"}],"wp:term":[{"taxonomy":"category","embeddable":true,"href":"https:\/\/www.akehedman.se\/wordpress\/index.php?rest_route=%2Fwp%2Fv2%2Fcategories&post=15743"},{"taxonomy":"post_tag","embeddable":true,"href":"https:\/\/www.akehedman.se\/wordpress\/index.php?rest_route=%2Fwp%2Fv2%2Ftags&post=15743"}],"curies":[{"name":"wp","href":"https:\/\/api.w.org\/{rel}","templated":true}]}}