{"id":15709,"date":"2014-12-15T09:12:47","date_gmt":"2014-12-15T08:12:47","guid":{"rendered":"http:\/\/www.eurosource.se\/akhe\/wordpress\/?p=15709"},"modified":"2014-12-15T09:14:26","modified_gmt":"2014-12-15T08:14:26","slug":"det-ordnar-sig-for-det-mesta","status":"publish","type":"post","link":"https:\/\/www.akehedman.se\/wordpress\/?p=15709","title":{"rendered":"Det ordnar sig f\u00f6r det mesta"},"content":{"rendered":"<p><a href=\"https:\/\/i0.wp.com\/www.eurosource.se\/akhe\/wordpress\/wp-content\/uploads\/2014\/12\/250px-Kuusk_Keila-Paldiski_rdt_%C3%A4%C3%A4res.jpg\"><img data-recalc-dims=\"1\" loading=\"lazy\" decoding=\"async\" class=\"alignnone size-full wp-image-15711\" src=\"https:\/\/i0.wp.com\/www.eurosource.se\/akhe\/wordpress\/wp-content\/uploads\/2014\/12\/250px-Kuusk_Keila-Paldiski_rdt_%C3%A4%C3%A4res.jpg?resize=250%2C375\" alt=\"250px-Kuusk_Keila-Paldiski_rdt_\u00e4\u00e4res\" width=\"250\" height=\"375\" srcset=\"https:\/\/i0.wp.com\/www.akehedman.se\/wordpress\/wp-content\/uploads\/2014\/12\/250px-Kuusk_Keila-Paldiski_rdt_%C3%A4%C3%A4res.jpg?w=250&amp;ssl=1 250w, https:\/\/i0.wp.com\/www.akehedman.se\/wordpress\/wp-content\/uploads\/2014\/12\/250px-Kuusk_Keila-Paldiski_rdt_%C3%A4%C3%A4res.jpg?resize=200%2C300&amp;ssl=1 200w\" sizes=\"auto, (max-width: 250px) 100vw, 250px\" \/><\/a><\/p>\n<p>Det \u00e4r varmt ute. Fem grader. Visserligen s\u00e4ger termometern p\u00e5 marken nollgradigt men som skrivet h\u00e4r tidigare, det \u00e4r sv\u00e5rt det d\u00e4r med att m\u00e4ta temperatur exakt. Men prognosen lovar kallare, riktigt kalt bitvis, som det skall vara den h\u00e4r tiden p\u00e5 \u00e5ret. N\u00f6jd \u00e4r jag \u00f6ver v\u00e4rmen. Pelletsr\u00e4ddaren. F\u00e4rre s\u00e4ckar blir eldens rov. Men kanske \u00e4r det \u00e4nd\u00e5 b\u00e4st n\u00e4r vinter \u00e4r vinter och sommar \u00e4r sommar. Vad fan vet jag?<\/p>\n<p>Sista veckan f\u00f6re jul. Det finns att g\u00f6ra. Har renoverat rum hela helgen men inser att jag inte kommer att bli f\u00e4rdig innan jul. Hade hoppats det ett tag men det finns &#8220;riktigt&#8221; jobb att g\u00f6ra ocks\u00e5. S\u00e5nt som m\u00e5ste g\u00f6ras. S\u00e5 det blir att ta tag i det d\u00e4r rummet efter jul igen. \u00c4ldste sonen kommer hem (det skall bli skoj) och beh\u00f6ver det och skall v\u00e4l i alla fall inte beh\u00f6va sova i ett rum med m\u00e5larpapper p\u00e5 golvet. Men renoveringsjobb \u00e4r en lisa f\u00f6r sj\u00e4len, det rensar upp\u00a0 som en l\u00e5ng meditation och man blir tr\u00f6tt p\u00e5 ett annat s\u00e4tt\u00a0 \u00e4n n\u00e4r man sitter h\u00e4r nere och knappar och funderar.<\/p>\n<p>Spam v\u00e4ller det in i min brevl\u00e5da. Man blir lyckligare av att k\u00f6pa eller l\u00e5na mer pengar, ja resa ocks\u00e5. Eftersom de kommer i en aldrig sinande str\u00f6m fungerar det tydligen det d\u00e4r med att skicka ut dem. Aldrig n\u00e5gonsin har jag varit med om mer \u00e4n i \u00e5r. Det g\u00e4ller ocks\u00e5 p\u00e5 webben. P\u00e5 varenda site som man kan t\u00e4nka sig poppar det upp en ruta med reklamerbjudanden och aprop\u00e5er och man kan inte annat \u00e4n att kr\u00e4kas p\u00e5 hela skiten. Jod\u00e5 har f\u00e5tt lukrativa (n\u00e5ja) erbjudanden om att l\u00e4gga reklam h\u00e4r p\u00e5 bloggen, p\u00e5 VSCP siten och p\u00e5 mina andra siter ocks\u00e5. Men det \u00e4r allts\u00e5 200 miljoner som \u00e4r priset, och d\u00e5 i dollar inte i kronor. D\u00e5 ing\u00e5r min sj\u00e4l ocks\u00e5.<\/p>\n<p>Janne \u00e5ker precis f\u00f6rbi och sandar. \u00c4r man storstadsbo s\u00e5 \u00e4r just s\u00e5dana saker inte s\u00e5d\u00e4r personliga. Man vet inte och vill inte veta vem fan som \u00e5ker f\u00f6rbi och sandar. Om det inte \u00e4r \u00e5t helvete, d\u00e5ligt sandat, d\u00e5 vill man veta. H\u00e4r har man namnen p\u00e5 de flesta. Sk\u00f6nt tycker jag. Man vet liksom folks positiva sidor och negativa sidor i en s\u00e5dan h\u00e4r by. Man kan tolerera en del. Har full f\u00f6rst\u00e5else f\u00f6r att alla inte \u00e4r perfekta. Sen pratas det s\u00e5klart. Men det \u00e4r bara prat ocks\u00e5. De flesta l\u00e5ter det g\u00e5 in genom ett \u00f6ra och ut genom det andra.<\/p>\n<p>Men jag m\u00e5ste s\u00e4tta p\u00e5 lite musik nu. Vr\u00e5la p\u00e5 lite. Skall debugga drivare idag. Borde f\u00e5 saker p\u00e5 plats ikv\u00e4ll om inget of\u00f6rutsett h\u00e4nder. Men m\u00e5ste ocks\u00e5 planera f\u00f6r granknyckartur (l\u00e4s granm\u00f6rdartur). Nisse som bodde i grannhuset (d\u00e4r dragspelaren bor nu) kallade skogen uppe p\u00e5 berget h\u00e4r f\u00f6r sin skog. Det tog n\u00e5gra \u00e5r innan jag fattade att det var kommunens. Nu n\u00e4r han \u00e4r borta s\u00e5 har jag tagit \u00f6ver den d\u00e4r \u00e4gander\u00e4tten. H\u00e4mtar allts\u00e5 i egen skog. Det k\u00e4nns bra. Men gillar inte det d\u00e4r meningsl\u00f6sa nerhuggandet av ett fint tr\u00e4d som skulle kunna blivit en st\u00e5tlig och vacker gran som st\u00e5r d\u00e4r och betraktar v\u00e4rlden i hundra \u00e5r eller mer. Jag hade helst varit utan. Men d\u00e5 gr\u00e5ter familjen och det vill ju ingen m\u00e4nniska uppleva i juletider.<\/p>\n<p>F\u00f6rresten. Det var v\u00e4l en L\u00f6rdag den h\u00e4r tiden som en tysk man ringde p\u00e5 morgonen, hans f\u00f6retag anv\u00e4nde mina activex kontroller i sina produkter. Vi hade pratat med varandra tidigare. Men bara kort. Det var under sv\u00e5rtiderna. Pengar var en bristvara. Vi hade sexhundra sp\u00e4nn som v\u00e5ra samlade tillg\u00e5ngar h\u00e4r hemma. Hade ingen aning om hur vi skulle klara av julen. Men det hade g\u00e5tt f\u00f6rut. S\u00e5 den h\u00e4r l\u00f6rdagsmorgonen ringde han. Det var kris. Han h\u00f6ll p\u00e5 med ett installationsprogram och det fungerade inte f\u00f6r alla kunder. Kunde jag komma ner. Ja&#8230; det kunde jag v\u00e4l&#8230; Jag t\u00e4nkte mig ett bes\u00f6k d\u00e5 senare efter jul. Men han ville ha ner mig samma dag. Flygbiljett fixades som jag kunde h\u00e4mta ut p\u00e5 Arlanda. Han ville betalade taxi till Arlanda men t\u00e5g fick duga. N\u00e5gon ordning fick det \u00e4nd\u00e5 vara. S\u00e5 med femhundra sp\u00e4nn p\u00e5 fickan (en hundring fick familjen kvar att leva p\u00e5 en vecka &#8211; inget ovanligt under den tiden), gav jag mig iv\u00e4g mot Tyskland. Nuremberg. En julstad. Jag installerades i ett rum i hans f\u00f6r\u00e4ldrars tobaksaff\u00e4r och fixade det som skulle fixas med dygnet runt jobb. Dan f\u00f6re julafton var jag hemma igen. Med fickan full av pengar och vi kunde fira en riktig jul det \u00e5ret ocks\u00e5. Det ordnar sig f\u00f6r det mesta. Det \u00e4r bra konstigt att det \u00e4r s\u00e5.<\/p>\n<p>&nbsp;<\/p>\n<p>&nbsp;<\/p>\n","protected":false},"excerpt":{"rendered":"<p>Det \u00e4r varmt ute. Fem grader. Visserligen s\u00e4ger termometern p\u00e5 marken nollgradigt men som skrivet h\u00e4r tidigare, det \u00e4r sv\u00e5rt det d\u00e4r med att m\u00e4ta temperatur exakt. Men prognosen lovar kallare, riktigt kalt bitvis, som det skall vara den h\u00e4r tiden p\u00e5 \u00e5ret. N\u00f6jd \u00e4r jag \u00f6ver v\u00e4rmen. Pelletsr\u00e4ddaren. F\u00e4rre s\u00e4ckar blir eldens rov. Men [&hellip;]<\/p>\n","protected":false},"author":24,"featured_media":0,"comment_status":"open","ping_status":"open","sticky":false,"template":"","format":"standard","meta":{"_crdt_document":"","jetpack_post_was_ever_published":false,"_jetpack_newsletter_access":"","_jetpack_dont_email_post_to_subs":false,"_jetpack_newsletter_tier_id":0,"_jetpack_memberships_contains_paywalled_content":false,"_jetpack_memberships_contains_paid_content":false,"footnotes":"","jetpack_publicize_message":"","jetpack_publicize_feature_enabled":true,"jetpack_social_post_already_shared":true,"jetpack_social_options":{"image_generator_settings":{"template":"highway","default_image_id":0,"font":"","enabled":false},"version":2}},"categories":[24],"tags":[],"class_list":["post-15709","post","type-post","status-publish","format-standard","hentry","category-betraktelser"],"jetpack_publicize_connections":[],"jetpack_featured_media_url":"","jetpack_sharing_enabled":true,"jetpack_likes_enabled":true,"jetpack-related-posts":[{"id":35281,"url":"https:\/\/www.akehedman.se\/wordpress\/?p=35281","url_meta":{"origin":15709,"position":0},"title":"P\u00e5 l\u00e5tsas","author":"\u00c5ke Hedman","date":"2020-06-18","format":false,"excerpt":"Midsommarafton imorgon. Men just nu sitter jag h\u00e4r fortfarande p\u00e5 l\u00e5tsaskontoret och l\u00e5tsasjobbar. Jod\u00e5 - tanken \u00e4r att vara ledig sen fram till s\u00f6ndagskv\u00e4ll. Har blivit b\u00e4ttre p\u00e5 det d\u00e4r faktiskt. F\u00f6rr var det v\u00e4ldigt lite \"off-tid\". Fast saker var ju inte lika mycket p\u00e5 l\u00e5tsas heller under den tiden\u2026","rel":"","context":"In &quot;Betraktelser &amp; Ber\u00e4ttelse&quot;","block_context":{"text":"Betraktelser &amp; Ber\u00e4ttelse","link":"https:\/\/www.akehedman.se\/wordpress\/?cat=24"},"img":{"alt_text":"","src":"https:\/\/i0.wp.com\/www.akehedman.se\/wordpress\/wp-content\/uploads\/2020\/06\/Screenshot-from-2020-06-18-23-00-42.png?resize=350%2C200&ssl=1","width":350,"height":200,"srcset":"https:\/\/i0.wp.com\/www.akehedman.se\/wordpress\/wp-content\/uploads\/2020\/06\/Screenshot-from-2020-06-18-23-00-42.png?resize=350%2C200&ssl=1 1x, https:\/\/i0.wp.com\/www.akehedman.se\/wordpress\/wp-content\/uploads\/2020\/06\/Screenshot-from-2020-06-18-23-00-42.png?resize=525%2C300&ssl=1 1.5x, https:\/\/i0.wp.com\/www.akehedman.se\/wordpress\/wp-content\/uploads\/2020\/06\/Screenshot-from-2020-06-18-23-00-42.png?resize=700%2C400&ssl=1 2x, https:\/\/i0.wp.com\/www.akehedman.se\/wordpress\/wp-content\/uploads\/2020\/06\/Screenshot-from-2020-06-18-23-00-42.png?resize=1050%2C600&ssl=1 3x, https:\/\/i0.wp.com\/www.akehedman.se\/wordpress\/wp-content\/uploads\/2020\/06\/Screenshot-from-2020-06-18-23-00-42.png?resize=1400%2C800&ssl=1 4x"},"classes":[]},{"id":19300,"url":"https:\/\/www.akehedman.se\/wordpress\/?p=19300","url_meta":{"origin":15709,"position":1},"title":"Arne Weise","author":"\u00c5ke Hedman","date":"2015-12-18","format":false,"excerpt":"Jag k\u00e4nner mig som Arne Weise varje morgon n\u00e4r jag t\u00e4nder mitt ljus. Samma r\u00f6relse, samma utbl\u00e5sning av t\u00e4ndstickans eld. Dagarna h\u00e4r b\u00f6rjar precis som Arnes och Svenska folkets\u00a0 jul b\u00f6rjar. Det \u00e4r bra. Jag har f\u00f6rv\u00e4ntningar p\u00e5 mina dagar. T\u00e4nka sig. Kanske borde man inte ha det. Men jag\u2026","rel":"","context":"In &quot;Betraktelser &amp; Ber\u00e4ttelse&quot;","block_context":{"text":"Betraktelser &amp; Ber\u00e4ttelse","link":"https:\/\/www.akehedman.se\/wordpress\/?cat=24"},"img":{"alt_text":"arnew-julvard992-jpg","src":"https:\/\/i0.wp.com\/www.akehedman.se\/wordpress\/wp-content\/uploads\/2015\/12\/arnew-julvard992-jpg.jpg?resize=350%2C200","width":350,"height":200,"srcset":"https:\/\/i0.wp.com\/www.akehedman.se\/wordpress\/wp-content\/uploads\/2015\/12\/arnew-julvard992-jpg.jpg?resize=350%2C200 1x, https:\/\/i0.wp.com\/www.akehedman.se\/wordpress\/wp-content\/uploads\/2015\/12\/arnew-julvard992-jpg.jpg?resize=525%2C300 1.5x, https:\/\/i0.wp.com\/www.akehedman.se\/wordpress\/wp-content\/uploads\/2015\/12\/arnew-julvard992-jpg.jpg?resize=700%2C400 2x"},"classes":[]},{"id":46591,"url":"https:\/\/www.akehedman.se\/wordpress\/?p=46591","url_meta":{"origin":15709,"position":2},"title":"Sn\u00f6 och utsatt","author":"\u00c5ke Hedman","date":"2023-11-29","format":false,"excerpt":"Photo by Pixabay on Pexels.com Jag inleder dagen med att skotta. Ja och skotta. OCH skotta. L\u00e4tt sn\u00f6 men vinden har gjort sitt och det har blivit mycket sn\u00f6. Men det g\u00e5r det d\u00e4r ocks\u00e5 s\u00e5klart. Kan vara lite njutningsfullt till och med. Om det inte \u00e4r n\u00e5gon br\u00e5dska. Ja\u2026","rel":"","context":"In &quot;Betraktelser &amp; Ber\u00e4ttelse&quot;","block_context":{"text":"Betraktelser &amp; Ber\u00e4ttelse","link":"https:\/\/www.akehedman.se\/wordpress\/?cat=24"},"img":{"alt_text":"brown wooden house covered with snow near pine trees","src":"https:\/\/i0.wp.com\/www.akehedman.se\/wordpress\/wp-content\/uploads\/2023\/11\/alm-friuli-snow-snowfall-45204.jpeg?resize=350%2C200&ssl=1","width":350,"height":200,"srcset":"https:\/\/i0.wp.com\/www.akehedman.se\/wordpress\/wp-content\/uploads\/2023\/11\/alm-friuli-snow-snowfall-45204.jpeg?resize=350%2C200&ssl=1 1x, https:\/\/i0.wp.com\/www.akehedman.se\/wordpress\/wp-content\/uploads\/2023\/11\/alm-friuli-snow-snowfall-45204.jpeg?resize=525%2C300&ssl=1 1.5x, https:\/\/i0.wp.com\/www.akehedman.se\/wordpress\/wp-content\/uploads\/2023\/11\/alm-friuli-snow-snowfall-45204.jpeg?resize=700%2C400&ssl=1 2x, https:\/\/i0.wp.com\/www.akehedman.se\/wordpress\/wp-content\/uploads\/2023\/11\/alm-friuli-snow-snowfall-45204.jpeg?resize=1050%2C600&ssl=1 3x, https:\/\/i0.wp.com\/www.akehedman.se\/wordpress\/wp-content\/uploads\/2023\/11\/alm-friuli-snow-snowfall-45204.jpeg?resize=1400%2C800&ssl=1 4x"},"classes":[]},{"id":45111,"url":"https:\/\/www.akehedman.se\/wordpress\/?p=45111","url_meta":{"origin":15709,"position":3},"title":"!Vinter","author":"\u00c5ke Hedman","date":"2023-05-21","format":false,"excerpt":"Ingen himmel har fallit ner \u00f6ver i mitt huvud. Fast man n\u00e4stan kan f\u00f6rv\u00e4nta sig det n\u00e4r sommaren breder ut sig med full kraft s\u00e5h\u00e4r i maj. Men inte ens sm\u00e5fragment av himmel synes till n\u00e4r jag sitter d\u00e4r ute i tr\u00e4dg\u00e5rdsm\u00f6blerna och hoppas p\u00e5 koltrasts\u00e5ng. Klipper gr\u00e4smatta. Jo. Det\u2026","rel":"","context":"In &quot;Swedish&quot;","block_context":{"text":"Swedish","link":"https:\/\/www.akehedman.se\/wordpress\/?cat=2"},"img":{"alt_text":"","src":"https:\/\/i0.wp.com\/www.akehedman.se\/wordpress\/wp-content\/uploads\/2023\/05\/IMG_20210624_164057-ANIMATION.gif?resize=350%2C200&ssl=1","width":350,"height":200,"srcset":"https:\/\/i0.wp.com\/www.akehedman.se\/wordpress\/wp-content\/uploads\/2023\/05\/IMG_20210624_164057-ANIMATION.gif?resize=350%2C200&ssl=1 1x, https:\/\/i0.wp.com\/www.akehedman.se\/wordpress\/wp-content\/uploads\/2023\/05\/IMG_20210624_164057-ANIMATION.gif?resize=525%2C300&ssl=1 1.5x, https:\/\/i0.wp.com\/www.akehedman.se\/wordpress\/wp-content\/uploads\/2023\/05\/IMG_20210624_164057-ANIMATION.gif?resize=700%2C400&ssl=1 2x"},"classes":[]},{"id":32568,"url":"https:\/\/www.akehedman.se\/wordpress\/?p=32568","url_meta":{"origin":15709,"position":4},"title":"T som i torsdag","author":"\u00c5ke Hedman","date":"2019-07-18","format":false,"excerpt":"Tors dag. Man tar hammaren och sl\u00e5r den h\u00e5rt i st\u00e4det. Klooooo0OOOO..........ng, n\u00e4r gr\u00e4sklipparen inte l\u00e4ngre vill g\u00e5. S\u00e5klart blir det med v\u00e4nsterarmen, svagheten, men \u00e4nd\u00e5. Skit! Liksom! J\u00c4VLA SKIT! rent av. Men riktig sommar idag. H\u00e4rligt. Det g\u00e5r inte att komma ifr\u00e5n. Man m\u00e5ste minnas att det nyss var\u2026","rel":"","context":"In &quot;Betraktelser &amp; Ber\u00e4ttelse&quot;","block_context":{"text":"Betraktelser &amp; Ber\u00e4ttelse","link":"https:\/\/www.akehedman.se\/wordpress\/?cat=24"},"img":{"alt_text":"","src":"https:\/\/i0.wp.com\/www.akehedman.se\/wordpress\/wp-content\/uploads\/2019\/05\/IMG_20190524_151454873_HDR.jpg?resize=350%2C200&ssl=1","width":350,"height":200,"srcset":"https:\/\/i0.wp.com\/www.akehedman.se\/wordpress\/wp-content\/uploads\/2019\/05\/IMG_20190524_151454873_HDR.jpg?resize=350%2C200&ssl=1 1x, https:\/\/i0.wp.com\/www.akehedman.se\/wordpress\/wp-content\/uploads\/2019\/05\/IMG_20190524_151454873_HDR.jpg?resize=525%2C300&ssl=1 1.5x, https:\/\/i0.wp.com\/www.akehedman.se\/wordpress\/wp-content\/uploads\/2019\/05\/IMG_20190524_151454873_HDR.jpg?resize=700%2C400&ssl=1 2x, https:\/\/i0.wp.com\/www.akehedman.se\/wordpress\/wp-content\/uploads\/2019\/05\/IMG_20190524_151454873_HDR.jpg?resize=1050%2C600&ssl=1 3x, https:\/\/i0.wp.com\/www.akehedman.se\/wordpress\/wp-content\/uploads\/2019\/05\/IMG_20190524_151454873_HDR.jpg?resize=1400%2C800&ssl=1 4x"},"classes":[]},{"id":23580,"url":"https:\/\/www.akehedman.se\/wordpress\/?p=23580","url_meta":{"origin":15709,"position":5},"title":"Runt runt runt","author":"\u00c5ke Hedman","date":"2017-03-07","format":false,"excerpt":"Det \u00e4r s\u00e5d\u00e4r lite sk\u00f6nt kallt p\u00e5 min promenad. Minus nio. De d\u00e4r orden kan vara v\u00e4rda att spara p\u00e5, f\u00f6r de kommer inte upprepas allt f\u00f6rr ofta av en fryslort som mig. Men hur det \u00e4n \u00e4r \u00e4r det kring tio minus som vintern \u00e4r som b\u00e4st. Man fryser\u2026","rel":"","context":"In &quot;Betraktelser &amp; Ber\u00e4ttelse&quot;","block_context":{"text":"Betraktelser &amp; Ber\u00e4ttelse","link":"https:\/\/www.akehedman.se\/wordpress\/?cat=24"},"img":{"alt_text":"","src":"https:\/\/i0.wp.com\/www.akehedman.se\/wordpress\/wp-content\/uploads\/2017\/03\/20170307_075751-1024x576.png?resize=350%2C200","width":350,"height":200,"srcset":"https:\/\/i0.wp.com\/www.akehedman.se\/wordpress\/wp-content\/uploads\/2017\/03\/20170307_075751-1024x576.png?resize=350%2C200 1x, https:\/\/i0.wp.com\/www.akehedman.se\/wordpress\/wp-content\/uploads\/2017\/03\/20170307_075751-1024x576.png?resize=525%2C300 1.5x"},"classes":[]}],"jetpack_shortlink":"https:\/\/wp.me\/p68PL2-45n","_links":{"self":[{"href":"https:\/\/www.akehedman.se\/wordpress\/index.php?rest_route=\/wp\/v2\/posts\/15709","targetHints":{"allow":["GET"]}}],"collection":[{"href":"https:\/\/www.akehedman.se\/wordpress\/index.php?rest_route=\/wp\/v2\/posts"}],"about":[{"href":"https:\/\/www.akehedman.se\/wordpress\/index.php?rest_route=\/wp\/v2\/types\/post"}],"author":[{"embeddable":true,"href":"https:\/\/www.akehedman.se\/wordpress\/index.php?rest_route=\/wp\/v2\/users\/24"}],"replies":[{"embeddable":true,"href":"https:\/\/www.akehedman.se\/wordpress\/index.php?rest_route=%2Fwp%2Fv2%2Fcomments&post=15709"}],"version-history":[{"count":2,"href":"https:\/\/www.akehedman.se\/wordpress\/index.php?rest_route=\/wp\/v2\/posts\/15709\/revisions"}],"predecessor-version":[{"id":15712,"href":"https:\/\/www.akehedman.se\/wordpress\/index.php?rest_route=\/wp\/v2\/posts\/15709\/revisions\/15712"}],"wp:attachment":[{"href":"https:\/\/www.akehedman.se\/wordpress\/index.php?rest_route=%2Fwp%2Fv2%2Fmedia&parent=15709"}],"wp:term":[{"taxonomy":"category","embeddable":true,"href":"https:\/\/www.akehedman.se\/wordpress\/index.php?rest_route=%2Fwp%2Fv2%2Fcategories&post=15709"},{"taxonomy":"post_tag","embeddable":true,"href":"https:\/\/www.akehedman.se\/wordpress\/index.php?rest_route=%2Fwp%2Fv2%2Ftags&post=15709"}],"curies":[{"name":"wp","href":"https:\/\/api.w.org\/{rel}","templated":true}]}}