{"id":15700,"date":"2014-12-14T22:03:03","date_gmt":"2014-12-14T21:03:03","guid":{"rendered":"http:\/\/www.eurosource.se\/akhe\/wordpress\/?p=15700"},"modified":"2014-12-14T22:03:03","modified_gmt":"2014-12-14T21:03:03","slug":"fascister-eller-ej-sd-maste-bemotas-med-siffror-i-stallet-for-ord-jan-guillou-kolumnister-nyheter-aftonbladet","status":"publish","type":"post","link":"https:\/\/www.akehedman.se\/wordpress\/?p=15700","title":{"rendered":"Fascister eller ej &#8211; SD m\u00e5ste bem\u00f6tas med siffror i st\u00e4llet f\u00f6r ord | Jan Guillou | Kolumnister | Nyheter | Aftonbladet"},"content":{"rendered":"<p>Kostnaderna i b\u00f6rjan motsvarar bara en br\u00e5kdel av Reinfeldts skattes\u00e4nkningar f\u00f6r de rika.<\/p>\n<p>via <a href=\"http:\/\/www.aftonbladet.se\/nyheter\/kolumnister\/janguillou\/article20018455.ab\">Fascister eller ej &#8211; SD m\u00e5ste bem\u00f6tas med siffror i st\u00e4llet f\u00f6r ord | Jan Guillou | Kolumnister | Nyheter | Aftonbladet<\/a>.<\/p>\n","protected":false},"excerpt":{"rendered":"<p>Kostnaderna i b\u00f6rjan motsvarar bara en br\u00e5kdel av Reinfeldts skattes\u00e4nkningar f\u00f6r de rika. via Fascister eller ej &#8211; SD m\u00e5ste bem\u00f6tas med siffror i st\u00e4llet f\u00f6r ord | Jan Guillou | Kolumnister | Nyheter | Aftonbladet.<\/p>\n","protected":false},"author":24,"featured_media":0,"comment_status":"open","ping_status":"open","sticky":false,"template":"","format":"standard","meta":{"_crdt_document":"","jetpack_post_was_ever_published":false,"_jetpack_newsletter_access":"","_jetpack_dont_email_post_to_subs":false,"_jetpack_newsletter_tier_id":0,"_jetpack_memberships_contains_paywalled_content":false,"_jetpack_memberships_contains_paid_content":false,"footnotes":"","jetpack_publicize_message":"","jetpack_publicize_feature_enabled":true,"jetpack_social_post_already_shared":true,"jetpack_social_options":{"image_generator_settings":{"template":"highway","default_image_id":0,"font":"","enabled":false},"version":2}},"categories":[2],"tags":[],"class_list":["post-15700","post","type-post","status-publish","format-standard","hentry","category-swedish"],"jetpack_publicize_connections":[],"jetpack_featured_media_url":"","jetpack_sharing_enabled":true,"jetpack_likes_enabled":true,"jetpack-related-posts":[{"id":18813,"url":"https:\/\/www.akehedman.se\/wordpress\/?p=18813","url_meta":{"origin":15700,"position":0},"title":"Henning skulle ha inv\u00e4nt att det var ett konstigt s\u00e4tt att inleda ett gig | Jan Guillou | Kolumnister | Nyheter | Aftonbladet","author":"\u00c5ke Hedman","date":"2015-10-15","format":false,"excerpt":"D\u00f6dsbudet n\u00e5r mig genom bilradion i h\u00f6g fart p\u00e5 v\u00e4g norrut p\u00e5 E4:an. Pl\u00f6tsligt st\u00e5r allt stilla som om bilen h\u00e4ngde i luften n\u00e5gon meter \u00f6ver betongen. Jag har en v\u00e4ntande publik,\u2026 Source: Henning skulle ha inv\u00e4nt att det var ett konstigt s\u00e4tt att inleda ett gig | Jan Guillou\u2026","rel":"","context":"In &quot;Swedish&quot;","block_context":{"text":"Swedish","link":"https:\/\/www.akehedman.se\/wordpress\/?cat=2"},"img":{"alt_text":"","src":"","width":0,"height":0},"classes":[]},{"id":20785,"url":"https:\/\/www.akehedman.se\/wordpress\/?p=20785","url_meta":{"origin":15700,"position":1},"title":"Terrorismens motor","author":"\u00c5ke Hedman","date":"2016-06-22","format":false,"excerpt":"\"Saudiarabien styrs av den mest perversa sekt som n\u00e5gonsin uppst\u00e5tt inom islam, wahabismen. Enligt wahabitiska f\u00f6rest\u00e4llningar betyder den enskilde individen ingenting, stamtillh\u00f6ri\u2026\" Source: Saudiarabien \u00e4r motorn bakom terrorismen | Jan Guillou | Kolumnister | Nyheter | Aftonbladet","rel":"","context":"In &quot;Betraktelser &amp; Ber\u00e4ttelse&quot;","block_context":{"text":"Betraktelser &amp; Ber\u00e4ttelse","link":"https:\/\/www.akehedman.se\/wordpress\/?cat=24"},"img":{"alt_text":"","src":"","width":0,"height":0},"classes":[]},{"id":3279,"url":"https:\/\/www.akehedman.se\/wordpress\/?p=3279","url_meta":{"origin":15700,"position":2},"title":"Melodifestivalen m\u00e5ste vara ett helsjukt sk\u00e4mt | Alex Schulman | Kolumnister | Nyheter | Aftonbladet","author":"\u00c5ke Hedman","date":"2013-02-21","format":false,"excerpt":"Melodifestivalen m\u00e5ste vara ett helsjukt sk\u00e4mt | Alex Schulman | Kolumnister | Nyheter | Aftonbladet.","rel":"","context":"In &quot;Swedish&quot;","block_context":{"text":"Swedish","link":"https:\/\/www.akehedman.se\/wordpress\/?cat=2"},"img":{"alt_text":"","src":"","width":0,"height":0},"classes":[]},{"id":42742,"url":"https:\/\/www.akehedman.se\/wordpress\/?p=42742","url_meta":{"origin":15700,"position":3},"title":"Jan Guillou: Det vore en dyster valseger &#8211; Ballong kan r\u00e4dda livet p\u00e5 skjutna","author":"\u00c5ke Hedman","date":"2022-09-11","format":false,"excerpt":"https:\/\/www.aftonbladet.se\/nyheter\/kolumnister\/a\/15n4rW\/jan-guillou-det-vore-en-dyster-valseger?pinnedEntry=952047","rel":"","context":"In &quot;Swedish&quot;","block_context":{"text":"Swedish","link":"https:\/\/www.akehedman.se\/wordpress\/?cat=2"},"img":{"alt_text":"","src":"","width":0,"height":0},"classes":[]},{"id":16695,"url":"https:\/\/www.akehedman.se\/wordpress\/?p=16695","url_meta":{"origin":15700,"position":4},"title":"Damen med v\u00e4skan blev en symbol | Peter Kadhammar | Kolumnister | Nyheter | Aftonbladet","author":"\u00c5ke Hedman","date":"2015-02-24","format":false,"excerpt":"Damen med v\u00e4skan blev en symbol | Peter Kadhammar | Kolumnister | Nyheter | Aftonbladet.","rel":"","context":"In &quot;Swedish&quot;","block_context":{"text":"Swedish","link":"https:\/\/www.akehedman.se\/wordpress\/?cat=2"},"img":{"alt_text":"","src":"","width":0,"height":0},"classes":[]},{"id":19932,"url":"https:\/\/www.akehedman.se\/wordpress\/?p=19932","url_meta":{"origin":15700,"position":5},"title":"Kostnaden f\u00f6r alla prinsar och sessor: 8 000 000 000 000 | Ois\u00edn Cantwell | Kolumnister | Nyheter | Aftonbladet","author":"\u00c5ke Hedman","date":"2016-03-15","format":false,"excerpt":"Vi m\u00e5ste v\u00e5ga \u00aderk\u00e4nna att s\u00e5ng- och dansm\u00e4nnen p\u00e5 \u00adh\u00f6gerkanten kan ha r\u00e4tt i sina utr\u00e4kningar om storleken p\u00e5 den framtida invandringen. Ta till exempel Tino Sanandaji, ekonom ver\u2026 Source: Kostnaden f\u00f6r alla prinsar och sessor: 8 000 000 000 000 | Ois\u00edn Cantwell | Kolumnister | Nyheter | Aftonbladet","rel":"","context":"In &quot;Swedish&quot;","block_context":{"text":"Swedish","link":"https:\/\/www.akehedman.se\/wordpress\/?cat=2"},"img":{"alt_text":"","src":"","width":0,"height":0},"classes":[]}],"jetpack_shortlink":"https:\/\/wp.me\/p68PL2-45e","_links":{"self":[{"href":"https:\/\/www.akehedman.se\/wordpress\/index.php?rest_route=\/wp\/v2\/posts\/15700","targetHints":{"allow":["GET"]}}],"collection":[{"href":"https:\/\/www.akehedman.se\/wordpress\/index.php?rest_route=\/wp\/v2\/posts"}],"about":[{"href":"https:\/\/www.akehedman.se\/wordpress\/index.php?rest_route=\/wp\/v2\/types\/post"}],"author":[{"embeddable":true,"href":"https:\/\/www.akehedman.se\/wordpress\/index.php?rest_route=\/wp\/v2\/users\/24"}],"replies":[{"embeddable":true,"href":"https:\/\/www.akehedman.se\/wordpress\/index.php?rest_route=%2Fwp%2Fv2%2Fcomments&post=15700"}],"version-history":[{"count":1,"href":"https:\/\/www.akehedman.se\/wordpress\/index.php?rest_route=\/wp\/v2\/posts\/15700\/revisions"}],"predecessor-version":[{"id":15701,"href":"https:\/\/www.akehedman.se\/wordpress\/index.php?rest_route=\/wp\/v2\/posts\/15700\/revisions\/15701"}],"wp:attachment":[{"href":"https:\/\/www.akehedman.se\/wordpress\/index.php?rest_route=%2Fwp%2Fv2%2Fmedia&parent=15700"}],"wp:term":[{"taxonomy":"category","embeddable":true,"href":"https:\/\/www.akehedman.se\/wordpress\/index.php?rest_route=%2Fwp%2Fv2%2Fcategories&post=15700"},{"taxonomy":"post_tag","embeddable":true,"href":"https:\/\/www.akehedman.se\/wordpress\/index.php?rest_route=%2Fwp%2Fv2%2Ftags&post=15700"}],"curies":[{"name":"wp","href":"https:\/\/api.w.org\/{rel}","templated":true}]}}