{"id":15667,"date":"2014-12-12T22:35:43","date_gmt":"2014-12-12T21:35:43","guid":{"rendered":"http:\/\/www.eurosource.se\/akhe\/wordpress\/?p=15667"},"modified":"2014-12-12T22:35:43","modified_gmt":"2014-12-12T21:35:43","slug":"du-foraktar-mig-hur-i-helvete-skall-jag-da-se-pa-dig","status":"publish","type":"post","link":"https:\/\/www.akehedman.se\/wordpress\/?p=15667","title":{"rendered":"Du f\u00f6raktar mig, hur i helvete skall jag d\u00e5 se p\u00e5 dig!?"},"content":{"rendered":"<p><a href=\"https:\/\/i0.wp.com\/www.eurosource.se\/akhe\/wordpress\/wp-content\/uploads\/2014\/12\/unicorn_and_stars.jpg\"><img data-recalc-dims=\"1\" loading=\"lazy\" decoding=\"async\" class=\"alignnone size-full wp-image-15668\" src=\"https:\/\/i0.wp.com\/www.eurosource.se\/akhe\/wordpress\/wp-content\/uploads\/2014\/12\/unicorn_and_stars.jpg?resize=354%2C265\" alt=\"unicorn_and_stars\" width=\"354\" height=\"265\" \/><\/a><\/p>\n<p>Jag tror p\u00e5 \u00e4nglar och troll och Gandalf. Jag varf\u00f6r inte tomten ocks\u00e5. Inte f\u00f6r att jag tr\u00e4ffar och pratar med n\u00e5gon av dem \u00f6ga mot \u00f6ga. Nej det \u00e4r f\u00e5 f\u00f6runnat, bara de riktigt lyckliga har den ynnesten. Men utan dem \u00e4r v\u00e4rlden s\u00e5dan att jag inte orkar leva i den. Jag orkar inte med allt det d\u00e4r vanliga. Sjabbiga otrohetsknull p\u00e5 en grannes fests toalett, talet om att dr\u00f6mmar \u00e4r om\u00f6jliga, att v\u00e4rlden inte tillh\u00f6r oss alla och att ljus\u00e5ren ut i universums nya uppt\u00e4ckter \u00e4r o\u00f6verstigliga hinder som inte g\u00e5r att \u00f6verbrygga.<\/p>\n<p>Nej jag tror p\u00e5 den stora k\u00e4rleken. Den som jag skulle appl\u00e5dera gr\u00e5tandes om min fru kom hem och sa att hon drabbats av .Den som jag skulle heja p\u00e5, uppmuntra, medan hon packade och gav sig av, medans jag redan saknade en \u00e4lskad v\u00e4n av hela mitt hj\u00e4rta. Men jag tror p\u00e5 det d\u00e4r. Jag tror att den finns. Den stora k\u00e4rleken. Den med stort S eller K eller vilken j\u00e4vla kapil\u00e4r bokstav som helst. Att man kan drabbas och att det d\u00e5 \u00e4r ens skyldighet att ge sig h\u00e4n. Ta den d\u00e4r buss 8 var den nu leder en i livet d\u00e4rf\u00f6r att ens stora k\u00e4rlek tog den. Till och med om ens troliga stora k\u00e4rlek tog den, den som inte vet om att han eller hon \u00e4r det.<\/p>\n<p>Jag \u00e4r en s\u00e5dan d\u00e4r som tror att man skall s\u00e4ga upp sig fr\u00e5n jobbet och \u00f6ppna det d\u00e4r bageriet med femton sp\u00e4nn p\u00e5 kontot. Bara f\u00f6r att man v\u00e5gar. Bara f\u00f6r att man vet att man bara har ett enda liv och det vore en skam att kasta bort det n\u00e5gonstans d\u00e4r man inte bejakar det enda livet. Ta konsekvenserna, men leva fullt ut, inte ett kvarts liv inte ett halvliv, inte ett 90% liv utan 100 j\u00e4vla procent f\u00f6r att det \u00e4r en f\u00f6raktfull handling mot hela universum att leva ett enda uns mindre.<\/p>\n<p>Ja jag tror p\u00e5 det d\u00e4r. Jag tror p\u00e5 dr\u00f6mmarna. Men jag vet ocks\u00e5 att ett liv ofta inte r\u00e4cker f\u00f6r att f\u00f6rverkliga dem. Liv \u00e4r alldeles f\u00f6r korta och v\u00e4gen fram till dr\u00f6mmars m\u00e5l alldeles f\u00f6r l\u00e5nga. Men man \u00e4r bara en usling om man ger upp dem. Det spelar ingen roll vad m\u00e4nniskorna omkring en s\u00e4ger. Att man saknar talang. Att det inte g\u00e5r. Att det kostar f\u00f6r mycket. Att du borde sova. Att v\u00e4rlden inte vill ha dig. Har du en dr\u00f6m s\u00e5 vandra p\u00e5 mot den dr\u00f6mmen. Men det \u00e4r ingen j\u00e4vla promenad efter asfalterade gator man f\u00e5r f\u00f6reta sig f\u00f6r att n\u00e5 fram till dr\u00f6mmar. Nej det \u00e4r backar som reser sig framf\u00f6r en och som n\u00e4stan tar musten ur en, tr\u00e4sk som vill suga ner en rakt ner i underjorden, t\u00e4ta skogar d\u00e4r man f\u00e5r hugga sig fram, hav som man stormande f\u00e5r ta sig \u00f6ver i br\u00e4ckliga farkoster, ja ni fattar, eller ocks\u00e5 g\u00f6r ni inte det. Ger man sig d\u00e4r mitt p\u00e5 den d\u00e4r branta backen s\u00e5 g\u00f6r man det. Ger upp dr\u00f6mmen om att bli fotbollsproffs. Eller skipar dr\u00f6mmen om den stora k\u00e4rleken, passionen, det lyckliga livet. Man f\u00f6rl\u00e5ter aldrig det n\u00e5gonsin. Aldrig.<\/p>\n<p>S\u00e5 jag tro p\u00e5 dr\u00f6mmarna. Gandalf, troll och tomtar och \u00e4nglar och gudar och dj\u00e4vlar och enh\u00f6rningar och det som \u00e4r s\u00e5 sk\u00f6nt och vackert s\u00e5 att man inte kan besk\u00e5da det utan att bli vansinnig. Jag tror p\u00e5 det d\u00e4r. Du s\u00e4ger jag \u00e4r galen. Jag s\u00e4ger att du \u00e4r galen som v\u00e4grar att se v\u00e4rlden som den verkligen \u00e4r. Du som \u00e4r gjord av \u00e4nglastoft och stj\u00e4rndamm men som inte orkar resa dig ut tv soffan f\u00f6r att skapa en v\u00e4rld som du kan st\u00e5 ut med. Du f\u00f6raktar mig, hur i helvete skall jag d\u00e5 se p\u00e5 dig!?<\/p>\n","protected":false},"excerpt":{"rendered":"<p>Jag tror p\u00e5 \u00e4nglar och troll och Gandalf. Jag varf\u00f6r inte tomten ocks\u00e5. Inte f\u00f6r att jag tr\u00e4ffar och pratar med n\u00e5gon av dem \u00f6ga mot \u00f6ga. Nej det \u00e4r f\u00e5 f\u00f6runnat, bara de riktigt lyckliga har den ynnesten. Men utan dem \u00e4r v\u00e4rlden s\u00e5dan att jag inte orkar leva i den. Jag orkar inte [&hellip;]<\/p>\n","protected":false},"author":24,"featured_media":0,"comment_status":"open","ping_status":"open","sticky":false,"template":"","format":"standard","meta":{"_crdt_document":"","jetpack_post_was_ever_published":false,"_jetpack_newsletter_access":"","_jetpack_dont_email_post_to_subs":false,"_jetpack_newsletter_tier_id":0,"_jetpack_memberships_contains_paywalled_content":false,"_jetpack_memberships_contains_paid_content":false,"footnotes":"","jetpack_publicize_message":"","jetpack_publicize_feature_enabled":true,"jetpack_social_post_already_shared":true,"jetpack_social_options":{"image_generator_settings":{"template":"highway","default_image_id":0,"font":"","enabled":false},"version":2}},"categories":[24],"tags":[],"class_list":["post-15667","post","type-post","status-publish","format-standard","hentry","category-betraktelser"],"jetpack_publicize_connections":[],"jetpack_featured_media_url":"","jetpack_sharing_enabled":true,"jetpack_likes_enabled":true,"jetpack-related-posts":[{"id":26225,"url":"https:\/\/www.akehedman.se\/wordpress\/?p=26225","url_meta":{"origin":15667,"position":0},"title":"Jaha&#8230;","author":"\u00c5ke Hedman","date":"2017-12-11","format":false,"excerpt":"M\u00e5ndag. Egentligen har det inte varit helg. Livet och l\u00e5tsasarbetandet har fortsatt. Precis som vanligt. Som det \u00e4r. Som det skall vara. Jag k\u00f6r p\u00e5. F\u00f6rs\u00f6ker att inte bry mig om att det bara \u00e4r jag. Nuf\u00f6rtiden. Inget jag kan g\u00f6ra kan intressera andra l\u00e4ngre. Men det \u00e4r d\u00e5 som\u2026","rel":"","context":"In &quot;Betraktelser &amp; Ber\u00e4ttelse&quot;","block_context":{"text":"Betraktelser &amp; Ber\u00e4ttelse","link":"https:\/\/www.akehedman.se\/wordpress\/?cat=24"},"img":{"alt_text":"","src":"https:\/\/i0.wp.com\/www.akehedman.se\/wordpress\/wp-content\/uploads\/2017\/12\/IMG_20171201_165335268-768x1024.jpg?resize=350%2C200","width":350,"height":200,"srcset":"https:\/\/i0.wp.com\/www.akehedman.se\/wordpress\/wp-content\/uploads\/2017\/12\/IMG_20171201_165335268-768x1024.jpg?resize=350%2C200 1x, https:\/\/i0.wp.com\/www.akehedman.se\/wordpress\/wp-content\/uploads\/2017\/12\/IMG_20171201_165335268-768x1024.jpg?resize=525%2C300 1.5x"},"classes":[]},{"id":22740,"url":"https:\/\/www.akehedman.se\/wordpress\/?p=22740","url_meta":{"origin":15667,"position":1},"title":"Senast l\u00e4sta bok","author":"\u00c5ke Hedman","date":"2017-01-03","format":false,"excerpt":"Kom p\u00e5 att jag faktiskt l\u00e4ste klart en bok i helgen.... Miniatyrmakaren av Jessie Burton Det st\u00e5r n\u00e5gonstans att den h\u00e4r boken skall vara lite som Steglitsan av Donna Tartt men det \u00e4r den s\u00e5klart inte, s\u00e5 inledningsvis blir jag f\u00f6rbannat besviken. F\u00f6r Steglitsan ing\u00e5r i min top-tio-f\u00f6r-evigt-bokh\u00f6g. Tror jag\u2026","rel":"","context":"In &quot;B\u00f6cker&quot;","block_context":{"text":"B\u00f6cker","link":"https:\/\/www.akehedman.se\/wordpress\/?cat=13"},"img":{"alt_text":"","src":"https:\/\/i0.wp.com\/www.akehedman.se\/wordpress\/wp-content\/uploads\/2017\/01\/burton_miniatyrmakaren_omslag_inb-667x1024.jpg?resize=350%2C200","width":350,"height":200},"classes":[]},{"id":15106,"url":"https:\/\/www.akehedman.se\/wordpress\/?p=15106","url_meta":{"origin":15667,"position":2},"title":"Digerd\u00f6den","author":"\u00c5ke Hedman","date":"2014-10-14","format":false,"excerpt":"En smittskyddsl\u00e4kare ben\u00e4mner i Svenskan ig\u00e5r Ebolautbrottet i Afrika som v\u00e5r tids Digerd\u00f6d. Den som spred sig \u00f6ver v\u00e4rlden p\u00e5 1300 talet och d\u00f6dade i snitt varannan m\u00e4nniska. \u00a0Sjukdomen sprider sig under tiden 1347 -1351 f\u00f6r att sedan sakta avklinga. T\u00e4nk er sj\u00e4lva. Varannan m\u00e4nniska borta. J\u00e4mf\u00f6r den tidens kopplingar\u2026","rel":"","context":"In &quot;Betraktelser &amp; Ber\u00e4ttelse&quot;","block_context":{"text":"Betraktelser &amp; Ber\u00e4ttelse","link":"https:\/\/www.akehedman.se\/wordpress\/?cat=24"},"img":{"alt_text":"images","src":"https:\/\/i0.wp.com\/www.eurosource.se\/akhe\/wordpress\/wp-content\/uploads\/2014\/10\/images.jpg?resize=350%2C200","width":350,"height":200},"classes":[]},{"id":18341,"url":"https:\/\/www.akehedman.se\/wordpress\/?p=18341","url_meta":{"origin":15667,"position":3},"title":"Hela hj\u00e4rtat skall med","author":"\u00c5ke Hedman","date":"2015-08-01","format":false,"excerpt":"Min vecka av jobb har landat i helg men det som skulle vara den f\u00f6rsta jobbveckan blev S\u00f6rmland och landsbygd och en sv\u00e4rfar p\u00e5 intensiven. Livet hinner fatt en. Alltid \u00e4r det s\u00e5 och det \u00e4r s\u00e5klart s\u00e5 det skall vara ocks\u00e5. Men hemma nu. Skulle g\u00f6ra s\u00e5 mycket idag\u2026","rel":"","context":"In &quot;Betraktelser &amp; Ber\u00e4ttelse&quot;","block_context":{"text":"Betraktelser &amp; Ber\u00e4ttelse","link":"https:\/\/www.akehedman.se\/wordpress\/?cat=24"},"img":{"alt_text":"heartapple_119500478","src":"https:\/\/i0.wp.com\/www.akehedman.se\/wordpress\/wp-content\/uploads\/2013\/08\/heartapple_119500478.jpg?resize=350%2C200","width":350,"height":200},"classes":[]},{"id":13796,"url":"https:\/\/www.akehedman.se\/wordpress\/?p=13796","url_meta":{"origin":15667,"position":4},"title":"Men h\u00e5ll inte andan medan du v\u00e4ntar.","author":"\u00c5ke Hedman","date":"2014-07-06","format":false,"excerpt":"Det blir inte s\u00e5 mycket idag. Tv\u00e5 pioner skall ner i backen, bli en del av v\u00e5r familj. En ink\u00f6pt med 70% rabatt och en inhandlad till fullpris. De lever eller s\u00e5 \u00e4r de d\u00f6da n\u00e4sta \u00e5r n\u00e4r sn\u00f6n sm\u00e4lter bort. S\u00e5 ser det ut och man f\u00e5r leva med\u2026","rel":"","context":"In &quot;Swedish&quot;","block_context":{"text":"Swedish","link":"https:\/\/www.akehedman.se\/wordpress\/?cat=2"},"img":{"alt_text":"004","src":"https:\/\/i0.wp.com\/www.eurosource.se\/akhe\/wordpress\/wp-content\/uploads\/2014\/07\/004-1024x768.jpg?resize=350%2C200","width":350,"height":200,"srcset":"https:\/\/i0.wp.com\/www.eurosource.se\/akhe\/wordpress\/wp-content\/uploads\/2014\/07\/004-1024x768.jpg?resize=350%2C200 1x, https:\/\/i0.wp.com\/www.eurosource.se\/akhe\/wordpress\/wp-content\/uploads\/2014\/07\/004-1024x768.jpg?resize=525%2C300 1.5x"},"classes":[]},{"id":18983,"url":"https:\/\/www.akehedman.se\/wordpress\/?p=18983","url_meta":{"origin":15667,"position":5},"title":"Jag skulle ha sv\u00e5rt att bocka f\u00f6r kungen","author":"\u00c5ke Hedman","date":"2015-11-11","format":false,"excerpt":"Det \u00e4r en kall morgon h\u00e4r p\u00e5 kullen med det stora gula huset. Fast noll grader bara. Egentligen inte s\u00e5 kallt. Inte f\u00f6r \u00e5rstiden. Det kan vara minus tio eller mindre den h\u00e4r tiden p\u00e5 \u00e5ret normalt. Men jag fryser. \u00c4r och har alltid varit en fryslort. En som f\u00f6rs\u00f6ker\u2026","rel":"","context":"In &quot;Betraktelser &amp; Ber\u00e4ttelse&quot;","block_context":{"text":"Betraktelser &amp; Ber\u00e4ttelse","link":"https:\/\/www.akehedman.se\/wordpress\/?cat=24"},"img":{"alt_text":"210px-King_Carl_XVI_Gustaf_at_National_Day_2009_Cropped","src":"https:\/\/i0.wp.com\/www.akehedman.se\/wordpress\/wp-content\/uploads\/2015\/11\/210px-King_Carl_XVI_Gustaf_at_National_Day_2009_Cropped.png?resize=350%2C200","width":350,"height":200},"classes":[]}],"jetpack_shortlink":"https:\/\/wp.me\/p68PL2-44H","_links":{"self":[{"href":"https:\/\/www.akehedman.se\/wordpress\/index.php?rest_route=\/wp\/v2\/posts\/15667","targetHints":{"allow":["GET"]}}],"collection":[{"href":"https:\/\/www.akehedman.se\/wordpress\/index.php?rest_route=\/wp\/v2\/posts"}],"about":[{"href":"https:\/\/www.akehedman.se\/wordpress\/index.php?rest_route=\/wp\/v2\/types\/post"}],"author":[{"embeddable":true,"href":"https:\/\/www.akehedman.se\/wordpress\/index.php?rest_route=\/wp\/v2\/users\/24"}],"replies":[{"embeddable":true,"href":"https:\/\/www.akehedman.se\/wordpress\/index.php?rest_route=%2Fwp%2Fv2%2Fcomments&post=15667"}],"version-history":[{"count":1,"href":"https:\/\/www.akehedman.se\/wordpress\/index.php?rest_route=\/wp\/v2\/posts\/15667\/revisions"}],"predecessor-version":[{"id":15669,"href":"https:\/\/www.akehedman.se\/wordpress\/index.php?rest_route=\/wp\/v2\/posts\/15667\/revisions\/15669"}],"wp:attachment":[{"href":"https:\/\/www.akehedman.se\/wordpress\/index.php?rest_route=%2Fwp%2Fv2%2Fmedia&parent=15667"}],"wp:term":[{"taxonomy":"category","embeddable":true,"href":"https:\/\/www.akehedman.se\/wordpress\/index.php?rest_route=%2Fwp%2Fv2%2Fcategories&post=15667"},{"taxonomy":"post_tag","embeddable":true,"href":"https:\/\/www.akehedman.se\/wordpress\/index.php?rest_route=%2Fwp%2Fv2%2Ftags&post=15667"}],"curies":[{"name":"wp","href":"https:\/\/api.w.org\/{rel}","templated":true}]}}