{"id":15581,"date":"2014-12-08T12:45:38","date_gmt":"2014-12-08T11:45:38","guid":{"rendered":"http:\/\/www.eurosource.se\/akhe\/wordpress\/?p=15581"},"modified":"2014-12-08T12:45:38","modified_gmt":"2014-12-08T11:45:38","slug":"per-persson-ar-arets-alftabo-helahalsingland-se","status":"publish","type":"post","link":"https:\/\/www.akehedman.se\/wordpress\/?p=15581","title":{"rendered":"Per Persson \u00e4r \u00e5rets Alftabo &#8211; helahalsingland.se"},"content":{"rendered":"<p><a href=\"http:\/\/www.helahalsingland.se\/halsingland\/ovanaker\/per-persson-ar-arets-alftabo\">Per Persson \u00e4r \u00e5rets Alftabo &#8211; helahalsingland.se<\/a>.<\/p>\n","protected":false},"excerpt":{"rendered":"<p>Per Persson \u00e4r \u00e5rets Alftabo &#8211; helahalsingland.se.<\/p>\n","protected":false},"author":24,"featured_media":0,"comment_status":"open","ping_status":"open","sticky":false,"template":"","format":"standard","meta":{"_crdt_document":"","jetpack_post_was_ever_published":false,"_jetpack_newsletter_access":"","_jetpack_dont_email_post_to_subs":false,"_jetpack_newsletter_tier_id":0,"_jetpack_memberships_contains_paywalled_content":false,"_jetpack_memberships_contains_paid_content":false,"footnotes":"","jetpack_publicize_message":"","jetpack_publicize_feature_enabled":true,"jetpack_social_post_already_shared":true,"jetpack_social_options":{"image_generator_settings":{"template":"highway","default_image_id":0,"font":"","enabled":false},"version":2}},"categories":[2],"tags":[],"class_list":["post-15581","post","type-post","status-publish","format-standard","hentry","category-swedish"],"jetpack_publicize_connections":[],"jetpack_featured_media_url":"","jetpack_sharing_enabled":true,"jetpack_likes_enabled":true,"jetpack-related-posts":[{"id":24613,"url":"https:\/\/www.akehedman.se\/wordpress\/?p=24613","url_meta":{"origin":15581,"position":0},"title":"Per Persson nominerad till \u00e5rets l\u00e5t \u2013 p\u00e5 dansbandsgala","author":"\u00c5ke Hedman","date":"2017-06-10","format":false,"excerpt":"Stackars Per. Dansbandsgalan... han kan bara hoppas p\u00e5 att inte vinna ocks\u00e5. Han har redan gjort comeback med ett nytt \"pack\". Nu \u00e4r Per Persson dessutom nominerad till priset \u00e5rets l\u00e5t \u2013 p\u00e5 dansbandsgalan Guldklaven. Source: Per Persson nominerad till \u00e5rets l\u00e5t \u2013 p\u00e5 dansbandsgala","rel":"","context":"In &quot;Swedish&quot;","block_context":{"text":"Swedish","link":"https:\/\/www.akehedman.se\/wordpress\/?cat=2"},"img":{"alt_text":"","src":"","width":0,"height":0},"classes":[]},{"id":14049,"url":"https:\/\/www.akehedman.se\/wordpress\/?p=14049","url_meta":{"origin":15581,"position":1},"title":"\u00c5rets Losbo \u00e4r utsedd &#8211; helahalsingland.se","author":"\u00c5ke Hedman","date":"2014-07-17","format":false,"excerpt":"Bra! \u00c5rets Losbo \u00e4r utsedd - helahalsingland.se.","rel":"","context":"In &quot;Swedish&quot;","block_context":{"text":"Swedish","link":"https:\/\/www.akehedman.se\/wordpress\/?cat=2"},"img":{"alt_text":"","src":"","width":0,"height":0},"classes":[]},{"id":17837,"url":"https:\/\/www.akehedman.se\/wordpress\/?p=17837","url_meta":{"origin":15581,"position":2},"title":"Bekr\u00e4ftat jordskalv i Forsa &#8211; helahalsingland.se","author":"\u00c5ke Hedman","date":"2015-05-13","format":false,"excerpt":"I september f\u00f6rra \u00e5ret skakades Los-omr\u00e5det av ett jordskalv. Det k\u00e4ndes ner mot Bolln\u00e4s d\u00e4r kor smet. D\u00e4r borde det inte m\u00e4rkas mycket av landh\u00f6jning men det finns heller inga f\u00f6rkastningssprickor s\u00e5 det jordskalvet \u00e4r \u00e4nnu utan f\u00f6rklaring. Source: Bekr\u00e4ftat jordskalv i Forsa - helahalsingland.se \u00a0 Min teori \u00e4r rymdvarelser.\u2026","rel":"","context":"In &quot;Swedish&quot;","block_context":{"text":"Swedish","link":"https:\/\/www.akehedman.se\/wordpress\/?cat=2"},"img":{"alt_text":"","src":"","width":0,"height":0},"classes":[]},{"id":46311,"url":"https:\/\/www.akehedman.se\/wordpress\/?p=46311","url_meta":{"origin":15581,"position":3},"title":"Veckans artist \u00e4r Per Persson &#8211; P4 G\u00e4vleborg | Sveriges Radio","author":"\u00c5ke Hedman","date":"2023-10-23","format":false,"excerpt":"Source: Veckans artist \u00e4r Per Persson - P4 G\u00e4vleborg | Sveriges Radio Ett BRA val tycker man s\u00e5klart.","rel":"","context":"In &quot;Swedish&quot;","block_context":{"text":"Swedish","link":"https:\/\/www.akehedman.se\/wordpress\/?cat=2"},"img":{"alt_text":"","src":"","width":0,"height":0},"classes":[]},{"id":40361,"url":"https:\/\/www.akehedman.se\/wordpress\/?p=40361","url_meta":{"origin":15581,"position":4},"title":"Persson bjuder in Dregen till skolmatsal: &#8220;Kan se fram emot Alfta by night&#8221; \u2013 Helah\u00e4lsingland","author":"\u00c5ke Hedman","date":"2021-11-19","format":false,"excerpt":"Spelningen s\u00e4nds digitalt p\u00e5 helah\u00e4lsingland.se p\u00e5 s\u00f6ndag. Source: Persson bjuder in Dregen till skolmatsal: \"Kan se fram emot Alfta by night\" \u2013 Helah\u00e4lsingland","rel":"","context":"In &quot;Musik&quot;","block_context":{"text":"Musik","link":"https:\/\/www.akehedman.se\/wordpress\/?cat=9"},"img":{"alt_text":"","src":"","width":0,"height":0},"classes":[]},{"id":14947,"url":"https:\/\/www.akehedman.se\/wordpress\/?p=14947","url_meta":{"origin":15581,"position":5},"title":"Ni \u00e4r inte rasister \u2013 men var \u00e4r hj\u00e4rtat? &#8211; helahalsingland.se","author":"\u00c5ke Hedman","date":"2014-09-23","format":false,"excerpt":"Ni \u00e4r inte rasister \u2013 men var \u00e4r hj\u00e4rtat? - helahalsingland.se.","rel":"","context":"In &quot;Swedish&quot;","block_context":{"text":"Swedish","link":"https:\/\/www.akehedman.se\/wordpress\/?cat=2"},"img":{"alt_text":"","src":"","width":0,"height":0},"classes":[]}],"jetpack_shortlink":"https:\/\/wp.me\/p68PL2-43j","_links":{"self":[{"href":"https:\/\/www.akehedman.se\/wordpress\/index.php?rest_route=\/wp\/v2\/posts\/15581","targetHints":{"allow":["GET"]}}],"collection":[{"href":"https:\/\/www.akehedman.se\/wordpress\/index.php?rest_route=\/wp\/v2\/posts"}],"about":[{"href":"https:\/\/www.akehedman.se\/wordpress\/index.php?rest_route=\/wp\/v2\/types\/post"}],"author":[{"embeddable":true,"href":"https:\/\/www.akehedman.se\/wordpress\/index.php?rest_route=\/wp\/v2\/users\/24"}],"replies":[{"embeddable":true,"href":"https:\/\/www.akehedman.se\/wordpress\/index.php?rest_route=%2Fwp%2Fv2%2Fcomments&post=15581"}],"version-history":[{"count":1,"href":"https:\/\/www.akehedman.se\/wordpress\/index.php?rest_route=\/wp\/v2\/posts\/15581\/revisions"}],"predecessor-version":[{"id":15582,"href":"https:\/\/www.akehedman.se\/wordpress\/index.php?rest_route=\/wp\/v2\/posts\/15581\/revisions\/15582"}],"wp:attachment":[{"href":"https:\/\/www.akehedman.se\/wordpress\/index.php?rest_route=%2Fwp%2Fv2%2Fmedia&parent=15581"}],"wp:term":[{"taxonomy":"category","embeddable":true,"href":"https:\/\/www.akehedman.se\/wordpress\/index.php?rest_route=%2Fwp%2Fv2%2Fcategories&post=15581"},{"taxonomy":"post_tag","embeddable":true,"href":"https:\/\/www.akehedman.se\/wordpress\/index.php?rest_route=%2Fwp%2Fv2%2Ftags&post=15581"}],"curies":[{"name":"wp","href":"https:\/\/api.w.org\/{rel}","templated":true}]}}