{"id":15573,"date":"2014-12-07T23:39:30","date_gmt":"2014-12-07T22:39:30","guid":{"rendered":"http:\/\/www.eurosource.se\/akhe\/wordpress\/?p=15573"},"modified":"2014-12-08T08:46:15","modified_gmt":"2014-12-08T07:46:15","slug":"jompa","status":"publish","type":"post","link":"https:\/\/www.akehedman.se\/wordpress\/?p=15573","title":{"rendered":"&#8220;Jompa&#8221;"},"content":{"rendered":"<p>Av en ren slump springer jag p\u00e5 en <a href=\"http:\/\/www.helahalsingland.se\/halsingland\/ovanaker\/vandplatsens-vargalleri\">artikel i HelaH\u00e4lsingland<\/a> och d\u00e4r st\u00e5r han &#8211; &#8220;Jompa&#8221;. Jag \u00e4r inte s\u00e4ker f\u00f6rst, men hans bror bekr\u00e4ftar att John-Erik Olsson p\u00e5 bilden, tv\u00e5 fr\u00e5n v\u00e4nster, verkligen \u00e4r &#8220;Jompa&#8221;. Ja Jon-Erik kallade han sig p\u00e5 den tiden. Kanske har artikelf\u00f6rfattaren f\u00e5tt till namnet fel eller ocks\u00e5 hette han verkligen John-Erik. Jag vet inte, men en g\u00e5ng i tiden var vi kompisar. N\u00e4ra kompisar men s\u00e5 olika som n\u00e5gra kan bli \u00e4nd\u00e5. Vi spelade b\u00e5da tv\u00e5. Frontade. K\u00f6rde v\u00e5ra band. Best\u00e4mde. Ville bli stora artister. En tid f\u00f6rs\u00f6kte vi spela i samma band till och med men det fungerade aldrig. Vi var tv\u00e5 som vill best\u00e4mma hur det skulle l\u00e5ta. Inget band kan ha tv\u00e5 s\u00e5dana i sig. S\u00e5 vi gick parallellt vidare. Han i sitt band och jag i mitt band och aldrig m\u00f6ttes de tv\u00e5. Ja de gjorde de ju s\u00e5klart\u00a0 Efter danserna, festerna s\u00e5 kunde vi jamma hela n\u00e4tterna l\u00e5nga d\u00e4r p\u00e5 S\u00f6dran. Ungdomsg\u00e5rden som l\u00e4rde oss vad livet \u00e4r.<\/p>\n<p>Jag ser att han s\u00e4ger till reportern i artikeln &#8220;<em>Det \u00e4r lite l\u00e4ttare att leva p\u00e5 v\u00e5ren och sommaren<\/em>&#8221; och jag h\u00f6rde hur han sp\u00e5rade ur. Hur han gav efter f\u00f6r knark och skit. Levde livet p\u00e5 gatorna. Det \u00e4r klart att man tycker livet \u00e4r enklare att leva p\u00e5 v\u00e5ren och sommaren d\u00e5. Att det sitter i. Det \u00e4r s\u00e5 sj\u00e4lvklart. Men det h\u00e4r \u00e5ret, den h\u00e4r sommaren m\u00e5ste han ha d\u00f6tt. Jag fick h\u00f6ra det f\u00f6rst ett \u00e5r senare, n\u00e4r det var f\u00f6r sent att tr\u00e4ffas en g\u00e5ng till.<\/p>\n<p>Men jag blir \u00e4nd\u00e5 glad \u00f6ver att f\u00e5 se det d\u00e4r fotot. Jag har inte tr\u00e4ffat honom sedan den d\u00e4r sommaren 1978 som blev min sista sommar med g\u00e4nget. Den n\u00e4r jag la ner gitarren s\u00e5 att de andra fick ta min plats, Traste, Per, Ulf, kunde ta upp staffettpinnen och verkligen f\u00f6rverkliga det d\u00e4r som vi ville g\u00f6ra. Jag tittar p\u00e5 bilden l\u00e4nge. Vill hitta ett endaste k\u00e4nnetecken som f\u00e5r klockor att ringa inom mig. Men det finns inte d\u00e4r. Ingenting i det d\u00e4r ansiktet jag minns. Hade vi m\u00f6tt varandra p\u00e5 samma trottoar s\u00e5 hade jag inte k\u00e4nt igen honom. Hur obeskrivligt sorgligt \u00e4r inte det?<\/p>\n<p>Jag skrev i alla fall en l\u00e5t till honom. Ja, och jag skrev den d\u00e4r l\u00e5ten medans han levde. Om han h\u00f6rde den eller inte har jag ingen aning om. Troligen inte. Om jag t\u00e4nker p\u00e5 det s\u00e5 m\u00e5ste den ha skrivits ungef\u00e4r n\u00e4r det h\u00e4r fotot togs dessutom. Det finns inget inst\u00e4llsamt i den d\u00e4r l\u00e5ten. Bara en ber\u00e4ttelse om hur det var eller ett f\u00f6rs\u00f6k till en ber\u00e4ttelse om hur det var.<\/p>\n<p>Ja, flickorna \u00e4lskade &#8220;Jompa&#8221;, och det var s\u00e5 sj\u00e4lvklart att man inte ens blev avundsjuk. Han sket \u00e4nd\u00e5 i de flesta av dem. Det var musik som var grejen. Det f\u00f6renade oss p\u00e5 ett s\u00e4tt som inte ens d\u00f6den kan bryta. Jag vet dessutom s\u00e5 v\u00e4l att hade jag inte lagt ned gitarren den d\u00e4r sommaren s\u00e5 hade hans v\u00e4g kunnat varit min. En annons fr\u00e5n en teknisk skola sl\u00e4ngde iv\u00e4g mig eller v\u00e4xlade in mig p\u00e5 ett annat sp\u00e5r och tog mig bort fr\u00e5n det d\u00e4r f\u00f6r att jag v\u00e5gade. En s\u00e5dan obeskrivlig tur att jag s\u00e5g den d\u00e4r annonsen den d\u00e4r dan i Ljusnan.S\u00e5 sorgligt att &#8220;Jompa&#8221; aldrig kunde l\u00e4mna rockstj\u00e4rnelivet ens n\u00e4r det inte l\u00e4ngre fanns kvar som en dr\u00f6m.<\/p>\n<p>&#8220;Jompa&#8221; \u00e4r en av dem jag t\u00e4nder ljus f\u00f6r p\u00e5 kyrkog\u00e5rden. Lars har ju dessutom tillkommit i den skaran. En annan kamrat fr\u00e5n f\u00f6rr. B\u00e5da fr\u00e5n S\u00f6drang\u00e4nget och musiken. Det \u00e4r bara den d\u00e4r f\u00f6rbannade sn\u00e5lbl\u00e5sten p\u00e5 Ovan\u00e5kers kyrkog\u00e5rd, den som letar sig in under huden till och med och kyler ned ens hela inre jag, fr\u00e5n stort\u00e5 till hj\u00e4ssa, som hindrar mig fr\u00e5n att brista ut i hulkande gr\u00e5t n\u00e4r jag st\u00e5r d\u00e4r p\u00e5 kyrkog\u00e5rden och t\u00e4nker p\u00e5 allt vi gjorde. Or\u00e4ttvist? Ja, kanske, eller inte&#8230; Vi p\u00e5verkar sj\u00e4lva v\u00e5ra liv. V\u00e4ljer v\u00e5ra v\u00e4gar och f\u00e5r de liv det blir. Alla har sitt. Gl\u00e4dje och sorg. Man f\u00e5r leva med det. Men saknad \u00e4r den j\u00e4vla d\u00e5ren i alla fall. Jag kommer aldrig att gl\u00f6mma en kamrat fr\u00e5n f\u00f6rr och bilden den \u00e5ker s\u00e5klart upp p\u00e5 en v\u00e4gg h\u00e4r p\u00e5 kontoret.<\/p>\n<p>[soundcloud url=&#8221;https:\/\/api.soundcloud.com\/tracks\/34432160&#8243; params=&#8221;auto_play=false&amp;hide_related=false&amp;show_comments=true&amp;show_user=true&amp;show_reposts=false&amp;visual=true&#8221; width=&#8221;100%&#8221; height=&#8221;450&#8243; iframe=&#8221;true&#8221; \/]<\/p>\n","protected":false},"excerpt":{"rendered":"<p>Av en ren slump springer jag p\u00e5 en artikel i HelaH\u00e4lsingland och d\u00e4r st\u00e5r han &#8211; &#8220;Jompa&#8221;. Jag \u00e4r inte s\u00e4ker f\u00f6rst, men hans bror bekr\u00e4ftar att John-Erik Olsson p\u00e5 bilden, tv\u00e5 fr\u00e5n v\u00e4nster, verkligen \u00e4r &#8220;Jompa&#8221;. Ja Jon-Erik kallade han sig p\u00e5 den tiden. Kanske har artikelf\u00f6rfattaren f\u00e5tt till namnet fel eller ocks\u00e5 hette [&hellip;]<\/p>\n","protected":false},"author":24,"featured_media":0,"comment_status":"open","ping_status":"open","sticky":false,"template":"","format":"standard","meta":{"_crdt_document":"","jetpack_post_was_ever_published":false,"_jetpack_newsletter_access":"","_jetpack_dont_email_post_to_subs":false,"_jetpack_newsletter_tier_id":0,"_jetpack_memberships_contains_paywalled_content":false,"_jetpack_memberships_contains_paid_content":false,"footnotes":"","jetpack_publicize_message":"","jetpack_publicize_feature_enabled":true,"jetpack_social_post_already_shared":true,"jetpack_social_options":{"image_generator_settings":{"template":"highway","default_image_id":0,"font":"","enabled":false},"version":2}},"categories":[24],"tags":[],"class_list":["post-15573","post","type-post","status-publish","format-standard","hentry","category-betraktelser"],"jetpack_publicize_connections":[],"jetpack_featured_media_url":"","jetpack_sharing_enabled":true,"jetpack_likes_enabled":true,"jetpack-related-posts":[{"id":48913,"url":"https:\/\/www.akehedman.se\/wordpress\/?p=48913","url_meta":{"origin":15573,"position":0},"title":"Jompa","author":"\u00c5ke Hedman","date":"2025-01-07","format":false,"excerpt":"De flesta hade v\u00e4l dragit \u00e5t olika h\u00e5ll vid det laget men h\u00f6lls kvar av ett h\u00e5rt sp\u00e4nt gummiband som snart skulle brista. Vi h\u00f6ll (motvilligt) p\u00e5 att bli vuxna. Sj\u00e4lv drog jag iv\u00e4g senare samma h\u00f6st f\u00f6r att plugga. Hem kom man den f\u00f6rsta julen. Allt var annorlunda. Fast\u2026","rel":"","context":"In &quot;Betraktelser &amp; Ber\u00e4ttelse&quot;","block_context":{"text":"Betraktelser &amp; Ber\u00e4ttelse","link":"https:\/\/www.akehedman.se\/wordpress\/?cat=24"},"img":{"alt_text":"","src":"https:\/\/i0.wp.com\/www.akehedman.se\/wordpress\/wp-content\/uploads\/2025\/01\/Screenshot-from-2025-01-07-21-19-50.png?resize=350%2C200&ssl=1","width":350,"height":200},"classes":[]},{"id":13345,"url":"https:\/\/www.akehedman.se\/wordpress\/?p=13345","url_meta":{"origin":15573,"position":1},"title":"Skit, skit, skit, skit ocks\u00e5!!!","author":"\u00c5ke Hedman","date":"2014-06-02","format":false,"excerpt":"Jag har \u00f6gonen fulla med t\u00e5rar n\u00e4r jag skriver det h\u00e4r, jag som inte ens kunde gr\u00e5ta p\u00e5 min egen mammas begravning. Det \u00e4r s\u00e5 j\u00e4vla konstigt hur man reagerar. Men jag f\u00e5r h\u00f6ra att Jompa \u00e4r d\u00f6d. Det har han varit ett \u00e5r, men jag f\u00e5r allts\u00e5 reda p\u00e5\u2026","rel":"","context":"In &quot;Betraktelser &amp; Ber\u00e4ttelse&quot;","block_context":{"text":"Betraktelser &amp; Ber\u00e4ttelse","link":"https:\/\/www.akehedman.se\/wordpress\/?cat=24"},"img":{"alt_text":"kingsonic1","src":"https:\/\/i0.wp.com\/www.eurosource.se\/akhe\/wordpress\/wp-content\/uploads\/2014\/06\/kingsonic1.jpg?resize=350%2C200","width":350,"height":200,"srcset":"https:\/\/i0.wp.com\/www.eurosource.se\/akhe\/wordpress\/wp-content\/uploads\/2014\/06\/kingsonic1.jpg?resize=350%2C200 1x, https:\/\/i0.wp.com\/www.eurosource.se\/akhe\/wordpress\/wp-content\/uploads\/2014\/06\/kingsonic1.jpg?resize=525%2C300 1.5x, https:\/\/i0.wp.com\/www.eurosource.se\/akhe\/wordpress\/wp-content\/uploads\/2014\/06\/kingsonic1.jpg?resize=700%2C400 2x"},"classes":[]},{"id":46970,"url":"https:\/\/www.akehedman.se\/wordpress\/?p=46970","url_meta":{"origin":15573,"position":2},"title":"Lokal rockhistoria","author":"\u00c5ke Hedman","date":"2024-01-17","format":false,"excerpt":"Delar med mig av en gammal musikbild till. Gamla hus och rockband har en speciell koppling. Fr\u00e5ga mig inte varf\u00f6r. Men h\u00e4r har de tv\u00e5 hittat varandra \u00e4nnu en g\u00e5ng. P\u00e5 bilden, jag (gitarr), Kjell \"\"sluggo\" Toresson (gitarr), Jon \"jompa\" Olsson (s\u00e5ng), Tommy Lindberg (bas), Esbj\u00f6rn \"ester\" K\u00e4ll (trummor). Bandet\u2026","rel":"","context":"In &quot;Swedish&quot;","block_context":{"text":"Swedish","link":"https:\/\/www.akehedman.se\/wordpress\/?cat=2"},"img":{"alt_text":"","src":"https:\/\/i0.wp.com\/www.akehedman.se\/wordpress\/wp-content\/uploads\/2024\/01\/356627774_112483858561707_2631364261704042439_n.jpg?resize=350%2C200&ssl=1","width":350,"height":200,"srcset":"https:\/\/i0.wp.com\/www.akehedman.se\/wordpress\/wp-content\/uploads\/2024\/01\/356627774_112483858561707_2631364261704042439_n.jpg?resize=350%2C200&ssl=1 1x, https:\/\/i0.wp.com\/www.akehedman.se\/wordpress\/wp-content\/uploads\/2024\/01\/356627774_112483858561707_2631364261704042439_n.jpg?resize=525%2C300&ssl=1 1.5x, https:\/\/i0.wp.com\/www.akehedman.se\/wordpress\/wp-content\/uploads\/2024\/01\/356627774_112483858561707_2631364261704042439_n.jpg?resize=700%2C400&ssl=1 2x"},"classes":[]},{"id":18218,"url":"https:\/\/www.akehedman.se\/wordpress\/?p=18218","url_meta":{"origin":15573,"position":3},"title":"Vinden och ett f\u00f6rl\u00e5t","author":"\u00c5ke Hedman","date":"2015-07-05","format":false,"excerpt":"Jag har redan jobbat n\u00e5gra timmar nu s\u00e5h\u00e4r p\u00e5 s\u00f6ndagskv\u00e4llen men har varit ledig resten av helgen. Flyttat rosor och buskar, gr\u00e4vt h\u00e5l, fyllt igen h\u00e5l och klippt gr\u00e4smatta och hunnit med n\u00e5gra minuter i h\u00e4ngmattan. Ja grillat ocks\u00e5. Den f\u00f6rsta grillningen f\u00f6r i \u00e5r. Nedsk\u00f6ljt med rose' som sig\u2026","rel":"","context":"In &quot;Betraktelser &amp; Ber\u00e4ttelse&quot;","block_context":{"text":"Betraktelser &amp; Ber\u00e4ttelse","link":"https:\/\/www.akehedman.se\/wordpress\/?cat=24"},"img":{"alt_text":"001","src":"https:\/\/i0.wp.com\/www.akehedman.se\/wordpress\/wp-content\/uploads\/2015\/07\/001-1024x768.jpg?resize=350%2C200","width":350,"height":200,"srcset":"https:\/\/i0.wp.com\/www.akehedman.se\/wordpress\/wp-content\/uploads\/2015\/07\/001-1024x768.jpg?resize=350%2C200 1x, https:\/\/i0.wp.com\/www.akehedman.se\/wordpress\/wp-content\/uploads\/2015\/07\/001-1024x768.jpg?resize=525%2C300 1.5x"},"classes":[]},{"id":40831,"url":"https:\/\/www.akehedman.se\/wordpress\/?p=40831","url_meta":{"origin":15573,"position":4},"title":"F\u00f6rsta s\u00e4ttningen","author":"\u00c5ke Hedman","date":"2022-01-07","format":false,"excerpt":"Smygarn kallade vi honom. Han var fr\u00e5n Bolln\u00e4strakten. Vi gick i samma klass p\u00e5 gymnasiet. Gitarrist I den f\u00f6rsta bandkonstellationen. Innan n\u00e5gon \u00f6ver huvudtaget (egentligen) kunde spela. \u00c5tminstone en hel l\u00e5t. Eller \u00e5tminstone samma l\u00e5t samtidigt. D\u00e5 n\u00e4r min f\u00f6rst\u00e4rkare var en gammal bandspelare \u00e4rvd efter brorsan och en egenihopsnickrad\u2026","rel":"","context":"In &quot;Betraktelser &amp; Ber\u00e4ttelse&quot;","block_context":{"text":"Betraktelser &amp; Ber\u00e4ttelse","link":"https:\/\/www.akehedman.se\/wordpress\/?cat=24"},"img":{"alt_text":"","src":"https:\/\/i0.wp.com\/www.akehedman.se\/wordpress\/wp-content\/uploads\/2022\/01\/first.jpg?resize=350%2C200&ssl=1","width":350,"height":200,"srcset":"https:\/\/i0.wp.com\/www.akehedman.se\/wordpress\/wp-content\/uploads\/2022\/01\/first.jpg?resize=350%2C200&ssl=1 1x, https:\/\/i0.wp.com\/www.akehedman.se\/wordpress\/wp-content\/uploads\/2022\/01\/first.jpg?resize=525%2C300&ssl=1 1.5x, https:\/\/i0.wp.com\/www.akehedman.se\/wordpress\/wp-content\/uploads\/2022\/01\/first.jpg?resize=700%2C400&ssl=1 2x"},"classes":[]},{"id":6476,"url":"https:\/\/www.akehedman.se\/wordpress\/?p=6476","url_meta":{"origin":15573,"position":5},"title":"V\u00e5rk\u00e4nningar snart eller&#8230;","author":"\u00c5ke Hedman","date":"2013-04-07","format":false,"excerpt":"Det sn\u00f6ar och bl\u00e5ser kallt ute. Aprilv\u00e4der. Allts\u00e5 som sig b\u00f6r. Tittar p\u00e5 prognosen f\u00f6r veckan och den ger inte n\u00e5got n\u00e4mnv\u00e4rt hopp. Det \u00e4r bara att bita ihop och g\u00e5 p\u00e5 allts\u00e5. Som vi alltid g\u00f6r. Men det \u00e4r flyttf\u00e5glar man vill se nu. H\u00f6ra tranor. H\u00e4lsa Bergfinkarna v\u00e4lkomna.\u2026","rel":"","context":"In &quot;Betraktelser &amp; Ber\u00e4ttelse&quot;","block_context":{"text":"Betraktelser &amp; Ber\u00e4ttelse","link":"https:\/\/www.akehedman.se\/wordpress\/?cat=24"},"img":{"alt_text":"R\u00e4tt vad det \u00e4r ser det ut s\u00e5h\u00e4r.","src":"https:\/\/i0.wp.com\/www.eurosource.se\/akhe\/wordpress\/wp-content\/uploads\/2013\/04\/iHHrHGqW78LaH-1024x768.jpg?resize=350%2C200","width":350,"height":200,"srcset":"https:\/\/i0.wp.com\/www.eurosource.se\/akhe\/wordpress\/wp-content\/uploads\/2013\/04\/iHHrHGqW78LaH-1024x768.jpg?resize=350%2C200 1x, https:\/\/i0.wp.com\/www.eurosource.se\/akhe\/wordpress\/wp-content\/uploads\/2013\/04\/iHHrHGqW78LaH-1024x768.jpg?resize=525%2C300 1.5x"},"classes":[]}],"jetpack_shortlink":"https:\/\/wp.me\/s68PL2-jompa","_links":{"self":[{"href":"https:\/\/www.akehedman.se\/wordpress\/index.php?rest_route=\/wp\/v2\/posts\/15573","targetHints":{"allow":["GET"]}}],"collection":[{"href":"https:\/\/www.akehedman.se\/wordpress\/index.php?rest_route=\/wp\/v2\/posts"}],"about":[{"href":"https:\/\/www.akehedman.se\/wordpress\/index.php?rest_route=\/wp\/v2\/types\/post"}],"author":[{"embeddable":true,"href":"https:\/\/www.akehedman.se\/wordpress\/index.php?rest_route=\/wp\/v2\/users\/24"}],"replies":[{"embeddable":true,"href":"https:\/\/www.akehedman.se\/wordpress\/index.php?rest_route=%2Fwp%2Fv2%2Fcomments&post=15573"}],"version-history":[{"count":3,"href":"https:\/\/www.akehedman.se\/wordpress\/index.php?rest_route=\/wp\/v2\/posts\/15573\/revisions"}],"predecessor-version":[{"id":15580,"href":"https:\/\/www.akehedman.se\/wordpress\/index.php?rest_route=\/wp\/v2\/posts\/15573\/revisions\/15580"}],"wp:attachment":[{"href":"https:\/\/www.akehedman.se\/wordpress\/index.php?rest_route=%2Fwp%2Fv2%2Fmedia&parent=15573"}],"wp:term":[{"taxonomy":"category","embeddable":true,"href":"https:\/\/www.akehedman.se\/wordpress\/index.php?rest_route=%2Fwp%2Fv2%2Fcategories&post=15573"},{"taxonomy":"post_tag","embeddable":true,"href":"https:\/\/www.akehedman.se\/wordpress\/index.php?rest_route=%2Fwp%2Fv2%2Ftags&post=15573"}],"curies":[{"name":"wp","href":"https:\/\/api.w.org\/{rel}","templated":true}]}}