{"id":15557,"date":"2014-12-06T19:02:21","date_gmt":"2014-12-06T18:02:21","guid":{"rendered":"http:\/\/www.eurosource.se\/akhe\/wordpress\/?p=15557"},"modified":"2014-12-06T19:02:21","modified_gmt":"2014-12-06T18:02:21","slug":"ocoola-gubbars-natt","status":"publish","type":"post","link":"https:\/\/www.akehedman.se\/wordpress\/?p=15557","title":{"rendered":"ocoola gubbars natt"},"content":{"rendered":"<p><a href=\"https:\/\/i0.wp.com\/www.eurosource.se\/akhe\/wordpress\/wp-content\/uploads\/2014\/12\/index.jpg\"><img data-recalc-dims=\"1\" loading=\"lazy\" decoding=\"async\" class=\"alignnone size-full wp-image-15558\" src=\"https:\/\/i0.wp.com\/www.eurosource.se\/akhe\/wordpress\/wp-content\/uploads\/2014\/12\/index.jpg?resize=314%2C161\" alt=\"index\" width=\"314\" height=\"161\" \/><\/a><\/p>\n<p>Fullm\u00e5ne. Ja den lyser d\u00e4r ute. Full styrka. Den ryckte i alla fall i den h\u00e4r ocoole gubben redan under morgonen. &#8220;Ut med dig gubbj\u00e4vel&#8221; sa den, &#8220;av med kl\u00e4derna och dansa upp p\u00e5 berget med vargarna i de galna gubbarnas dans&#8221;. Men som varje m\u00e4nniska f\u00f6rst\u00e5r s\u00e5 finns det uppenbara risker med det d\u00e4r. Att sl\u00e4nga av sig kl\u00e4derna och dansa ut p\u00e5 berget p\u00e5 dagtid har sina risker. F\u00f6r mycket l\u00f6st folk ute helt enkelt. J\u00e4gare har dessutom v\u00e4ldigt d\u00e5lig f\u00f6rst\u00e5else f\u00f6r m\u00e5ndansande nakna gubbar. De har inte ens hunnit ta till sig R\u00f6nnerdal i midsommartid ens \u00e4nnu.<\/p>\n<p>S\u00e5 jag avvaktar. G\u00f6r mig redo under kv\u00e4llen. V\u00e4ntar till huset sover och sedan smyger jag sakta ur min s\u00e4ng, ut genom d\u00f6rren hoppandes ur kalsongerna och sen \u00e4r det bara att lubba i full fart upp d\u00e4r p\u00e5 berget och dansa med de andra tills m\u00e5nen g\u00e5r ner och solen g\u00e5r upp.<\/p>\n<p>Ja sen \u00e4r det att v\u00e4nta till januari. N\u00e4r n\u00e4sta dans blir d\u00e4r p\u00e5 berget. D\u00e5 r\u00e4knar jag ocks\u00e5 med att oljuset har kommit. Det \u00e4r inte riktigt h\u00e4r nu trotts starkt m\u00e5nljus. Det beh\u00f6vs mer sn\u00f6kristaller f\u00f6r att oljuset skall bli riktigt synligt och verkligt. Men n\u00e4r det lyser upp natten, n\u00e4r det d\u00e4r bl\u00e5a ljuset f\u00e5r tr\u00e4den att kasta skarpa skuggor, d\u00e5 kan ni ge er fan p\u00e5 att ocoola gubbar dansar som de v\u00e4rsta ballerinor d\u00e4r p\u00e5 berget. Det \u00e4r sk\u00f6nt att se. Jag lovar.<\/p>\n<p>&nbsp;<\/p>\n<p>&nbsp;<\/p>\n","protected":false},"excerpt":{"rendered":"<p>Fullm\u00e5ne. Ja den lyser d\u00e4r ute. Full styrka. Den ryckte i alla fall i den h\u00e4r ocoole gubben redan under morgonen. &#8220;Ut med dig gubbj\u00e4vel&#8221; sa den, &#8220;av med kl\u00e4derna och dansa upp p\u00e5 berget med vargarna i de galna gubbarnas dans&#8221;. Men som varje m\u00e4nniska f\u00f6rst\u00e5r s\u00e5 finns det uppenbara risker med det d\u00e4r. [&hellip;]<\/p>\n","protected":false},"author":24,"featured_media":0,"comment_status":"open","ping_status":"open","sticky":false,"template":"","format":"standard","meta":{"_crdt_document":"","jetpack_post_was_ever_published":false,"_jetpack_newsletter_access":"","_jetpack_dont_email_post_to_subs":false,"_jetpack_newsletter_tier_id":0,"_jetpack_memberships_contains_paywalled_content":false,"_jetpack_memberships_contains_paid_content":false,"footnotes":"","jetpack_publicize_message":"","jetpack_publicize_feature_enabled":true,"jetpack_social_post_already_shared":true,"jetpack_social_options":{"image_generator_settings":{"template":"highway","default_image_id":0,"font":"","enabled":false},"version":2}},"categories":[24],"tags":[],"class_list":["post-15557","post","type-post","status-publish","format-standard","hentry","category-betraktelser"],"jetpack_publicize_connections":[],"jetpack_featured_media_url":"","jetpack_sharing_enabled":true,"jetpack_likes_enabled":true,"jetpack-related-posts":[{"id":17625,"url":"https:\/\/www.akehedman.se\/wordpress\/?p=17625","url_meta":{"origin":15557,"position":0},"title":"Jag \u00e4r ganska s\u00e4ker","author":"\u00c5ke Hedman","date":"2015-04-20","format":false,"excerpt":"Tittar man norrut ser man den ynkligaste m\u00e5nsk\u00e4ra som \u00e4r m\u00f6jlig att se. 2% Blodr\u00f6d av sorg f\u00f6r de d\u00f6da i krig och p\u00e5 flykt. N\u00e4stan rakt ovanf\u00f6r faller Venus i fritt fall i sin bana och lyser starkt som en str\u00e5lkastare. Till tr\u00f6st \u00e5t oss alla. Till v\u00e4nster Jupiter.\u2026","rel":"","context":"In &quot;Betraktelser &amp; Ber\u00e4ttelse&quot;","block_context":{"text":"Betraktelser &amp; Ber\u00e4ttelse","link":"https:\/\/www.akehedman.se\/wordpress\/?cat=24"},"img":{"alt_text":"Venus_globe","src":"https:\/\/i0.wp.com\/www.eurosource.se\/akhe\/wordpress\/wp-content\/uploads\/2015\/04\/Venus_globe-1024x1024.jpg?resize=350%2C200","width":350,"height":200,"srcset":"https:\/\/i0.wp.com\/www.eurosource.se\/akhe\/wordpress\/wp-content\/uploads\/2015\/04\/Venus_globe-1024x1024.jpg?resize=350%2C200 1x, https:\/\/i0.wp.com\/www.eurosource.se\/akhe\/wordpress\/wp-content\/uploads\/2015\/04\/Venus_globe-1024x1024.jpg?resize=525%2C300 1.5x"},"classes":[]},{"id":15484,"url":"https:\/\/www.akehedman.se\/wordpress\/?p=15484","url_meta":{"origin":15557,"position":1},"title":"Dansa med vargar","author":"\u00c5ke Hedman","date":"2014-12-01","format":false,"excerpt":"Vargarna ylar h\u00e4r utanf\u00f6r och berget vill ha mig. \u00a0Ja det \u00e4r just s\u00e5 det \u00e4r. Eftersom havet inte n\u00e5r mig s\u00e5h\u00e4r l\u00e5ngt in\u00e5t land och jag \u00e4r skyddad av miljarder ton av jord, sten och liv - det som ligger d\u00e4r emellan oss, mig och havet - s\u00e5 tar\u2026","rel":"","context":"In &quot;Betraktelser &amp; Ber\u00e4ttelse&quot;","block_context":{"text":"Betraktelser &amp; Ber\u00e4ttelse","link":"https:\/\/www.akehedman.se\/wordpress\/?cat=24"},"img":{"alt_text":"varg","src":"https:\/\/i0.wp.com\/www.eurosource.se\/akhe\/wordpress\/wp-content\/uploads\/2014\/12\/varg.jpg?resize=350%2C200","width":350,"height":200},"classes":[]},{"id":12205,"url":"https:\/\/www.akehedman.se\/wordpress\/?p=12205","url_meta":{"origin":15557,"position":2},"title":"Ungarnas koja","author":"\u00c5ke Hedman","date":"2014-02-26","format":false,"excerpt":"Ungarnas gamla koja d\u00e4r ute, i det som var skogskanten upp mot berget innan avverkningen den d\u00e4r julen, \u00e4r en annan av de saker som p\u00e5minner mig om att tiden g\u00e5r. Helig mark till och med f\u00f6r skogsmaskiner. Den fick vara kvar liksom de tre bj\u00f6rkar den byggdes i n\u00e4r\u2026","rel":"","context":"In &quot;Betraktelser &amp; Ber\u00e4ttelse&quot;","block_context":{"text":"Betraktelser &amp; Ber\u00e4ttelse","link":"https:\/\/www.akehedman.se\/wordpress\/?cat=24"},"img":{"alt_text":"koja","src":"https:\/\/i0.wp.com\/www.eurosource.se\/akhe\/wordpress\/wp-content\/uploads\/2014\/02\/koja-1024x697.jpg?resize=350%2C200","width":350,"height":200,"srcset":"https:\/\/i0.wp.com\/www.eurosource.se\/akhe\/wordpress\/wp-content\/uploads\/2014\/02\/koja-1024x697.jpg?resize=350%2C200 1x, https:\/\/i0.wp.com\/www.eurosource.se\/akhe\/wordpress\/wp-content\/uploads\/2014\/02\/koja-1024x697.jpg?resize=525%2C300 1.5x"},"classes":[]},{"id":33287,"url":"https:\/\/www.akehedman.se\/wordpress\/?p=33287","url_meta":{"origin":15557,"position":3},"title":"oljuset","author":"\u00c5ke Hedman","date":"2019-10-14","format":false,"excerpt":"Jag st\u00e5r d\u00e4r halvnaken i f\u00f6nstret och spannar efter tomtar i oljuset d\u00e4r genom ett f\u00f6nster inatt runt halv tre. Japp, skall man \u00e4nd\u00e5 upp och l\u00e4tta sig kan man lika g\u00e4rna passa p\u00e5 att spana ut mot skogen. Det \u00e4r d\u00e4r dom finns. K's farmor s\u00e5g dem i bl\u00e5b\u00e4rsriset,\u2026","rel":"","context":"In &quot;Betraktelser &amp; Ber\u00e4ttelse&quot;","block_context":{"text":"Betraktelser &amp; Ber\u00e4ttelse","link":"https:\/\/www.akehedman.se\/wordpress\/?cat=24"},"img":{"alt_text":"","src":"https:\/\/i0.wp.com\/www.akehedman.se\/wordpress\/wp-content\/uploads\/2019\/10\/100_1245.jpg?resize=350%2C200&ssl=1","width":350,"height":200,"srcset":"https:\/\/i0.wp.com\/www.akehedman.se\/wordpress\/wp-content\/uploads\/2019\/10\/100_1245.jpg?resize=350%2C200&ssl=1 1x, https:\/\/i0.wp.com\/www.akehedman.se\/wordpress\/wp-content\/uploads\/2019\/10\/100_1245.jpg?resize=525%2C300&ssl=1 1.5x, https:\/\/i0.wp.com\/www.akehedman.se\/wordpress\/wp-content\/uploads\/2019\/10\/100_1245.jpg?resize=700%2C400&ssl=1 2x, https:\/\/i0.wp.com\/www.akehedman.se\/wordpress\/wp-content\/uploads\/2019\/10\/100_1245.jpg?resize=1050%2C600&ssl=1 3x, https:\/\/i0.wp.com\/www.akehedman.se\/wordpress\/wp-content\/uploads\/2019\/10\/100_1245.jpg?resize=1400%2C800&ssl=1 4x"},"classes":[]},{"id":35384,"url":"https:\/\/www.akehedman.se\/wordpress\/?p=35384","url_meta":{"origin":15557,"position":4},"title":"Guldet","author":"\u00c5ke Hedman","date":"2020-06-29","format":false,"excerpt":"Ett f\u00f6rsta klassens regn av \u00e4kta vara drar fram \u00f6ver H\u00e4lsingland. Man kan inte annat \u00e4n \u00e4lska det. Vi beh\u00f6ver det h\u00e4r regnet. Luften, v\u00e4xterna, djuren och ocoola gubbar liksom hukar sig ner i skydd, men sen str\u00e4cker vi alla p\u00e5 oss n\u00e4r vi girigt dricker v\u00e4lsignat vatten s\u00e4nt fr\u00e5n\u2026","rel":"","context":"In &quot;Betraktelser &amp; Ber\u00e4ttelse&quot;","block_context":{"text":"Betraktelser &amp; Ber\u00e4ttelse","link":"https:\/\/www.akehedman.se\/wordpress\/?cat=24"},"img":{"alt_text":"","src":"https:\/\/i0.wp.com\/www.akehedman.se\/wordpress\/wp-content\/uploads\/2020\/06\/IMG_20200629_072723276.jpg?resize=350%2C200&ssl=1","width":350,"height":200},"classes":[]},{"id":45684,"url":"https:\/\/www.akehedman.se\/wordpress\/?p=45684","url_meta":{"origin":15557,"position":5},"title":"Bergen","author":"\u00c5ke Hedman","date":"2023-08-10","format":false,"excerpt":"Tiden g\u00e5r sakta mot h\u00f6st i H\u00e4lsingland. Bergen sjunger f\u00f6r oss som bor h\u00e4r. Anstr\u00e4nger man sig bara lite. G\u00f6r sig s\u00e5 ren man kan i sitt hj\u00e4rta. F\u00f6rs\u00f6ker h\u00e5lla igen tanke och prat. Ja d\u00e5 h\u00f6r man s\u00e5ngen som bergen sjunger. Svagt f\u00f6rst. Som en viskning. Starkare n\u00e4r man\u2026","rel":"","context":"In &quot;Noveller&quot;","block_context":{"text":"Noveller","link":"https:\/\/www.akehedman.se\/wordpress\/?cat=57"},"img":{"alt_text":"","src":"https:\/\/i0.wp.com\/www.akehedman.se\/wordpress\/wp-content\/uploads\/2023\/08\/IMG_20200919_123354-EFFECTS-scaled-1.webp?resize=350%2C200&ssl=1","width":350,"height":200,"srcset":"https:\/\/i0.wp.com\/www.akehedman.se\/wordpress\/wp-content\/uploads\/2023\/08\/IMG_20200919_123354-EFFECTS-scaled-1.webp?resize=350%2C200&ssl=1 1x, https:\/\/i0.wp.com\/www.akehedman.se\/wordpress\/wp-content\/uploads\/2023\/08\/IMG_20200919_123354-EFFECTS-scaled-1.webp?resize=525%2C300&ssl=1 1.5x, https:\/\/i0.wp.com\/www.akehedman.se\/wordpress\/wp-content\/uploads\/2023\/08\/IMG_20200919_123354-EFFECTS-scaled-1.webp?resize=700%2C400&ssl=1 2x"},"classes":[]}],"jetpack_shortlink":"https:\/\/wp.me\/p68PL2-42V","_links":{"self":[{"href":"https:\/\/www.akehedman.se\/wordpress\/index.php?rest_route=\/wp\/v2\/posts\/15557","targetHints":{"allow":["GET"]}}],"collection":[{"href":"https:\/\/www.akehedman.se\/wordpress\/index.php?rest_route=\/wp\/v2\/posts"}],"about":[{"href":"https:\/\/www.akehedman.se\/wordpress\/index.php?rest_route=\/wp\/v2\/types\/post"}],"author":[{"embeddable":true,"href":"https:\/\/www.akehedman.se\/wordpress\/index.php?rest_route=\/wp\/v2\/users\/24"}],"replies":[{"embeddable":true,"href":"https:\/\/www.akehedman.se\/wordpress\/index.php?rest_route=%2Fwp%2Fv2%2Fcomments&post=15557"}],"version-history":[{"count":1,"href":"https:\/\/www.akehedman.se\/wordpress\/index.php?rest_route=\/wp\/v2\/posts\/15557\/revisions"}],"predecessor-version":[{"id":15559,"href":"https:\/\/www.akehedman.se\/wordpress\/index.php?rest_route=\/wp\/v2\/posts\/15557\/revisions\/15559"}],"wp:attachment":[{"href":"https:\/\/www.akehedman.se\/wordpress\/index.php?rest_route=%2Fwp%2Fv2%2Fmedia&parent=15557"}],"wp:term":[{"taxonomy":"category","embeddable":true,"href":"https:\/\/www.akehedman.se\/wordpress\/index.php?rest_route=%2Fwp%2Fv2%2Fcategories&post=15557"},{"taxonomy":"post_tag","embeddable":true,"href":"https:\/\/www.akehedman.se\/wordpress\/index.php?rest_route=%2Fwp%2Fv2%2Ftags&post=15557"}],"curies":[{"name":"wp","href":"https:\/\/api.w.org\/{rel}","templated":true}]}}