{"id":15467,"date":"2014-12-01T09:56:51","date_gmt":"2014-12-01T08:56:51","guid":{"rendered":"http:\/\/www.eurosource.se\/akhe\/wordpress\/?p=15467"},"modified":"2014-12-01T09:56:51","modified_gmt":"2014-12-01T08:56:51","slug":"niklas-zennstrom-sa-slar-vi-silicon-valley-idg-se","status":"publish","type":"post","link":"https:\/\/www.akehedman.se\/wordpress\/?p=15467","title":{"rendered":"Niklas Zennstr\u00f6m: &#8220;S\u00e5 sl\u00e5r vi Silicon Valley&#8221; &#8211; IDG.se"},"content":{"rendered":"<p style=\"text-align: center;\"><a href=\"http:\/\/www.idg.se\/2.1085\/1.599579\/niklas-zennstrom--sa-slar-vi-silicon-valley?utm_source=dmdelivery&amp;utm_medium=email&amp;utm_content=Superentrepren%C3%B6ren%3A%20%22Vi%20kan%20s&amp;utm_campaign=Morgonens%20viktigaste%20nyheter%202\"><img data-recalc-dims=\"1\" src=\"https:\/\/i0.wp.com\/www.eurosource.se\/akhe\/wordpress\/wp-content\/uploads\/2014\/12\/2619574504.jpg?w=580\" alt='' \/><\/a><\/p>\n<p><a href=\"http:\/\/www.idg.se\/2.1085\/1.599579\/niklas-zennstrom--sa-slar-vi-silicon-valley?utm_source=dmdelivery&amp;utm_medium=email&amp;utm_content=Superentrepren%C3%B6ren%3A%20%22Vi%20kan%20s&amp;utm_campaign=Morgonens%20viktigaste%20nyheter%202\">Niklas Zennstr\u00f6m: &#8220;S\u00e5 sl\u00e5r vi Silicon Valley&#8221; &#8211; IDG.se<\/a>.<\/p>\n","protected":false},"excerpt":{"rendered":"<p>Niklas Zennstr\u00f6m: &#8220;S\u00e5 sl\u00e5r vi Silicon Valley&#8221; &#8211; IDG.se.<\/p>\n","protected":false},"author":24,"featured_media":0,"comment_status":"open","ping_status":"open","sticky":false,"template":"","format":"standard","meta":{"_crdt_document":"","jetpack_post_was_ever_published":false,"_jetpack_newsletter_access":"","_jetpack_dont_email_post_to_subs":false,"_jetpack_newsletter_tier_id":0,"_jetpack_memberships_contains_paywalled_content":false,"_jetpack_memberships_contains_paid_content":false,"footnotes":"","jetpack_publicize_message":"","jetpack_publicize_feature_enabled":true,"jetpack_social_post_already_shared":true,"jetpack_social_options":{"image_generator_settings":{"template":"highway","default_image_id":0,"font":"","enabled":false},"version":2}},"categories":[2],"tags":[],"class_list":["post-15467","post","type-post","status-publish","format-standard","hentry","category-swedish"],"jetpack_publicize_connections":[],"jetpack_featured_media_url":"","jetpack_sharing_enabled":true,"jetpack_likes_enabled":true,"jetpack-related-posts":[{"id":15657,"url":"https:\/\/www.akehedman.se\/wordpress\/?p=15657","url_meta":{"origin":15467,"position":0},"title":"Extravaganta f\u00f6rm\u00e5ner vardag i Silicon Valley &#8211; IDG.se","author":"\u00c5ke Hedman","date":"2014-12-12","format":false,"excerpt":"Snart i Ljusdal... Extravaganta f\u00f6rm\u00e5ner vardag i Silicon Valley - IDG.se.","rel":"","context":"In &quot;Swedish&quot;","block_context":{"text":"Swedish","link":"https:\/\/www.akehedman.se\/wordpress\/?cat=2"},"img":{"alt_text":"","src":"","width":0,"height":0},"classes":[]},{"id":1589,"url":"https:\/\/www.akehedman.se\/wordpress\/?p=1589","url_meta":{"origin":15467,"position":1},"title":"&#8220;Or\u00e4ttvis skatt sl\u00e5r mot god id\u00e9&#8221; &#8211; IDG.se","author":"\u00c5ke Hedman","date":"2012-05-08","format":false,"excerpt":"\"Or\u00e4ttvis skatt sl\u00e5r mot god id\u00e9\" - IDG.se.","rel":"","context":"In &quot;Swedish&quot;","block_context":{"text":"Swedish","link":"https:\/\/www.akehedman.se\/wordpress\/?cat=2"},"img":{"alt_text":"","src":"","width":0,"height":0},"classes":[]},{"id":924,"url":"https:\/\/www.akehedman.se\/wordpress\/?p=924","url_meta":{"origin":15467,"position":2},"title":"Upp i ottan","author":"\u00c5ke Hedman","date":"2009-05-25","format":false,"excerpt":"Blev en lugn och l\u00c3\u00a5ng helg. Eftersom Niklas inte var hem den h\u00c3\u00a4r helgen - han \"lanade\" i Uppsala - s\u00c3\u00a5 kund jag \u00c3\u00a5ka ned p\u00c3\u00a5 m\u00c3\u00a5ndag morgon. Ursk\u00c3\u00b6nt eftersom man fick hela s\u00c3\u00b6ndagen ocks\u00c3\u00a5 f\u00c3\u00b6r sig sj\u00c3\u00a4lv. Niklas och jag brukar annars sticka vid tre tiden p\u00c3\u00a5 s\u00c3\u00b6ndagarna s\u00c3\u00a5\u2026","rel":"","context":"In &quot;Swedish&quot;","block_context":{"text":"Swedish","link":"https:\/\/www.akehedman.se\/wordpress\/?cat=2"},"img":{"alt_text":"","src":"","width":0,"height":0},"classes":[]},{"id":708,"url":"https:\/\/www.akehedman.se\/wordpress\/?p=708","url_meta":{"origin":15467,"position":3},"title":"H\u00c3\u00b6stlov","author":"\u00c5ke Hedman","date":"2008-10-29","format":false,"excerpt":"Vi har b\u00c3\u00a5da grabbarna hemma f\u00c3\u00b6r tillf\u00c3\u00a4llet. Jonas har dessutom sin tjej Rebecka med sig. Roligt att ha dom hemma och det k\u00c3\u00a4nns lite ovant med huset fullt av det liv som det blir n\u00c3\u00a4r man har ton\u00c3\u00a5ringar hemma. Diskb\u00c3\u00a4nken blir dessutom fullare \u00c3\u00a4n vanligt och br\u00c3\u00b6dkonsumtionen \u00c3\u00b6kar drastiskt.\u00c2\u00a0 Men\u2026","rel":"","context":"In &quot;Swedish&quot;","block_context":{"text":"Swedish","link":"https:\/\/www.akehedman.se\/wordpress\/?cat=2"},"img":{"alt_text":"","src":"","width":0,"height":0},"classes":[]},{"id":1410,"url":"https:\/\/www.akehedman.se\/wordpress\/?p=1410","url_meta":{"origin":15467,"position":4},"title":"Microsoft: &#8220;Vi m\u00e5ste g\u00f6ra tillvaron enklare&#8221; &#8211; IDG.se","author":"\u00c5ke Hedman","date":"2012-03-23","format":false,"excerpt":"Microsoft: \"Vi m\u00e5ste g\u00f6ra tillvaron enklare\" - IDG.se.","rel":"","context":"In &quot;Swedish&quot;","block_context":{"text":"Swedish","link":"https:\/\/www.akehedman.se\/wordpress\/?cat=2"},"img":{"alt_text":"","src":"","width":0,"height":0},"classes":[]},{"id":477,"url":"https:\/\/www.akehedman.se\/wordpress\/?p=477","url_meta":{"origin":15467,"position":5},"title":"Sopor och s\u00c3\u00a5","author":"\u00c5ke Hedman","date":"2008-06-04","format":false,"excerpt":"F\u00c3\u00b6rst ett tack till kommunen som h\u00c3\u00a4mtade upp soporna ig\u00c3\u00a5r. Nu \u00c3\u00a4r det ju iof n\u00c3\u00a4stan fullt igen efter tv\u00c3\u00a5 m\u00c3\u00a5nader utan h\u00c3\u00a4mtning men vi f\u00c3\u00a5r pressa p\u00c3\u00a5. Jag \u00c3\u00a4r ju r\u00c3\u00a4tt tung s\u00c3\u00a5 det skall nog fungera. Imorgon \u00c3\u00a4r det avslutning f\u00c3\u00b6r v\u00c3\u00a5r yngste son Niklas. Kan inte fatta\u2026","rel":"","context":"In &quot;Swedish&quot;","block_context":{"text":"Swedish","link":"https:\/\/www.akehedman.se\/wordpress\/?cat=2"},"img":{"alt_text":"","src":"","width":0,"height":0},"classes":[]}],"jetpack_shortlink":"https:\/\/wp.me\/p68PL2-41t","_links":{"self":[{"href":"https:\/\/www.akehedman.se\/wordpress\/index.php?rest_route=\/wp\/v2\/posts\/15467","targetHints":{"allow":["GET"]}}],"collection":[{"href":"https:\/\/www.akehedman.se\/wordpress\/index.php?rest_route=\/wp\/v2\/posts"}],"about":[{"href":"https:\/\/www.akehedman.se\/wordpress\/index.php?rest_route=\/wp\/v2\/types\/post"}],"author":[{"embeddable":true,"href":"https:\/\/www.akehedman.se\/wordpress\/index.php?rest_route=\/wp\/v2\/users\/24"}],"replies":[{"embeddable":true,"href":"https:\/\/www.akehedman.se\/wordpress\/index.php?rest_route=%2Fwp%2Fv2%2Fcomments&post=15467"}],"version-history":[{"count":1,"href":"https:\/\/www.akehedman.se\/wordpress\/index.php?rest_route=\/wp\/v2\/posts\/15467\/revisions"}],"predecessor-version":[{"id":15473,"href":"https:\/\/www.akehedman.se\/wordpress\/index.php?rest_route=\/wp\/v2\/posts\/15467\/revisions\/15473"}],"wp:attachment":[{"href":"https:\/\/www.akehedman.se\/wordpress\/index.php?rest_route=%2Fwp%2Fv2%2Fmedia&parent=15467"}],"wp:term":[{"taxonomy":"category","embeddable":true,"href":"https:\/\/www.akehedman.se\/wordpress\/index.php?rest_route=%2Fwp%2Fv2%2Fcategories&post=15467"},{"taxonomy":"post_tag","embeddable":true,"href":"https:\/\/www.akehedman.se\/wordpress\/index.php?rest_route=%2Fwp%2Fv2%2Ftags&post=15467"}],"curies":[{"name":"wp","href":"https:\/\/api.w.org\/{rel}","templated":true}]}}