{"id":15060,"date":"2014-10-08T08:24:11","date_gmt":"2014-10-08T07:24:11","guid":{"rendered":"http:\/\/www.eurosource.se\/akhe\/wordpress\/?p=15060"},"modified":"2014-10-08T08:24:46","modified_gmt":"2014-10-08T07:24:46","slug":"jag-gar-inte-i-nagra-ledband","status":"publish","type":"post","link":"https:\/\/www.akehedman.se\/wordpress\/?p=15060","title":{"rendered":"Jag g\u00e5r inte i n\u00e5gra ledband"},"content":{"rendered":"<p><a href=\"https:\/\/i0.wp.com\/www.eurosource.se\/akhe\/wordpress\/wp-content\/uploads\/2014\/09\/SBA-huvudbild.jpg\"><img data-recalc-dims=\"1\" loading=\"lazy\" decoding=\"async\" class=\"alignnone size-full wp-image-14839\" src=\"https:\/\/i0.wp.com\/www.eurosource.se\/akhe\/wordpress\/wp-content\/uploads\/2014\/09\/SBA-huvudbild.jpg?resize=480%2C270\" alt=\"SBA-huvudbild\" width=\"480\" height=\"270\" \/><\/a><\/p>\n<p>Det kan v\u00e4l knappast bli mer h\u00f6st ute. MYSIGT \u00e4r ordet i alla fall om man f\u00e5r sitta inne som jag. Programmerarv\u00e4der. B\u00e4sta sorten. Inga d\u00e5liga samveten f\u00f6r innesittande idag inte.<\/p>\n<p>Man blir dum i huvudet av f\u00f6r mycket bly. Det \u00e4r allm\u00e4nt k\u00e4nt. Nu \u00e4r det ocks\u00e5 allm\u00e4nt k\u00e4nt att j\u00e4gare har f\u00f6rh\u00f6jda halter av bly i blodet (se nyheterna ig\u00e5r). Misst\u00e4nker att det finns en koppling mellan det d\u00e4r och SD&#8217;s framg\u00e5ngar i glesbygd. Men min k\u00e4nslighet f\u00f6r den n\u00e4rmaste omgivningen g\u00f6r att jag inte skall driva just det d\u00e4r vidare. Nehej d\u00e5. Det r\u00e4cker att veta. Vilket \u00e5 sin sida g\u00f6r att man f\u00f6rst\u00e5r vissa uttalanden i bygden b\u00e4ttre, de beror p\u00e5 blyf\u00f6rgiftning.<\/p>\n<p>Ja inga 200 miljoner dollar p\u00e5 kontot idag heller. Jag beh\u00f6ver inte ens titta efter. Mitt pris. Alla har ett pris. F\u00f6r 200 miljoner dollar g\u00f6r jag en hel del. Helt s\u00e4kert. N\u00e4stan allt faktiskt. Utom att s\u00e4lja min sj\u00e4l och det jag tror p\u00e5. Gissar att det \u00e4r just d\u00e4rf\u00f6r jag inte har de d\u00e4r st\u00e5larna. Det \u00e4r ju just det som kr\u00e4vs. Sj\u00e4l till salu. Men min \u00e4r allts\u00e5 inte det. Jag g\u00e5r inte i n\u00e5gons ledband. Inte g\u00e5band heller f\u00f6r den delen. Men borde kanske. Men \u00e4n s\u00e5 l\u00e4nge &#8211; innan sn\u00f6n &#8211; \u00a0fungerar skogsv\u00e4garna. De som bjuder p\u00e5 \u00e4lgar och upp\u00e5 det gula l\u00f6v som bl\u00e4ndar ocoola gubbars \u00f6gon med sina neonf\u00e4rger s\u00e5 att man n\u00e4stan f\u00e5r v\u00e4nda och h\u00e4mta solbrillorna f\u00f6r att klara av att vandra vidare.<\/p>\n<p>Jag inser hur j\u00e4vla sj\u00e4lv jag \u00e4r n\u00e4r jag st\u00e4ller en fr\u00e5ga och ber om lite input ig\u00e5r. Att man inte f\u00e5r s\u00e5 mycket input av er h\u00e4r p\u00e5 bloggen \u00e4r en sak. Ni \u00e4r v\u00e4l bara ute efter att l\u00e4sa om n\u00e5gon som ni tycker har det s\u00e4mre \u00e4n er sj\u00e4lva och f\u00e5 fundera lite \u00f6ver det. Det bjuder jag s\u00e5 g\u00e4rna p\u00e5. \u00a0Men samma fr\u00e5ga p\u00e5 v\u00e5rt eget forum (VSCP) ger egentligen bara dummerj\u00f6ns svar tillbaks. P\u00e5 twitter noll, inget, zip. Att inte ens de som borde veta och kunna \u00e4r det minsta insatta eller intresserade svider s\u00e5klart en del. Att man \u00e4r den ende som egentligen \u00e4r intresserad. Sj\u00e4lv allts\u00e5. \u00a0Man kan tycka det ena eller det andra \u00e4r j\u00e4vligt bra av det man \u00e5stadkommit, men har man inte st\u00e5lar eller v\u00e4nner, ett n\u00e4tverk, som hj\u00e4lper till s\u00e5 \u00e4r man lost i alla fall. Man fixar det inte sj\u00e4lv. Inte ens Notch gjorde det fast \u00e4n pressen vill f\u00e5 det att se s\u00e5 ut. Ingen g\u00f6r det!<\/p>\n<p>Men \u00e4ven om jag blir ledsen n\u00e4r jag inser det d\u00e4r. \u00c4ven om det v\u00e4rker till d\u00e4r i br\u00f6stet av att vara sj\u00e4lv s\u00e5 k\u00e4nner jag att jag vill g\u00e5 vidare. Eller m\u00e5ste \u00e4r kanske ordet. Jag \u00e4r \u00e4nd\u00e5 en s\u00e5dan d\u00e4r som aldrig ger upp. Ni vet en s\u00e5dan d\u00e4r som folk tokhyllar n\u00e4r det g\u00e5r bra f\u00f6r, n\u00e4r hen klarar sig hela v\u00e4gen, men inte ens m\u00e4rker att de finns n\u00e4r det inte g\u00f6r det. Man f\u00e5r p\u00e5minna sig att det \u00e4r v\u00e4gen som g\u00e4ller. L\u00e5ta bli att s\u00f6ka den d\u00e4r inputen och bara jobba vidare. Sj\u00e4lv. F\u00f6r inte var det v\u00e4l s\u00e5 j\u00e4vla stor skillnad n\u00e4r vi var rockenrollare d\u00e4r i Edsbyn p\u00e5 sjuttiotalet heller. Var man inte sj\u00e4lv d\u00e5 ocks\u00e5? Kom de andra verkligen s\u00e5 villigt till repan f\u00f6r att tr\u00e4na. \u00a0Icke. Det \u00e4r f\u00f6rst nu, tre decennier senare som alla s\u00e4ger sig ha gjort det d\u00e4r. Men sanningen \u00e4r att jag satt d\u00e4r sj\u00e4lv f\u00f6r det mesta d\u00e5 ocks\u00e5. Ville mest. Ja det g\u00e4ller v\u00e4l de flesta andra projekt man h\u00e5llit p\u00e5 med ocks\u00e5. Och kanske \u00e4r det sant f\u00f6r alla det d\u00e4r. Skit i samma. Man f\u00e5r resa sig \u00f6ver allt det d\u00e4r. Som en vulkan f\u00e5r man spruta ur sig lite lava och r\u00f6k och ruska av sig all den d\u00e4r askan som t\u00e4pper till och ta tag i det som skall g\u00f6ras. Det finns ingen annan v\u00e4g f\u00f6r en s\u00e5dan som mig. Jag kan inte sitta p\u00e5 en stol och bara stirra. D\u00e5 tar jag hellre pistolen, stoppar den i munnen och trycker av som Hans Lidman gjorde. Skulle kanske ha gjort det redan om jag inte f\u00f6r s\u00e5 l\u00e4nge sedan lovade han\/hon\/det\/gud att leva hela det d\u00e4r livet som jag nu f\u00e5tt. Skitlivet som man tycker d\u00e5 vissa dagar n\u00e4r h\u00f6sten griper tag i en ocks\u00e5 inombords.<\/p>\n<p>Men visst svider det lite d\u00e4r i alla fall i hj\u00e4rttrakten n\u00e5gonstans. Det d\u00e4r lilla barnet inom en och det d\u00e4r ledsna sitter v\u00e4l d\u00e4r n\u00e5gonstans. De k\u00e4nslor som jag egentligen gillar lite ocks\u00e5. Det kanske l\u00e5ter konstigt. Men ibland vill jag faktiskt vara nedst\u00e4md. Som idag allts\u00e5. En regnig dag h\u00f6sten 2014 n\u00e4r jag k\u00e4nner mig mer sj\u00e4lv \u00e4n vilken annan dag som helst. N\u00e4r jag om en stund dyker ner i koden gl\u00f6mmer jag allt det d\u00e4r s\u00e5klart. Flykt, det \u00e4r bara flykt fr\u00e5n bister verklighet allt det d\u00e4r arbetet till slut handlar om. En sorglig insikt. Men inte mindre sann f\u00f6r den sakens skull. Man har f\u00e5tt ett liv att leva och man f\u00e5r leva det. Det \u00e4r s\u00e5 man f\u00e5r se p\u00e5 det. Det finns inget annat rimligt s\u00e4tt att ta sig an livet.<\/p>\n<p>&nbsp;<\/p>\n<p>&nbsp;<\/p>\n","protected":false},"excerpt":{"rendered":"<p>Det kan v\u00e4l knappast bli mer h\u00f6st ute. MYSIGT \u00e4r ordet i alla fall om man f\u00e5r sitta inne som jag. Programmerarv\u00e4der. B\u00e4sta sorten. Inga d\u00e5liga samveten f\u00f6r innesittande idag inte. Man blir dum i huvudet av f\u00f6r mycket bly. Det \u00e4r allm\u00e4nt k\u00e4nt. Nu \u00e4r det ocks\u00e5 allm\u00e4nt k\u00e4nt att j\u00e4gare har f\u00f6rh\u00f6jda halter [&hellip;]<\/p>\n","protected":false},"author":24,"featured_media":0,"comment_status":"open","ping_status":"open","sticky":false,"template":"","format":"standard","meta":{"_crdt_document":"","jetpack_post_was_ever_published":false,"_jetpack_newsletter_access":"","_jetpack_dont_email_post_to_subs":false,"_jetpack_newsletter_tier_id":0,"_jetpack_memberships_contains_paywalled_content":false,"_jetpack_memberships_contains_paid_content":false,"footnotes":"","jetpack_publicize_message":"","jetpack_publicize_feature_enabled":true,"jetpack_social_post_already_shared":true,"jetpack_social_options":{"image_generator_settings":{"template":"highway","default_image_id":0,"font":"","enabled":false},"version":2}},"categories":[24],"tags":[],"class_list":["post-15060","post","type-post","status-publish","format-standard","hentry","category-betraktelser"],"jetpack_publicize_connections":[],"jetpack_featured_media_url":"","jetpack_sharing_enabled":true,"jetpack_likes_enabled":true,"jetpack-related-posts":[{"id":15266,"url":"https:\/\/www.akehedman.se\/wordpress\/?p=15266","url_meta":{"origin":15060,"position":0},"title":"Tror jag p\u00e5 han\/hon\/det\/gud?","author":"\u00c5ke Hedman","date":"2014-11-04","format":false,"excerpt":"Man kan tro p\u00e5 mycket. Tomten t.ex, eller p\u00e5 Gud, eller p\u00e5 Dj\u00e4vlar, eller p\u00e5 k\u00e4rleken eller p\u00e5 konton fyllda med st\u00e5lar. Ja en massa andra saker ocks\u00e5 s\u00e5klart. Sj\u00e4lv tror jag definitivt p\u00e5 tomten. Ja dj\u00e4vlar har man ju tr\u00e4ffat sin besk\u00e4rda del av under sina dagar ocks\u00e5. St\u00e5larna\u2026","rel":"","context":"In &quot;Betraktelser &amp; Ber\u00e4ttelse&quot;","block_context":{"text":"Betraktelser &amp; Ber\u00e4ttelse","link":"https:\/\/www.akehedman.se\/wordpress\/?cat=24"},"img":{"alt_text":"IMG_20141023_093642","src":"https:\/\/i0.wp.com\/www.eurosource.se\/akhe\/wordpress\/wp-content\/uploads\/2014\/10\/IMG_20141023_093642-1024x768.jpg?resize=350%2C200","width":350,"height":200,"srcset":"https:\/\/i0.wp.com\/www.eurosource.se\/akhe\/wordpress\/wp-content\/uploads\/2014\/10\/IMG_20141023_093642-1024x768.jpg?resize=350%2C200 1x, https:\/\/i0.wp.com\/www.eurosource.se\/akhe\/wordpress\/wp-content\/uploads\/2014\/10\/IMG_20141023_093642-1024x768.jpg?resize=525%2C300 1.5x"},"classes":[]},{"id":15194,"url":"https:\/\/www.akehedman.se\/wordpress\/?p=15194","url_meta":{"origin":15060,"position":1},"title":"F\u00f6rbannad blir jag s\u00e4llan men k\u00f6per d\u00e4ck g\u00f6r jag d\u00e5 och d\u00e5","author":"\u00c5ke Hedman","date":"2014-10-27","format":false,"excerpt":"Vinterd\u00e4ck ja... De \u00e4r gamla de jag har. J\u00e4ttegamla. Borde k\u00f6pa nya allts\u00e5. M\u00f6rdarbacken sl\u00e4pper inte upp bilen annars hit upp till kullen n\u00e4r sn\u00f6stormarna yr nu i vinter. N\u00e4stan inte annars heller f\u00f6r den delen. Det \u00e4r ofta oplogat n\u00e4r man kommer hem d\u00e4r p\u00e5 kv\u00e4llen. Man f\u00e5r ta\u2026","rel":"","context":"In &quot;Betraktelser &amp; Ber\u00e4ttelse&quot;","block_context":{"text":"Betraktelser &amp; Ber\u00e4ttelse","link":"https:\/\/www.akehedman.se\/wordpress\/?cat=24"},"img":{"alt_text":"82613","src":"https:\/\/i0.wp.com\/www.eurosource.se\/akhe\/wordpress\/wp-content\/uploads\/2014\/10\/82613.jpg?resize=350%2C200","width":350,"height":200},"classes":[]},{"id":17008,"url":"https:\/\/www.akehedman.se\/wordpress\/?p=17008","url_meta":{"origin":15060,"position":2},"title":"Den d\u00e4r j\u00e4vla Notch!","author":"\u00c5ke Hedman","date":"2015-03-12","format":false,"excerpt":"Det \u00e4r v\u00e4der f\u00f6r kungar d\u00e4r ute. Ocoola gubbar f\u00e5r \u00e5ka med av bara farten fast de inte har uppn\u00e5tt den d\u00e4r upph\u00f6jdheten. Det \u00e4r inte l\u00e4tt att g\u00e5 in. Jag s\u00e4ger det igen. Det \u00e4r sv\u00e5rt att g\u00e5 in. Men jag koncentrerar mig p\u00e5 uppgiften. Posten, byta kabel p\u00e5\u2026","rel":"","context":"In &quot;Betraktelser &amp; Ber\u00e4ttelse&quot;","block_context":{"text":"Betraktelser &amp; Ber\u00e4ttelse","link":"https:\/\/www.akehedman.se\/wordpress\/?cat=24"},"img":{"alt_text":"markus_persson","src":"https:\/\/i0.wp.com\/www.eurosource.se\/akhe\/wordpress\/wp-content\/uploads\/2015\/03\/markus_persson.jpg?resize=350%2C200","width":350,"height":200},"classes":[]},{"id":18620,"url":"https:\/\/www.akehedman.se\/wordpress\/?p=18620","url_meta":{"origin":15060,"position":3},"title":"200 mille \u00e4r mitt pris","author":"\u00c5ke Hedman","date":"2015-09-18","format":false,"excerpt":"Katten, Newton, kommer hem. Sitter d\u00e4r helt pl\u00f6tsligt i k\u00f6ket\u00a0 som om ingenting h\u00e4nt. Inga andra familjemedlemmar kan vara borta fyra fem dagar och sen bara dyka upp utan vidare f\u00f6rklaring och \u00e4nd\u00e5 bli \u00e4lskad f\u00f6r det. N\u00e4pp. Men gl\u00e4djen stor h\u00e4r i stort gult hus p\u00e5 kulle i Lo(o)s\u2026","rel":"","context":"In &quot;Betraktelser &amp; Ber\u00e4ttelse&quot;","block_context":{"text":"Betraktelser &amp; Ber\u00e4ttelse","link":"https:\/\/www.akehedman.se\/wordpress\/?cat=24"},"img":{"alt_text":"IMG_1447","src":"https:\/\/i0.wp.com\/www.akehedman.se\/wordpress\/wp-content\/uploads\/2015\/09\/IMG_1447-1024x768.jpg?resize=350%2C200","width":350,"height":200,"srcset":"https:\/\/i0.wp.com\/www.akehedman.se\/wordpress\/wp-content\/uploads\/2015\/09\/IMG_1447-1024x768.jpg?resize=350%2C200 1x, https:\/\/i0.wp.com\/www.akehedman.se\/wordpress\/wp-content\/uploads\/2015\/09\/IMG_1447-1024x768.jpg?resize=525%2C300 1.5x"},"classes":[]},{"id":19027,"url":"https:\/\/www.akehedman.se\/wordpress\/?p=19027","url_meta":{"origin":15060,"position":4},"title":"Gud \u00e4r inte st\u00f6rre. Gud \u00e4r vi.","author":"\u00c5ke Hedman","date":"2015-11-16","format":false,"excerpt":"Sn\u00f6. Oundvikligt s\u00e5klart. Den kommer till slut. Varje \u00e5r.\u00a0 Mentalt blir det kallare. Med sn\u00f6n tar sig kylan in i m\u00e4rgen ocks\u00e5. Fast att vi klarat oss s\u00e5h\u00e4r l\u00e5ngt f\u00e5r man s\u00e5klart ta som en g\u00e5va fr\u00e5n gudarna. Om dom nu har ett endaste dugg med det d\u00e4r att g\u00f6ra.\u2026","rel":"","context":"In &quot;Betraktelser &amp; Ber\u00e4ttelse&quot;","block_context":{"text":"Betraktelser &amp; Ber\u00e4ttelse","link":"https:\/\/www.akehedman.se\/wordpress\/?cat=24"},"img":{"alt_text":"15","src":"https:\/\/i0.wp.com\/www.akehedman.se\/wordpress\/wp-content\/uploads\/2015\/11\/15-1024x768.jpg?resize=350%2C200","width":350,"height":200,"srcset":"https:\/\/i0.wp.com\/www.akehedman.se\/wordpress\/wp-content\/uploads\/2015\/11\/15-1024x768.jpg?resize=350%2C200 1x, https:\/\/i0.wp.com\/www.akehedman.se\/wordpress\/wp-content\/uploads\/2015\/11\/15-1024x768.jpg?resize=525%2C300 1.5x"},"classes":[]},{"id":18054,"url":"https:\/\/www.akehedman.se\/wordpress\/?p=18054","url_meta":{"origin":15060,"position":5},"title":"Studios\u00f6ndag","author":"\u00c5ke Hedman","date":"2015-06-07","format":false,"excerpt":"Man m\u00e5ste bevisa f\u00f6r sig sj\u00e4lv ibland att man klarar det. Fredag kv\u00e4ll till s\u00f6ndag kv\u00e4ll utan att arbeta. Ja en s\u00e5dan helg har det varit. Nehejd\u00e5 jag har egentligen inte tid med det!\u00a0 Jod\u00e5 n\u00e5gra mail svarar jag p\u00e5 men definitivt inget mer jobborienterat blir gjort. Det m\u00e5las, klipps\u2026","rel":"","context":"In &quot;Betraktelser &amp; Ber\u00e4ttelse&quot;","block_context":{"text":"Betraktelser &amp; Ber\u00e4ttelse","link":"https:\/\/www.akehedman.se\/wordpress\/?cat=24"},"img":{"alt_text":"studio","src":"https:\/\/i0.wp.com\/www.akehedman.se\/wordpress\/wp-content\/uploads\/2015\/06\/studio.png?resize=350%2C200","width":350,"height":200,"srcset":"https:\/\/i0.wp.com\/www.akehedman.se\/wordpress\/wp-content\/uploads\/2015\/06\/studio.png?resize=350%2C200 1x, https:\/\/i0.wp.com\/www.akehedman.se\/wordpress\/wp-content\/uploads\/2015\/06\/studio.png?resize=525%2C300 1.5x, https:\/\/i0.wp.com\/www.akehedman.se\/wordpress\/wp-content\/uploads\/2015\/06\/studio.png?resize=700%2C400 2x"},"classes":[]}],"jetpack_shortlink":"https:\/\/wp.me\/p68PL2-3UU","_links":{"self":[{"href":"https:\/\/www.akehedman.se\/wordpress\/index.php?rest_route=\/wp\/v2\/posts\/15060","targetHints":{"allow":["GET"]}}],"collection":[{"href":"https:\/\/www.akehedman.se\/wordpress\/index.php?rest_route=\/wp\/v2\/posts"}],"about":[{"href":"https:\/\/www.akehedman.se\/wordpress\/index.php?rest_route=\/wp\/v2\/types\/post"}],"author":[{"embeddable":true,"href":"https:\/\/www.akehedman.se\/wordpress\/index.php?rest_route=\/wp\/v2\/users\/24"}],"replies":[{"embeddable":true,"href":"https:\/\/www.akehedman.se\/wordpress\/index.php?rest_route=%2Fwp%2Fv2%2Fcomments&post=15060"}],"version-history":[{"count":2,"href":"https:\/\/www.akehedman.se\/wordpress\/index.php?rest_route=\/wp\/v2\/posts\/15060\/revisions"}],"predecessor-version":[{"id":15062,"href":"https:\/\/www.akehedman.se\/wordpress\/index.php?rest_route=\/wp\/v2\/posts\/15060\/revisions\/15062"}],"wp:attachment":[{"href":"https:\/\/www.akehedman.se\/wordpress\/index.php?rest_route=%2Fwp%2Fv2%2Fmedia&parent=15060"}],"wp:term":[{"taxonomy":"category","embeddable":true,"href":"https:\/\/www.akehedman.se\/wordpress\/index.php?rest_route=%2Fwp%2Fv2%2Fcategories&post=15060"},{"taxonomy":"post_tag","embeddable":true,"href":"https:\/\/www.akehedman.se\/wordpress\/index.php?rest_route=%2Fwp%2Fv2%2Ftags&post=15060"}],"curies":[{"name":"wp","href":"https:\/\/api.w.org\/{rel}","templated":true}]}}