{"id":15029,"date":"2014-10-04T12:07:25","date_gmt":"2014-10-04T11:07:25","guid":{"rendered":"http:\/\/www.eurosource.se\/akhe\/wordpress\/?p=15029"},"modified":"2014-10-04T12:12:19","modified_gmt":"2014-10-04T11:12:19","slug":"lenarens-ord","status":"publish","type":"post","link":"https:\/\/www.akehedman.se\/wordpress\/?p=15029","title":{"rendered":"Ledarens ord"},"content":{"rendered":"<p><a href=\"https:\/\/i0.wp.com\/www.eurosource.se\/akhe\/wordpress\/wp-content\/uploads\/2014\/10\/KOREA-NORTH__2.jpg\"><img data-recalc-dims=\"1\" loading=\"lazy\" decoding=\"async\" class=\"alignnone size-full wp-image-15033\" src=\"https:\/\/i0.wp.com\/www.eurosource.se\/akhe\/wordpress\/wp-content\/uploads\/2014\/10\/KOREA-NORTH__2.jpg?resize=580%2C286\" alt=\"KOREA-NORTH__2\" width=\"580\" height=\"286\" \/><\/a><\/p>\n<p>Jag deltar i en diskussion mellan tre utvecklare p\u00e5 Google. Ja inget konstigt med det, och nej jag f\u00f6rs\u00f6ker inte s\u00e4lja in VSCP. Det var l\u00e4nge sedan. Men de \u00e4r fulla av entusiasm s\u00e5klart. Alla \u00e4r det p\u00e5 Google och alla \u00e4r det i Silicon Valley. Ja i USA har mer av det d\u00e4r. Det som \u00e4r lite fult i Europa. &#8220;\u00c4r det skoj s\u00e5 \u00e4r det tamefan inte seri\u00f6st&#8221;, med slutsatsen att d\u00e5 \u00e4r det inte arbete heller och allts\u00e5 n\u00e5got man f\u00e5r syssla med p\u00e5 fritiden.<\/p>\n<p>Men det vi diskuterar \u00e4r sk\u00e5pmat s\u00e5klart. Trodde jag att de l\u00e4st &#8220;Kejsarens nya kl\u00e4der&#8221; s\u00e5 skulle jag h\u00e4nvisa till den flera g\u00e5nger under diskussionerna. Det \u00e4r klart man anv\u00e4nder mqtt\u00a0f\u00f6r att kommunicera mellan modulerna, vem g\u00f6r inte det idag liksom!!?? Ja osv, f\u00f6rkortningarna, alla k\u00e4nda, alla upprepande som mantran i pressen.<\/p>\n<p>Ja mqtt&#8230; jag minns en man som bodde p\u00e5 en \u00f6 utanf\u00f6r England, jobbade p\u00e5 ett stort f\u00f6retag och ville styra en lampa&#8230; Ja det \u00e4r en annan historia.<\/p>\n<p>Jag ger mig fr\u00e5n den d\u00e4r diskussionen till slut. Det \u00e4r fredagskv\u00e4ll och jag vill vara ledig. Det kommer s\u00e4kert bli n\u00e5got som det kommer att skrivas om i tidningarna det d\u00e4r ocks\u00e5. Det beh\u00f6ver inte vara speciellt revolutionerande f\u00f6r det. Det r\u00e4cker s\u00e5 gott att r\u00e4tt person s\u00e4ger att det \u00e4r det.<\/p>\n<p>Men det \u00e4r f\u00f6rst n\u00e4r jag l\u00e4ser ett mail fr\u00e5n en gammal kompis h\u00e4r p\u00e5 morgonen som det sl\u00e5r mig p\u00e5 allvar. Han n\u00e4mner n\u00e4mligen \u00a0ocks\u00e5 ungef\u00e4r samma f\u00f6rkortningar, jad\u00e5 MQTT ocks\u00e5. Det handlar om sj\u00e4lvf\u00f6rtroende JAPP, SJ\u00c4LVF\u00d6RTROENDE. Folket har slutat att tro p\u00e5 sig sj\u00e4lva. Man m\u00e5ste h\u00f6ra ordet fr\u00e5n LEDAREN innan man tar till sig n\u00e5got. Ja det \u00e4r s\u00e5 det \u00e4r. Det \u00e4r s\u00e5 det m\u00e5ste vara. Det \u00e4r just de d\u00e4r hj\u00e4rncellerna som inte kom med n\u00e4r jag byggdes. Det \u00e4r f\u00f6r avsaknaden av dem jag borde p\u00e5 bidrag, f\u00f6rtidspension och \u00f6mkas.<\/p>\n<p>F\u00f6r visst \u00e4r det s\u00e5. P\u00e5 JB gymnasiet eller gymnasiet i Mora eller andra st\u00e4llen d\u00e4r jag varit anst\u00e4lld s\u00e5 har det verkligen inte varit en bra egenskap att &#8220;t\u00e4nka sj\u00e4lv&#8221;. Underf\u00f6rst\u00e5tt det finns &#8220;andra&#8221; som t\u00e4nker b\u00e4ttre. P\u00e5 JB och i Mora \u00a0stod svaren p\u00e5 skolverkets web. Och nog minns jag han som sa just det d\u00e4r att &#8220;jag t\u00e4nkte s\u00e5 j\u00e4vla mycket sj\u00e4lv&#8221; och sa det som om det var en f\u00f6rol\u00e4mpning men som var som \u00a0ber\u00f6m och len s\u00f6t honung i \u00f6ronen f\u00f6r mig. Jag vill t\u00e4nka sj\u00e4lv. Till vilket pris som helst.<\/p>\n<p>S\u00e5 n\u00e4r m\u00e4nniskorna kallar t.ex. mqtt\u00a0f\u00f6r den universella standarden f\u00f6r IoT\/m2m kommunikation s\u00e5 ler jag lite f\u00f6r mig sj\u00e4lv. N\u00e4r de bygger sina l\u00f6sningar d\u00e4r ovanp\u00e5 och inhystar ovationerna s\u00e5 ler jag igen. De kommer bygga om allt ihop igen om ett \u00e5r eller tv\u00e5. Omfamna n\u00e4sta f\u00f6rkortning som LEDAREN har valt. De \u00e4r fotsoldater hela bunten. \u00c4r LEDAREN Hitler s\u00e5 f\u00f6ljer de f\u00f6r man f\u00f6ljer enligt lagen, man t\u00e4nker inte sj\u00e4lv, jo man pseudot\u00e4nker genom att g\u00f6ra precis som alla andra men p\u00e5 ett eget s\u00e4tt s\u00e5 att inget \u00e4nd\u00e5 kan kommunicera med n\u00e5got annat. Det som fr\u00e5n br\u00f6jan var avsikten med det man nu anv\u00e4nder. Man tycker det man g\u00f6r \u00e4r revolutionerande fast det bara \u00e4r samma goja som alla andra sprutar ur sig. S\u00e5nt som ingen ens mins under tio \u00e5r efter\u00e5t. Knappat man sj\u00e4lv.<\/p>\n<p>Jag vet hur Edsbyn en g\u00e5ng blev en blomstrande bygd f\u00f6r snart hundra \u00e5r sedan (det \u00e4r annat idag). Man t\u00e4nkte och sen gjorde man. Ville man tillverka n\u00e5got ,vad det nu var (mest tr\u00e4varor var det ju), s\u00e5 byggde man en maskin f\u00f6r det. Man \u00e5kte ut p\u00e5 resor i v\u00e4rlden. Bes\u00f6kte industrier och s\u00e5g hur de gjorde. Sen \u00e5kte man hem och kopierade det d\u00e4r, anpassade efter sina egna krav. N\u00e4stan varenda maskin byggde man sj\u00e4lv. Fr\u00e5n grunden och upp\u00e5t. Min farsa var en del av det d\u00e4r. Fungerade det inte s\u00e5 byggde han n\u00e5got nytt. Uppfann. Det var inget konstigt med det. Man trodde p\u00e5 sig sj\u00e4lv och att man kunde och var stolt med r\u00e4tta \u00f6ver slutresultatet. Ja vi ser den d\u00e4r modellen anv\u00e4ndas i Kina idag. Visst &#8211; \u00a0med framg\u00e5ng s\u00e5klart, f\u00f6r det \u00e4r ett framg\u00e5ngskoncept.<\/p>\n<p>Men det \u00e4r klart \u00a0man skall anv\u00e4nda f\u00e4rdiga l\u00f6sningar. Utvecklingen sker genom att bygga nytt p\u00e5 de nya &#8211; inte p\u00e5 att bara anv\u00e4nda det nya. Det finns en skillnad d\u00e4r f\u00f6r den som orkar t\u00e4nka.<\/p>\n<p>&nbsp;<\/p>\n","protected":false},"excerpt":{"rendered":"<p>Jag deltar i en diskussion mellan tre utvecklare p\u00e5 Google. Ja inget konstigt med det, och nej jag f\u00f6rs\u00f6ker inte s\u00e4lja in VSCP. Det var l\u00e4nge sedan. Men de \u00e4r fulla av entusiasm s\u00e5klart. Alla \u00e4r det p\u00e5 Google och alla \u00e4r det i Silicon Valley. Ja i USA har mer av det d\u00e4r. Det [&hellip;]<\/p>\n","protected":false},"author":24,"featured_media":0,"comment_status":"open","ping_status":"open","sticky":false,"template":"","format":"standard","meta":{"_crdt_document":"","jetpack_post_was_ever_published":false,"_jetpack_newsletter_access":"","_jetpack_dont_email_post_to_subs":false,"_jetpack_newsletter_tier_id":0,"_jetpack_memberships_contains_paywalled_content":false,"_jetpack_memberships_contains_paid_content":false,"footnotes":"","jetpack_publicize_message":"","jetpack_publicize_feature_enabled":true,"jetpack_social_post_already_shared":true,"jetpack_social_options":{"image_generator_settings":{"template":"highway","default_image_id":0,"font":"","enabled":false},"version":2}},"categories":[24],"tags":[],"class_list":["post-15029","post","type-post","status-publish","format-standard","hentry","category-betraktelser"],"jetpack_publicize_connections":[],"jetpack_featured_media_url":"","jetpack_sharing_enabled":true,"jetpack_likes_enabled":true,"jetpack-related-posts":[{"id":12394,"url":"https:\/\/www.akehedman.se\/wordpress\/?p=12394","url_meta":{"origin":15029,"position":0},"title":"Kasta in alla sjuhundra sidorna i spisen och gl\u00f6mma det d\u00e4r.","author":"\u00c5ke Hedman","date":"2014-03-10","format":false,"excerpt":"Det \u00e4r tystnaden som regerar idag. Starka vindar under helgen har l\u00e5tit som starka vindar brukar l\u00e5ta. Hitlockade av solen och v\u00e4rmen. Men idag allts\u00e5 gr\u00e5v\u00e4der och tystnad. Jag njuter av det d\u00e4r tysta. Har behov av att finnas i det. Det bryts bara av att en bil \u00e5ker upp\u2026","rel":"","context":"In &quot;Betraktelser &amp; Ber\u00e4ttelse&quot;","block_context":{"text":"Betraktelser &amp; Ber\u00e4ttelse","link":"https:\/\/www.akehedman.se\/wordpress\/?cat=24"},"img":{"alt_text":"PIX-NHXDTH","src":"https:\/\/i0.wp.com\/www.eurosource.se\/akhe\/wordpress\/wp-content\/uploads\/2014\/03\/PIX-NHXDTH.jpg?resize=350%2C200","width":350,"height":200},"classes":[]},{"id":30124,"url":"https:\/\/www.akehedman.se\/wordpress\/?p=30124","url_meta":{"origin":15029,"position":1},"title":"Dansen (Thanks @TomOakes and #PeterPumaHedlund)","author":"\u00c5ke Hedman","date":"2018-10-07","format":false,"excerpt":"Vi kommer faktiskt iv\u00e4g. Vi g\u00f6r s\u00e5 s\u00e4llan det. Men konsert i Hamra kyrka. Fl\u00f6jt och nyckelharpa. Gitarr. Tom Oakes och Peter Hedlund. Irl\u00e4ndskt. Skotskt. Lite annat. Vackert. Inspirerande. Duktiga musiker. Jag lyfts upp mot universum precis som alla andra som som sitter d\u00e4r antagligen g\u00f6r. Men jag sk\u00e4ms lite\u2026","rel":"","context":"In &quot;Betraktelser &amp; Ber\u00e4ttelse&quot;","block_context":{"text":"Betraktelser &amp; Ber\u00e4ttelse","link":"https:\/\/www.akehedman.se\/wordpress\/?cat=24"},"img":{"alt_text":"","src":"https:\/\/i0.wp.com\/www.akehedman.se\/wordpress\/wp-content\/uploads\/2018\/07\/ake_20180727-577x1024.jpg?resize=350%2C200","width":350,"height":200,"srcset":"https:\/\/i0.wp.com\/www.akehedman.se\/wordpress\/wp-content\/uploads\/2018\/07\/ake_20180727-577x1024.jpg?resize=350%2C200 1x, https:\/\/i0.wp.com\/www.akehedman.se\/wordpress\/wp-content\/uploads\/2018\/07\/ake_20180727-577x1024.jpg?resize=525%2C300 1.5x"},"classes":[]},{"id":21322,"url":"https:\/\/www.akehedman.se\/wordpress\/?p=21322","url_meta":{"origin":15029,"position":2},"title":"L\u00f6ningshelg","author":"\u00c5ke Hedman","date":"2016-08-26","format":false,"excerpt":"Fredag. Helg. L\u00f6ningshelg. V\u00e5r vana trogen drar vi \u00f6sterut och bunkrar f\u00f6r m\u00e5naden. Man m\u00e5ste det om man nu prompt skall bo h\u00e4r ute i skogen. M\u00e5ste f\u00e5 komma iv\u00e4g och se annat. Vi som \u00e4r vegetarianer vill ocks\u00e5 g\u00e4rna ha lite mer utbud av vegetariska varor att v\u00e4lja mellan.\u2026","rel":"","context":"In &quot;Betraktelser &amp; Ber\u00e4ttelse&quot;","block_context":{"text":"Betraktelser &amp; Ber\u00e4ttelse","link":"https:\/\/www.akehedman.se\/wordpress\/?cat=24"},"img":{"alt_text":"DSC00361-e1448011237408","src":"https:\/\/i0.wp.com\/www.akehedman.se\/wordpress\/wp-content\/uploads\/2016\/07\/DSC00361-e1448011237408.jpg?resize=350%2C200","width":350,"height":200,"srcset":"https:\/\/i0.wp.com\/www.akehedman.se\/wordpress\/wp-content\/uploads\/2016\/07\/DSC00361-e1448011237408.jpg?resize=350%2C200 1x, https:\/\/i0.wp.com\/www.akehedman.se\/wordpress\/wp-content\/uploads\/2016\/07\/DSC00361-e1448011237408.jpg?resize=525%2C300 1.5x, https:\/\/i0.wp.com\/www.akehedman.se\/wordpress\/wp-content\/uploads\/2016\/07\/DSC00361-e1448011237408.jpg?resize=700%2C400 2x"},"classes":[]},{"id":42625,"url":"https:\/\/www.akehedman.se\/wordpress\/?p=42625","url_meta":{"origin":15029,"position":3},"title":"Att v\u00e4nja sig","author":"\u00c5ke Hedman","date":"2022-08-28","format":false,"excerpt":"En lampa blinkar frenetiskt ovanf\u00f6r mitt huvud. Lysr\u00f6r M\u00e5nga. D\u00e4r i taket. Alltid n\u00e5got som \u00e4r trasigt. Livsfarlig operation p\u00e5 vinglig tremetersstege \u00e4r n\u00f6dv\u00e4ndig f\u00f6r att kunna byta. Men man m\u00e5ste s\u00e5klart. Ocks\u00e5 som pension\u00e4r. En dag kommer det d\u00e4r bli min d\u00f6d. Om jag nu inte lyckas byta ut\u2026","rel":"","context":"In &quot;Swedish&quot;","block_context":{"text":"Swedish","link":"https:\/\/www.akehedman.se\/wordpress\/?cat=2"},"img":{"alt_text":"","src":"https:\/\/i0.wp.com\/www.akehedman.se\/wordpress\/wp-content\/uploads\/2022\/08\/IMG_20220828_085339-scaled.jpg?resize=350%2C200&ssl=1","width":350,"height":200,"srcset":"https:\/\/i0.wp.com\/www.akehedman.se\/wordpress\/wp-content\/uploads\/2022\/08\/IMG_20220828_085339-scaled.jpg?resize=350%2C200&ssl=1 1x, https:\/\/i0.wp.com\/www.akehedman.se\/wordpress\/wp-content\/uploads\/2022\/08\/IMG_20220828_085339-scaled.jpg?resize=525%2C300&ssl=1 1.5x, https:\/\/i0.wp.com\/www.akehedman.se\/wordpress\/wp-content\/uploads\/2022\/08\/IMG_20220828_085339-scaled.jpg?resize=700%2C400&ssl=1 2x, https:\/\/i0.wp.com\/www.akehedman.se\/wordpress\/wp-content\/uploads\/2022\/08\/IMG_20220828_085339-scaled.jpg?resize=1050%2C600&ssl=1 3x, https:\/\/i0.wp.com\/www.akehedman.se\/wordpress\/wp-content\/uploads\/2022\/08\/IMG_20220828_085339-scaled.jpg?resize=1400%2C800&ssl=1 4x"},"classes":[]},{"id":25040,"url":"https:\/\/www.akehedman.se\/wordpress\/?p=25040","url_meta":{"origin":15029,"position":4},"title":"\u00c4ta elefanter","author":"\u00c5ke Hedman","date":"2017-08-16","format":false,"excerpt":"Sitter h\u00e4r och fryser. Standard denna sommar. Skitsommar. Dr\u00f6mmer s\u00e5klart om dagar n\u00e4r det var riktig sommar. Ja inte h\u00e4r i Los d\u00e5 s\u00e5klart. N\u00e4rmare kusten. Men det \u00e4r v\u00e4l bara att ge upp. Best\u00e4lla pellets och ge upp. Hoppas p\u00e5 n\u00e4sta \u00e5r. F\u00f6rs\u00f6ka \u00f6verleva till n\u00e4sta f\u00f6rs\u00f6k. N\u00e4sta sommar.\u2026","rel":"","context":"In &quot;Betraktelser &amp; Ber\u00e4ttelse&quot;","block_context":{"text":"Betraktelser &amp; Ber\u00e4ttelse","link":"https:\/\/www.akehedman.se\/wordpress\/?cat=24"},"img":{"alt_text":"","src":"https:\/\/i0.wp.com\/www.akehedman.se\/wordpress\/wp-content\/uploads\/2017\/08\/IMG_20170801_111750896-768x1024.jpg?resize=350%2C200","width":350,"height":200},"classes":[]},{"id":20911,"url":"https:\/\/www.akehedman.se\/wordpress\/?p=20911","url_meta":{"origin":15029,"position":5},"title":"Mitt","author":"\u00c5ke Hedman","date":"2016-07-05","format":false,"excerpt":"nno Lillkatten och jag p\u00e5 kontoret. \u00c4nnu en dag bjuder livet p\u00e5. Jag tackar. K\u00e4nner mig sugen idag. Faktiskt. Det sitter l\u00e5ngt inne det d\u00e4r ibland. Eller,ja, det g\u00f6r det oftast inte. Jag \u00e4r sugen f\u00f6r det mesta. Men sista veckorna har varit tyngre och mer inspirationsl\u00f6sa \u00e4n vanligt. Ovant\u2026","rel":"","context":"In &quot;Betraktelser &amp; Ber\u00e4ttelse&quot;","block_context":{"text":"Betraktelser &amp; Ber\u00e4ttelse","link":"https:\/\/www.akehedman.se\/wordpress\/?cat=24"},"img":{"alt_text":"fl\u00e4der","src":"https:\/\/i0.wp.com\/www.akehedman.se\/wordpress\/wp-content\/uploads\/2016\/07\/fl%C3%A4der-e1467701869567-576x1024.jpg?resize=350%2C200","width":350,"height":200,"srcset":"https:\/\/i0.wp.com\/www.akehedman.se\/wordpress\/wp-content\/uploads\/2016\/07\/fl%C3%A4der-e1467701869567-576x1024.jpg?resize=350%2C200 1x, https:\/\/i0.wp.com\/www.akehedman.se\/wordpress\/wp-content\/uploads\/2016\/07\/fl%C3%A4der-e1467701869567-576x1024.jpg?resize=525%2C300 1.5x"},"classes":[]}],"jetpack_shortlink":"https:\/\/wp.me\/p68PL2-3Up","_links":{"self":[{"href":"https:\/\/www.akehedman.se\/wordpress\/index.php?rest_route=\/wp\/v2\/posts\/15029","targetHints":{"allow":["GET"]}}],"collection":[{"href":"https:\/\/www.akehedman.se\/wordpress\/index.php?rest_route=\/wp\/v2\/posts"}],"about":[{"href":"https:\/\/www.akehedman.se\/wordpress\/index.php?rest_route=\/wp\/v2\/types\/post"}],"author":[{"embeddable":true,"href":"https:\/\/www.akehedman.se\/wordpress\/index.php?rest_route=\/wp\/v2\/users\/24"}],"replies":[{"embeddable":true,"href":"https:\/\/www.akehedman.se\/wordpress\/index.php?rest_route=%2Fwp%2Fv2%2Fcomments&post=15029"}],"version-history":[{"count":4,"href":"https:\/\/www.akehedman.se\/wordpress\/index.php?rest_route=\/wp\/v2\/posts\/15029\/revisions"}],"predecessor-version":[{"id":15034,"href":"https:\/\/www.akehedman.se\/wordpress\/index.php?rest_route=\/wp\/v2\/posts\/15029\/revisions\/15034"}],"wp:attachment":[{"href":"https:\/\/www.akehedman.se\/wordpress\/index.php?rest_route=%2Fwp%2Fv2%2Fmedia&parent=15029"}],"wp:term":[{"taxonomy":"category","embeddable":true,"href":"https:\/\/www.akehedman.se\/wordpress\/index.php?rest_route=%2Fwp%2Fv2%2Fcategories&post=15029"},{"taxonomy":"post_tag","embeddable":true,"href":"https:\/\/www.akehedman.se\/wordpress\/index.php?rest_route=%2Fwp%2Fv2%2Ftags&post=15029"}],"curies":[{"name":"wp","href":"https:\/\/api.w.org\/{rel}","templated":true}]}}