{"id":13629,"date":"2014-06-19T09:53:58","date_gmt":"2014-06-19T08:53:58","guid":{"rendered":"http:\/\/www.eurosource.se\/akhe\/wordpress\/?p=13629"},"modified":"2014-06-19T09:53:58","modified_gmt":"2014-06-19T08:53:58","slug":"jarnnatterna-ar-harda-i-ar-och-halsingska-ideer-ar-alltid-mjuka","status":"publish","type":"post","link":"https:\/\/www.akehedman.se\/wordpress\/?p=13629","title":{"rendered":"J\u00e4rnn\u00e4tterna \u00e4r h\u00e5rda i \u00e5r och H\u00e4lsingska id\u00e9er \u00e4r alltid mjuka"},"content":{"rendered":"<p><a href=\"https:\/\/i0.wp.com\/www.eurosource.se\/akhe\/wordpress\/wp-content\/uploads\/2014\/06\/1094717734_f.jpg\"><img data-recalc-dims=\"1\" loading=\"lazy\" decoding=\"async\" class=\"alignnone size-full wp-image-13637\" src=\"https:\/\/i0.wp.com\/www.eurosource.se\/akhe\/wordpress\/wp-content\/uploads\/2014\/06\/1094717734_f.jpg?resize=500%2C425\" alt=\"1094717734_f\" width=\"500\" height=\"425\" \/><\/a><\/p>\n<p>J\u00e4rnn\u00e4tterna \u00e4r h\u00e5rda i \u00e5r och h\u00e5ller i sig. Det \u00e4r Kung Bores sista suck det d\u00e4r, n\u00e4r v\u00e4rmen \u00e5terv\u00e4nder s\u00e5 \u00e4r den h\u00e4r f\u00f6r att stanna, i alla fall till h\u00f6stens f\u00f6rsta frostk\u00e4nningar kommer n\u00e5gonstans d\u00e4r borta i September och Oktober eller han\/hon\/det\/gud f\u00f6rbjude i Augusti. N\u00e4r det h\u00e4r \u00e4r klart s\u00e5 f\u00e5r citrontr\u00e4det komma ut p\u00e5 gr\u00f6nbete. St\u00e5 i sol som inte har filtrerats genom f\u00f6nsterrutor och k\u00e4nna och sniffa p\u00e5 sydliga varma vindar som tydligt s\u00e4ger &#8220;hemma&#8221; f\u00f6r citrontr\u00e4d i f\u00f6rskingringen. F\u00f6r visst h\u00e5ller vi det som f\u00e5nge d\u00e4r uppe i v\u00e5rt bibliotek. En f\u00e5nge som p\u00e5minner oss om en v\u00e4rld utan rutor som skall skrapas, g\u00e5ngar som skall skottas och pannor som skall eldas tills de \u00e4r r\u00f6dgl\u00f6dgade n\u00e4r termometrar faller fritt utanf\u00f6r husets skyddande f\u00f6nster och v\u00e4ggar. Innan jag d\u00f6r skall jag ta med det d\u00e4r tr\u00e4det och sl\u00e4ppa det f\u00f6r evigt fritt i sydl\u00e4ndska jordar. En god g\u00e4rning skall jag i alla fall hinna med i livet, \u00e4gnad en som m\u00e5ste \u00f6verleva mig. En som skall st\u00e5 d\u00e4r i s\u00f6dern och se nya tider och er\u00f6vrare komma.<\/p>\n<p>Den st\u00f6rsta meriten man kan ha i H\u00e4lsingland om man vill bli n\u00e4ringslivschef eller ha en annan syssla p\u00e5 ett kontor f\u00f6r n\u00e4ringslivsutveckling \u00e4r att man kl\u00e4r bra i kavaj och slips. M\u00f6jligen kan en tidigare Ericssonanst\u00e4llning ocks\u00e5 vara en bra merit. I alla fall om man varit projektledare. N\u00e4r man sen v\u00e4l sitter d\u00e4r beh\u00f6ver man inte g\u00f6ra s\u00e5 mycket mer \u00e4n att plocka in n\u00e5gon talare fr\u00e5n storstaden ibland som ber\u00e4ttar hur man blir framg\u00e5ngsrik, ordna frukostm\u00f6ten d\u00e4r de tio f\u00f6retagare p\u00e5 ortens som \u00e4r minst intresserade av att jobba i sitt eget f\u00f6retag kan tr\u00e4ffas och \u00e4ta en gratis frukost. Ja man g\u00f6r helt enkelt samma sak som alla andra gjort f\u00f6re en. Skit samma att det inte har fungerat. Sl\u00e5r man huvudet i stenv\u00e4ggen tillr\u00e4ckligt m\u00e5nga g\u00e5nger s\u00e5 m\u00e5ste det ju bli resultat \u00e4r devisen.<\/p>\n<p>Gemensamt f\u00f6r dem alla \u00e4r ocks\u00e5 synen att vi i H\u00e4lsingland \u00e4r lite dummare \u00e4n de d\u00e4r smartingarna i t.ex. Silicon Valley, Att det d\u00e4r syns\u00e4ttet har med det egna sj\u00e4lvf\u00f6rtroendet att g\u00f6ra g\u00e5r inte att f\u00e5 in i huvudet p\u00e5 folket h\u00e4r. &#8220;Inte kan vi&#8221; sitter liksom medf\u00f6tt i pannloben i varje H\u00e4lsingehj\u00e4rna. \u00c4nd\u00e5 s\u00e5 visare en massa m\u00e4nniskor i landskapet att de kan \u00e4nd\u00e5. Det finns en hel h\u00f6g f\u00f6rbannat duktiga m\u00e4nniskor h\u00e4r.Som bara g\u00f6r liksom utan att lyftas upp det enda minsta f\u00f6r det s\u00e5klart, men de g\u00f6r det \u00e4nd\u00e5. De st\u00f6djande organisationerna, FEL, de som skulle ha varit de st\u00f6djande organisationerna, fr\u00e5n EU kontoren, genom Vinnova, till l\u00e4nstyrelsegrupperna och ned till de lokala n\u00e4ringslivskontoren och bankerna har samtidigt sina riktade projekt. En veckan skall man vara kvinna och jobba i ett matf\u00f6retag, andra dan skall man vara \u00f6ver en och nittio och ha en eka i en viss sj\u00f6, andra dagar r\u00e4cker det med att vara arbetsl\u00f6s med en v\u00e5rta p\u00e5 v\u00e4nster \u00f6ra. Allts\u00e5 de \u00e4r p\u00e5 de d\u00e4r grupperna och p\u00e5 inga andra grupper som man l\u00e4gger sin tid och sina resurser fr\u00e5n de st\u00f6djande. De andra f\u00e5r klara sig sj\u00e4lv s\u00e5 l\u00e4nge, till det \u00e4r dags f\u00f6r deras f\u00f6nster.<\/p>\n<p>Problemet \u00e4r bara att ingen vet vad som kommer att bli en stor succ\u00e9 eller vad som kommer att lyckas. M\u00e5nga &#8220;experter&#8221; p\u00e5st\u00e5r sig kunna g\u00f6ra det men de \u00e4r samma charlataner hela bunten som varje annan sp\u00e5hen Det g\u00e5r liksom inte anv\u00e4nda politiska styrmedel heller till det d\u00e4r. Det handlar bara om m\u00e4nniskor som kan i grunden. M\u00e4nniskor som vill och kan jobba skiten ur sig f\u00f6r att f\u00f6rverkliga n\u00e5got de tror p\u00e5. Vad det \u00e4r de tror p\u00e5 spelar ingen som helst roll s\u00e5 l\u00e4nge m\u00e4nniskan bakom verkligen vill realisera sin ide&#8217; och \u00e4r beredd att jobba f\u00f6r det i mer \u00e4n ord. INte f\u00f6rv\u00e5nande s\u00e5 \u00e4r det just det d\u00e4r man \u00e4r s\u00e5 duktiga p\u00e5 d\u00e4r borta i Silicon Valley. Man ser m\u00e4nniskor, tror p\u00e5 m\u00e4nniskor och satsar p\u00e5 m\u00e4nniskor, de som g\u00f6r saker som kanske kan bli en sjuhelvetes succe. OK h\u00e4r har du en bunt pengar. N\u00e5n j\u00e4vla aff\u00e4rsplan har vi inte tid med. \u00a0Visa vad du g\u00e5r f\u00f6r dude. K\u00f6r. Och Appel, Google, LinkedIn, \u00a0Facebook, Microsoft och allt vad de heter skapas av det d\u00e4r. F\u00f6r att folk i st\u00f6djande st\u00e4llning tror p\u00e5 folk som har engagemang, kunskap och vilja att realisera det de tror p\u00e5.<\/p>\n<p>N\u00e4 det \u00e4r inte s\u00e5d\u00e4r i H\u00e4lsingland. &#8220;Inte g\u00e5r det&#8221; \u00e4r mantrat h\u00e4r och sen g\u00e5r det n\u00e5gon annanstans ist\u00e4llet, vanligtvis i USA \u00e4r det som det d\u00e4r fungerar, och d\u00e5 g\u00e5r det s\u00e5klart j\u00e4vligt bra och d\u00e5 \u00e4r m\u00e4nniskorna bakom, genier och stora entrepren\u00f6rer som \u00e4r v\u00e4rda hyllningar som aldrig tar slut medan de som \u00a0kom med iden h\u00e4r hemma inte ens finns till l\u00e4ngre. Ja jag vet att nu t\u00e4nker mer \u00e4n en H\u00e4lsing av ordningen att &#8220;nu pratar han i egen sak igen&#8221; och det \u00e4r ocks\u00e5 s\u00e5 typiskt H\u00e4lsingskt. \u00a0N\u00e4 det g\u00f6r jag inte. Jag skiter i och klarar mig utan det d\u00e4r. \u00a0Men det finns en f\u00f6rbannad massa andra m\u00e4nskor, kvinnor och m\u00e4n, inf\u00f6dda och icke inf\u00f6dda som borde tros p\u00e5, som borde satsas p\u00e5 fast \u00e4n vi inte fattar vad det \u00e4r f\u00f6r konstigheter de vill realisera. F\u00f6r det \u00e4r d\u00e4r, i de d\u00e4r m\u00e4nniskorna, som framtiden finns. Sitter vi kvar p\u00e5 v\u00e5ra h\u00f6ga h\u00e4star och tycker att det var b\u00e4ttre f\u00f6rr och att det \u00e4r i alla fall b\u00e4st i Amerika s\u00e5 anv\u00e4nder vi inte det &#8220;kapital&#8221; vi har. D\u00e5 kan vi lika bra skita i alltsammans och l\u00e4gga oss ner och d\u00f6r p\u00e5 en g\u00e5ng.<\/p>\n<p>Nu skall jag bara v\u00e4nta ut j\u00e4rnn\u00e4tterna och sen skall jag leta upp n\u00e4rmaste sj\u00f6 och plumsa ut i den naken och simma, simma f\u00f6r alla m\u00e4nniskor med id\u00e9er i hela v\u00e4rlden s\u00e5 att de blir tagna p\u00e5 allvar s\u00e5 att de kan realisera de tankar som han\/hon\/det\/gud har placerat med avsikt i deras hj\u00e4rnor f\u00f6r att de skall bli verklighet, bli nya hjul, bli flygplan. bli bilar, bli datorer, bli saker som vi aldrig ens kan dr\u00f6mma att de skulle kunna existera idag. F\u00f6r dem, och inte f\u00f6r de tr\u00f6tta, \u00a0skall jag simma runt naken och fet och l\u00e4cker i kall H\u00e4lsingsk sj\u00f6.<\/p>\n","protected":false},"excerpt":{"rendered":"<p>J\u00e4rnn\u00e4tterna \u00e4r h\u00e5rda i \u00e5r och h\u00e5ller i sig. Det \u00e4r Kung Bores sista suck det d\u00e4r, n\u00e4r v\u00e4rmen \u00e5terv\u00e4nder s\u00e5 \u00e4r den h\u00e4r f\u00f6r att stanna, i alla fall till h\u00f6stens f\u00f6rsta frostk\u00e4nningar kommer n\u00e5gonstans d\u00e4r borta i September och Oktober eller han\/hon\/det\/gud f\u00f6rbjude i Augusti. N\u00e4r det h\u00e4r \u00e4r klart s\u00e5 f\u00e5r citrontr\u00e4det [&hellip;]<\/p>\n","protected":false},"author":24,"featured_media":0,"comment_status":"open","ping_status":"open","sticky":false,"template":"","format":"standard","meta":{"_crdt_document":"","jetpack_post_was_ever_published":false,"_jetpack_newsletter_access":"","_jetpack_dont_email_post_to_subs":false,"_jetpack_newsletter_tier_id":0,"_jetpack_memberships_contains_paywalled_content":false,"_jetpack_memberships_contains_paid_content":false,"footnotes":"","jetpack_publicize_message":"","jetpack_publicize_feature_enabled":true,"jetpack_social_post_already_shared":true,"jetpack_social_options":{"image_generator_settings":{"template":"highway","default_image_id":0,"font":"","enabled":false},"version":2}},"categories":[24],"tags":[],"class_list":["post-13629","post","type-post","status-publish","format-standard","hentry","category-betraktelser"],"jetpack_publicize_connections":[],"jetpack_featured_media_url":"","jetpack_sharing_enabled":true,"jetpack_likes_enabled":true,"jetpack-related-posts":[{"id":18347,"url":"https:\/\/www.akehedman.se\/wordpress\/?p=18347","url_meta":{"origin":13629,"position":0},"title":"&#8220;lobbdag&#8221;","author":"\u00c5ke Hedman","date":"2015-08-03","format":false,"excerpt":"M\u00e5ndag morgon. Ny vecka. Solen bl\u00e4ndar mig n\u00e4r jag s\u00e4tter mig vid skrivbordet. Jag l\u00e5ter den g\u00f6ra det. Det betyder inte ett skit. Det skall bli en solig dag f\u00f6r alla. F\u00f6r oss som jobbar v\u00e5r f\u00f6rsta riktiga jobbvecka och f\u00f6r alla dem som fortfarande \u00e4r lediga. \"Hurra!\" \u00e4r v\u00e4l\u2026","rel":"","context":"In &quot;Betraktelser &amp; Ber\u00e4ttelse&quot;","block_context":{"text":"Betraktelser &amp; Ber\u00e4ttelse","link":"https:\/\/www.akehedman.se\/wordpress\/?cat=24"},"img":{"alt_text":"IMG_1120","src":"https:\/\/i0.wp.com\/www.akehedman.se\/wordpress\/wp-content\/uploads\/2015\/08\/IMG_1120-1024x768.jpg?resize=350%2C200","width":350,"height":200,"srcset":"https:\/\/i0.wp.com\/www.akehedman.se\/wordpress\/wp-content\/uploads\/2015\/08\/IMG_1120-1024x768.jpg?resize=350%2C200 1x, https:\/\/i0.wp.com\/www.akehedman.se\/wordpress\/wp-content\/uploads\/2015\/08\/IMG_1120-1024x768.jpg?resize=525%2C300 1.5x"},"classes":[]},{"id":15024,"url":"https:\/\/www.akehedman.se\/wordpress\/?p=15024","url_meta":{"origin":13629,"position":1},"title":"Godmorgon godmorgon","author":"\u00c5ke Hedman","date":"2014-10-03","format":false,"excerpt":"\"Godmorgon, gordmorgon\". Det g\u00e5r liksom inte att h\u00e5lla sig fr\u00e5n att uttala de d\u00e4r orden h\u00f6gt n\u00e4r jag kliver in p\u00e5 kontoret. Lite omv\u00e4nt \"Macken\" s\u00e5d\u00e4r. Klockan \u00e4r halv \u00e5tta. Det \u00e4r inte s\u00e5 l\u00e4nge sedan jag gick h\u00e4rifr\u00e5n. D\u00e5 var den n\u00e4stan ett n\u00e4r jag vandrade upp till s\u00e4ng\u2026","rel":"","context":"In &quot;Betraktelser &amp; Ber\u00e4ttelse&quot;","block_context":{"text":"Betraktelser &amp; Ber\u00e4ttelse","link":"https:\/\/www.akehedman.se\/wordpress\/?cat=24"},"img":{"alt_text":"gral","src":"https:\/\/i0.wp.com\/www.eurosource.se\/akhe\/wordpress\/wp-content\/uploads\/2014\/10\/gral.gif?resize=350%2C200","width":350,"height":200},"classes":[]},{"id":14367,"url":"https:\/\/www.akehedman.se\/wordpress\/?p=14367","url_meta":{"origin":13629,"position":2},"title":"H J \u00c4 L P ! ! !","author":"\u00c5ke Hedman","date":"2014-08-12","format":false,"excerpt":"Jag r\u00e5kar ta en bild p\u00e5 mitt h\u00e5rf\u00e4ste n\u00e4r jag skall ta en selfie p\u00e5 mig och min katt som \u00e4r k\u00e4rv\u00e4nlig som vanligt idag n\u00e4r hon f\u00e5r komma in p\u00e5 kontoret. Helvete! Det \u00e4r en h\u00f6g panna man har numera och med glesheten hos de str\u00e5n som finns kvar\u2026","rel":"","context":"In &quot;Betraktelser &amp; Ber\u00e4ttelse&quot;","block_context":{"text":"Betraktelser &amp; Ber\u00e4ttelse","link":"https:\/\/www.akehedman.se\/wordpress\/?cat=24"},"img":{"alt_text":"tankarpanna","src":"https:\/\/i0.wp.com\/www.eurosource.se\/akhe\/wordpress\/wp-content\/uploads\/2014\/08\/tankarpanna-1024x674.jpg?resize=350%2C200","width":350,"height":200,"srcset":"https:\/\/i0.wp.com\/www.eurosource.se\/akhe\/wordpress\/wp-content\/uploads\/2014\/08\/tankarpanna-1024x674.jpg?resize=350%2C200 1x, https:\/\/i0.wp.com\/www.eurosource.se\/akhe\/wordpress\/wp-content\/uploads\/2014\/08\/tankarpanna-1024x674.jpg?resize=525%2C300 1.5x"},"classes":[]},{"id":27277,"url":"https:\/\/www.akehedman.se\/wordpress\/?p=27277","url_meta":{"origin":13629,"position":3},"title":"Vasaloppet","author":"\u00c5ke Hedman","date":"2018-02-25","format":false,"excerpt":"Det regnar inte. Nope. Det \u00e4r kallt ute. Inatt f\u00f6rs\u00f6ker prognosen sig p\u00e5 minus tjugofyra. Man hoppas de har fel. Eller \u00e5tminstone att kullens h\u00f6jd \u00f6ver dalg\u00e5ngarna besparar oss lite fr\u00e5n det d\u00e4r Nikkaluokta kalla. Men det \u00e4r som det \u00e4r. Det verkar dessutom som det blir s\u00e5h\u00e4r i tio\u2026","rel":"","context":"In &quot;Betraktelser &amp; Ber\u00e4ttelse&quot;","block_context":{"text":"Betraktelser &amp; Ber\u00e4ttelse","link":"https:\/\/www.akehedman.se\/wordpress\/?cat=24"},"img":{"alt_text":"","src":"https:\/\/i0.wp.com\/www.akehedman.se\/wordpress\/wp-content\/uploads\/2018\/02\/IMG_20180225_124944506-1024x576.jpg?resize=350%2C200","width":350,"height":200,"srcset":"https:\/\/i0.wp.com\/www.akehedman.se\/wordpress\/wp-content\/uploads\/2018\/02\/IMG_20180225_124944506-1024x576.jpg?resize=350%2C200 1x, https:\/\/i0.wp.com\/www.akehedman.se\/wordpress\/wp-content\/uploads\/2018\/02\/IMG_20180225_124944506-1024x576.jpg?resize=525%2C300 1.5x"},"classes":[]},{"id":42918,"url":"https:\/\/www.akehedman.se\/wordpress\/?p=42918","url_meta":{"origin":13629,"position":4},"title":"I min faders fotsp\u00e5r","author":"\u00c5ke Hedman","date":"2022-10-02","format":false,"excerpt":"Mekaniker. Jag, I min fars fotsp\u00e5r. Det \u00e4r det helgen g\u00e5r ut p\u00e5. Bit f\u00f6r bit byts gammalt p\u00e5 pelletsbr\u00e4nnare ut mot nytt. Blir som ny s\u00e5klart. N\u00e4ra och n\u00e4stan. St\u00f6ter p\u00e5 patrull n\u00e4r jag skall montera fl\u00e4kten som inte passar. Men f\u00e5r tips av leverant\u00f6ren s\u00e5 det skall nog\u2026","rel":"","context":"In &quot;Betraktelser &amp; Ber\u00e4ttelse&quot;","block_context":{"text":"Betraktelser &amp; Ber\u00e4ttelse","link":"https:\/\/www.akehedman.se\/wordpress\/?cat=24"},"img":{"alt_text":"","src":"https:\/\/i0.wp.com\/www.akehedman.se\/wordpress\/wp-content\/uploads\/2022\/10\/IMG_20221001_155719-scaled.jpg?resize=350%2C200&ssl=1","width":350,"height":200,"srcset":"https:\/\/i0.wp.com\/www.akehedman.se\/wordpress\/wp-content\/uploads\/2022\/10\/IMG_20221001_155719-scaled.jpg?resize=350%2C200&ssl=1 1x, https:\/\/i0.wp.com\/www.akehedman.se\/wordpress\/wp-content\/uploads\/2022\/10\/IMG_20221001_155719-scaled.jpg?resize=525%2C300&ssl=1 1.5x, https:\/\/i0.wp.com\/www.akehedman.se\/wordpress\/wp-content\/uploads\/2022\/10\/IMG_20221001_155719-scaled.jpg?resize=700%2C400&ssl=1 2x, https:\/\/i0.wp.com\/www.akehedman.se\/wordpress\/wp-content\/uploads\/2022\/10\/IMG_20221001_155719-scaled.jpg?resize=1050%2C600&ssl=1 3x, https:\/\/i0.wp.com\/www.akehedman.se\/wordpress\/wp-content\/uploads\/2022\/10\/IMG_20221001_155719-scaled.jpg?resize=1400%2C800&ssl=1 4x"},"classes":[]},{"id":33036,"url":"https:\/\/www.akehedman.se\/wordpress\/?p=33036","url_meta":{"origin":13629,"position":5},"title":"Tre p\u00e5 s\u00e4nke","author":"\u00c5ke Hedman","date":"2019-09-16","format":false,"excerpt":"Det \u00e4r en s\u00e5dan d\u00e4r grinig kall och bl\u00f6t dag med vindar fr\u00e5n norr idag. Jag fryser s\u00e5klart. Nu har det b\u00f6rjat. Sex m\u00e5naders frysande fram\u00f6ver. Jag hatar det. Men accepterar. Motvilligt och stoiskt. Vasaloppss\u00f6ndagen k\u00e4nns l\u00e5ngt borta. Men man f\u00e5r h\u00e4rda ut. Ja hoppas fortfarande att jag skall f\u00e5\u2026","rel":"","context":"In &quot;Betraktelser &amp; Ber\u00e4ttelse&quot;","block_context":{"text":"Betraktelser &amp; Ber\u00e4ttelse","link":"https:\/\/www.akehedman.se\/wordpress\/?cat=24"},"img":{"alt_text":"","src":"https:\/\/i0.wp.com\/www.akehedman.se\/wordpress\/wp-content\/uploads\/2019\/09\/Screenshot-from-2019-09-16-21-54-46.png?resize=350%2C200&ssl=1","width":350,"height":200,"srcset":"https:\/\/i0.wp.com\/www.akehedman.se\/wordpress\/wp-content\/uploads\/2019\/09\/Screenshot-from-2019-09-16-21-54-46.png?resize=350%2C200&ssl=1 1x, https:\/\/i0.wp.com\/www.akehedman.se\/wordpress\/wp-content\/uploads\/2019\/09\/Screenshot-from-2019-09-16-21-54-46.png?resize=525%2C300&ssl=1 1.5x, https:\/\/i0.wp.com\/www.akehedman.se\/wordpress\/wp-content\/uploads\/2019\/09\/Screenshot-from-2019-09-16-21-54-46.png?resize=700%2C400&ssl=1 2x"},"classes":[]}],"jetpack_shortlink":"https:\/\/wp.me\/p68PL2-3xP","_links":{"self":[{"href":"https:\/\/www.akehedman.se\/wordpress\/index.php?rest_route=\/wp\/v2\/posts\/13629","targetHints":{"allow":["GET"]}}],"collection":[{"href":"https:\/\/www.akehedman.se\/wordpress\/index.php?rest_route=\/wp\/v2\/posts"}],"about":[{"href":"https:\/\/www.akehedman.se\/wordpress\/index.php?rest_route=\/wp\/v2\/types\/post"}],"author":[{"embeddable":true,"href":"https:\/\/www.akehedman.se\/wordpress\/index.php?rest_route=\/wp\/v2\/users\/24"}],"replies":[{"embeddable":true,"href":"https:\/\/www.akehedman.se\/wordpress\/index.php?rest_route=%2Fwp%2Fv2%2Fcomments&post=13629"}],"version-history":[{"count":1,"href":"https:\/\/www.akehedman.se\/wordpress\/index.php?rest_route=\/wp\/v2\/posts\/13629\/revisions"}],"predecessor-version":[{"id":13638,"href":"https:\/\/www.akehedman.se\/wordpress\/index.php?rest_route=\/wp\/v2\/posts\/13629\/revisions\/13638"}],"wp:attachment":[{"href":"https:\/\/www.akehedman.se\/wordpress\/index.php?rest_route=%2Fwp%2Fv2%2Fmedia&parent=13629"}],"wp:term":[{"taxonomy":"category","embeddable":true,"href":"https:\/\/www.akehedman.se\/wordpress\/index.php?rest_route=%2Fwp%2Fv2%2Fcategories&post=13629"},{"taxonomy":"post_tag","embeddable":true,"href":"https:\/\/www.akehedman.se\/wordpress\/index.php?rest_route=%2Fwp%2Fv2%2Ftags&post=13629"}],"curies":[{"name":"wp","href":"https:\/\/api.w.org\/{rel}","templated":true}]}}