{"id":13586,"date":"2014-06-16T23:20:12","date_gmt":"2014-06-16T22:20:12","guid":{"rendered":"http:\/\/www.eurosource.se\/akhe\/wordpress\/?p=13586"},"modified":"2021-10-24T19:59:01","modified_gmt":"2021-10-24T18:59:01","slug":"abborrarna-anfaller-eller-vad-det-nu-ar-de-gor","status":"publish","type":"post","link":"https:\/\/www.akehedman.se\/wordpress\/?p=13586","title":{"rendered":"Abborrarna anfaller eller vad det nu \u00e4r de g\u00f6r"},"content":{"rendered":"<p><a href=\"https:\/\/i0.wp.com\/www.eurosource.se\/akhe\/wordpress\/wp-content\/uploads\/2014\/06\/abborre.jpg\"><img data-recalc-dims=\"1\" loading=\"lazy\" decoding=\"async\" class=\"alignnone size-full wp-image-13587\" src=\"https:\/\/i0.wp.com\/www.eurosource.se\/akhe\/wordpress\/wp-content\/uploads\/2014\/06\/abborre.jpg?resize=354%2C265\" alt=\"abborre\" width=\"354\" height=\"265\"\/><\/a><\/p>\n<p>Egentligen skulle man v\u00e4l kunnat s\u00e4ga att det var den f\u00f6rsta dagen det h\u00e4nde. Det var d\u00e5 n\u00e4r jag skulle g\u00e5 ner till sj\u00f6n och tv\u00e4tta mina f\u00f6tter, de som luktade mer som en \u00f6vergiven m\u00f6glig ost \u00e4n en del av en m\u00e4nniska. Ja, det blir s\u00e5d\u00e4r om man har storst\u00f6vlarna p\u00e5 sig hela dagarna, allts\u00e5 de stora l\u00e5nga chippande gr\u00f6na med h\u00e5l i h\u00e4len p\u00e5, de man har p\u00e5 sig n\u00e4r man \u00e4r utomhus h\u00e4r p\u00e5 landet. Samma st\u00f6vlar allts\u00e5 som har n\u00e5got liknande surstr\u00f6mmingsinl\u00e4ggning \u00f6ver sig ocks\u00e5 utan f\u00f6tter. Som f\u00e5r stanna utanf\u00f6r stugan p\u00e5 sommaren och n\u00e4ra luftutbytet vid den ot\u00e4ta&nbsp; d\u00f6rren p\u00e5 vintern. Men nu var det inte mina st\u00f6vlar den h\u00e4r historien skulle handla om och definitivt inte om mina f\u00f6tter, de som jag allts\u00e5 gick ned till sj\u00f6n f\u00f6r att tv\u00e4tta rena den d\u00e4r kv\u00e4llen.<\/p>\n<p>Det \u00e4r inte l\u00e5ngt ned till sj\u00f6n fr\u00e5n min lilla stuga. Trehundra st\u00f6velsteg ungef\u00e4r. Man bor bra. Mitt ute i skogen s\u00e5klart. Utan rinnande vatten och elektricitet, men det \u00e4r s\u00e5 jag vill ha det. Jag har bott h\u00e4r sj\u00e4lv i hela mitt&nbsp; fria liv, borde bli en tjugo \u00e5r nu ungef\u00e4r. Innan dess satt jag inne i arton \u00e5r p\u00e5 anstalt f\u00f6r ett mord jag aldrig begick och innan det, ja d\u00e5 var man ung och bodde hemma hos mor och far, gick i skolan och l\u00e4ste f\u00f6r pr\u00e4sten. H\u00e4r ute i ingenstans, femton mil till n\u00e4rmaste m\u00e4nniska, \u00f6verlever jag genom att tjuvjaga en \u00e4lg och lite annat sm\u00e5vilt d\u00e5 och d\u00e5, fisk finns det i sj\u00f6n och ett litet gr\u00f6nsaksland och ett potatisland har jag. Jag brukar tj\u00e4na n\u00e5gon krona p\u00e5 att hj\u00e4lpa till i n\u00e5gon av byarna n\u00e4r sommaren kommer. M\u00e5la ett hus eller klyva och stapla ved f\u00f6r n\u00e5gon som inte kan eller hinner sj\u00e4lv. P\u00e5 vintrarna stannar jag kvar i min stuga. Ger mig s\u00e4llan ut, stannar inne och skriver mina dikter s\u00e5 l\u00e4nge solen \u00e4r uppe, forts\u00e4tter n\u00e5gra timmar i skumljuset framf\u00f6r brasan ocks\u00e5 fast det inte \u00e4r bra f\u00f6r mina \u00f6gon och g\u00e5r sedan och l\u00e4gger mig och sover. Mitt enda s\u00e4llskap under vintern \u00e4r min katt Murre och skogens alla djur och f\u00e5glar. De som har blivit mina k\u00e4raste v\u00e4nner och finns h\u00e4r i v\u00e5tt och i torrt.<\/p>\n<p>Den d\u00e4r f\u00f6rsta dan jag kom ner till sj\u00f6n s\u00e5g jag direkt att n\u00e5got var annorlunda. Ljuset, ni vet det d\u00e4r ljuset som finns kring varje sj\u00f6 var liksom inte d\u00e4r. Det fanns ist\u00e4llet ett slags m\u00f6rker d\u00e4r bort mellan tr\u00e4den d\u00e4r sj\u00f6n l\u00e5g. Som om vattnet blivit till olja ist\u00e4llet f\u00f6r det kristallklara k\u00e4llvatten som vi har h\u00e4r hos mig i skogen. S\u00e5 jag raskade p\u00e5 stegen och munnen \u00e5kte upp mer och mer och hakan ner\u00e5t i avsev\u00e4rd omfattning ju n\u00e4rmare jag kom,&nbsp; f\u00f6r sj\u00f6n fanns helt enkelt inte l\u00e4ngre. Inte s\u00e5 att den lyfts bort ur naturen, nej, men vattnet var borta. Det var inte ens fuktigt p\u00e5 det som varit sj\u00f6botten. Ja, ni f\u00f6rst\u00e5 kanske min f\u00f6rv\u00e5ning. I alla \u00e5r jag levat s\u00e5 har sj\u00f6n legat h\u00e4r. b\u00e5de f\u00f6re och efter och under f\u00e4ngelsestraff vad jag vet. Nu tydde allt p\u00e5 att n\u00e5gon hade plockat ut pluggen i botten av sj\u00f6n och den hade runnit ner i jordens innand\u00f6me och f\u00f6rsvunnit d\u00e4r inne. Hur nu en stor sj\u00f6 som den h\u00e4r kan g\u00f6ra det. Det m\u00e5ste vara en sjuhelsikes plugg som blivit borttagen och som nu var ett h\u00e5l som sj\u00f6n slurpat ner i.<\/p>\n<p>S\u00e5 jag stod d\u00e4r och grunnade. Tv\u00e4tta f\u00f6tterna kunde jag ju inte. Och eftersom det b\u00f6rjade bli sent s\u00e5 s\u00e5g jag snart inte mycket heller s\u00e5 jag kunde lika g\u00e4rna vandra tillbaks till stugan och sova p\u00e5 saken. S\u00e5 s\u00e5 blev det.<\/p>\n<p>S\u00e5 n\u00e4sta dag, dag 2, n\u00e4r jag vaknade var jag ganska s\u00e4ker p\u00e5 att jag dr\u00f6mt alltihop. Min vattendunk var i alla fall v\u00e4lfylld s\u00e5 mitt morgonte kunde jag i alla fall ordna efter att ha f\u00e5tt fart i spisen.&nbsp; Men eftersom f\u00f6tterna fortfarande luktade som en \u00f6vergiven m\u00f6gelost s\u00e5 fanns det s\u00e5klart behov av att bes\u00f6ka sj\u00f6n, den som jag nu efter en tekopp, var ganska s\u00e4ker p\u00e5 var full med kristallklart vatten som vanligt. Men det var den inte. Jag stod d\u00e4r p\u00e5 strandkanten och kliande mig i huvudet. S\u00e5g ut \u00f6ver andra sidan. Ja i alla fall s\u00e5 l\u00e5ng jag s\u00e5g. Sj\u00f6n var tom, det fanns inte en vattendroppe i den. Inte ens en p\u00f6l. Konstigt nog ingen fisk heller. Sj\u00f6n var helt enkelt tom, borta, f\u00f6rsvunnen.<\/p>\n<p>Vem som helst med \u00e5tminstone medelm\u00e5ttig tankef\u00f6rm\u00e5ga kan s\u00e4kert f\u00f6rst\u00e5 mitt bryderi. Men ganska snart tog min nyfikenhet \u00f6ver och jag vandrade ut p\u00e5 sj\u00f6ns botten. Ut mot aborrgrundet och f\u00f6rbi mot djuph\u00e5let. Det som alla alltid ha sagt var bottenl\u00f6st. Men inget vatten h\u00e4r heller. Bara en torr och fin grusb\u00e4dd som det var l\u00e4tt att g\u00e5 p\u00e5. Och eftersom jag \u00e4r nyfiken till naturen och inte s\u00e5g s\u00e5 mycket d\u00e4r nere i djuph\u00e5let s\u00e5 best\u00e4mde jag mig f\u00f6r att kl\u00e4ttra ner. H\u00e4r var det brant och besv\u00e4rligt p\u00e5 sina st\u00e4llen. Men f\u00f6rbannat sp\u00e4nnande. Det \u00e4r ju \u00e4nd\u00e5 inte varje dag som man f\u00e5r m\u00f6jligheten att vandra p\u00e5 en sj\u00f6botten bara s\u00e5d\u00e4r liksom. Tanken att vattnet skulle kunna komma forsande tillbaks fanns inte i mitt huvud.<\/p>\n<p>Tjoff sa det bara. Jag ramlade helt enkelt i backen. Fattade ingenting. Pannan gjorde f\u00f6rbannat ont och jag tror att det var n\u00e4san som bl\u00f6dde f\u00f6r blod fick jag i alla fall p\u00e5 mina h\u00e4nder n\u00e4r jag k\u00e4nde efter om ansiktet var helt. Jag hade slagit i n\u00e5got men det fanns liksom ingenting att sl\u00e5 i. S\u00e5 jag gick fram\u00e5t f\u00f6r att f\u00f6rs\u00f6ka f\u00f6rst\u00e5 vad&nbsp; det var jag hade slagit i och tjoff igen. Inte lika h\u00e5rt nu eftersom jag r\u00f6rde mig l\u00e5ngsammare och f\u00f6rsiktigare. H\u00e4r fanns en glasruta eller vad det var, som som inte syntes, och jag var som en fluga som sprang emot den g\u00e5ng efter annan.&nbsp; Jag k\u00e4nde med h\u00e4nderna. Ja s\u00e5 var det. Fast jag inte kunde se n\u00e5gon ruta s\u00e5 fanns den d\u00e4r. Det k\u00e4nde jag ju med s\u00e4kerhet i mina h\u00e4nder. Lite oj\u00e4mnare \u00e4n vad en glasruta skulle ha varit var den men annars&#8230; ja ett genomskinligt hinder var det i alla fall.<\/p>\n<p>&#8220;Tjena, tjena,tjena&#8221;<\/p>\n<p>Jag s\u00e5g mig omkring men s\u00e5g ingen.<\/p>\n<p>&#8220;Hej d\u00e4r! H\u00e4r nere.&#8221;<\/p>\n<p>Och visst d\u00e4r nere satt en liten abborre p\u00e5 en sten i en grop. En aborre som hade en Metallica Keps p\u00e5 huvudet och ett j\u00e4kligt h\u00e4ftigt brett svart nitb\u00e4lte kring sin kropp.<\/p>\n<p>&#8220;Du kan inte g\u00e5 igenom d\u00e4r f\u00f6r vi har st\u00e4ngt av d\u00e4r, liksom v\u00e5r slurpzon f\u00f6rst\u00e5r du. Skyddat enligt&nbsp; rymdimperiets tredje paragraf. Fan vad dina f\u00f6tter luktar illa f\u00f6rresten!&#8221;<\/p>\n<p>&#8220;Vad \u00e4r du f\u00f6r en?&#8221; lyckades jag i alla fall f\u00e5 ur mig.<\/p>\n<p>&#8220;Rymdaborre av f\u00f6rsta graden. Vaktar h\u00e4r. Vi \u00e4r h\u00e4r f\u00f6r att l\u00e5na lite vatten, ja eller ta om jag skall varas \u00e4rlig, eftersom v\u00e5rt eget \u00e4r slut. Ert vatten rockar ju fett f\u00f6r tusan, helfett, h\u00e4r skall simmas och surfas och slurpas och halsas hela natten med de sexiga tjejaborrarna som bara ligger och v\u00e4ntar p\u00e5 att vi skall komma tillbaks med h\u00e4rligt vatten d\u00e4r borta i &#8230;..&#8221;<\/p>\n<p>Det var d\u00e5 jag anade att jag slagit huvudet j\u00e4kligt h\u00e5rt&nbsp; i den d\u00e4r osynliga v\u00e4ggen, om den nu ens fanns den heller, jag satte h\u00e4nderna f\u00f6r \u00f6ronen s\u00e5 jag slapp lyssna p\u00e5 den d\u00e4r rymdabborren av f\u00f6rsta graden och gick d\u00e4rifr\u00e5n med mina illaluktande f\u00f6tter och l\u00e4tt resten av mig f\u00f6lja med. I stugan gick jag till s\u00e4ngs tidigt. St\u00e4ngde av och somnade.<\/p>\n<p>Dag tre var sj\u00f6n lika tom som dag ett och dag tv\u00e5 men jag brydde mig inte ett skit om det. Gick ist\u00e4llet till tj\u00e4rnen och h\u00e4mtade vatten och det fortsatte jag med tills det efter en veckas semesterregnande faktiskt b\u00f6rjade komma lite vatten i sj\u00f6n igen. Ja det \u00e4r som det \u00e4r. Sl\u00e5 huvudet kan v\u00e4l alla.<\/p>\n<pre class=\"moz-signature\"><\/pre>\n","protected":false},"excerpt":{"rendered":"<p>Egentligen skulle man v\u00e4l kunnat s\u00e4ga att det var den f\u00f6rsta dagen det h\u00e4nde. Det var d\u00e5 n\u00e4r jag skulle g\u00e5 ner till sj\u00f6n och tv\u00e4tta mina f\u00f6tter, de som luktade mer som en \u00f6vergiven m\u00f6glig ost \u00e4n en del av en m\u00e4nniska. Ja, det blir s\u00e5d\u00e4r om man har storst\u00f6vlarna p\u00e5 sig hela dagarna, [&hellip;]<\/p>\n","protected":false},"author":24,"featured_media":0,"comment_status":"open","ping_status":"open","sticky":false,"template":"","format":"standard","meta":{"_crdt_document":"","jetpack_post_was_ever_published":false,"_jetpack_newsletter_access":"","_jetpack_dont_email_post_to_subs":false,"_jetpack_newsletter_tier_id":0,"_jetpack_memberships_contains_paywalled_content":false,"_jetpack_memberships_contains_paid_content":false,"footnotes":"","jetpack_publicize_message":"","jetpack_publicize_feature_enabled":true,"jetpack_social_post_already_shared":true,"jetpack_social_options":{"image_generator_settings":{"template":"highway","default_image_id":0,"font":"","enabled":false},"version":2}},"categories":[24,57],"tags":[],"class_list":["post-13586","post","type-post","status-publish","format-standard","hentry","category-betraktelser","category-noveller"],"jetpack_publicize_connections":[],"jetpack_featured_media_url":"","jetpack_sharing_enabled":true,"jetpack_likes_enabled":true,"jetpack-related-posts":[{"id":12318,"url":"https:\/\/www.akehedman.se\/wordpress\/?p=12318","url_meta":{"origin":13586,"position":0},"title":"Att bli uppeldad i en oljeeldad br\u00e4nnkammare borde f\u00e5 vem som helst att klarna tankarna.","author":"\u00c5ke Hedman","date":"2014-03-04","format":false,"excerpt":"Jod\u00e5, jag h\u00f6rde klockorna ringa i morse. Jag \u00e4r helt s\u00e4ker, h\u00f6rde dom helt tydligt fr\u00e5n andra sidan sj\u00f6n. Dinggggg..., donggggg..., dinggggg..., donggggg... n\u00e5got s\u00e5n\u00e4r i takt, lite ost\u00e4mda, kanske lite slackande, som om klockaren var nyvaken eller kanske full. S\u00f6ndag \u00e4r det ju inte s\u00e5 jag gissade p\u00e5 begravning.\u2026","rel":"","context":"In &quot;Betraktelser &amp; Ber\u00e4ttelse&quot;","block_context":{"text":"Betraktelser &amp; Ber\u00e4ttelse","link":"https:\/\/www.akehedman.se\/wordpress\/?cat=24"},"img":{"alt_text":"klocka","src":"https:\/\/i0.wp.com\/www.akehedman.se\/wordpress\/wp-content\/uploads\/2014\/03\/klocka.jpg?resize=350%2C200","width":350,"height":200},"classes":[]},{"id":18496,"url":"https:\/\/www.akehedman.se\/wordpress\/?p=18496","url_meta":{"origin":13586,"position":1},"title":"&#8220;Lingonberg&#8221; och &#8220;Lill-Helvetet&#8221;","author":"\u00c5ke Hedman","date":"2015-08-30","format":false,"excerpt":"Idag bes\u00f6ker vi \"Lingonberg\" och \"Lill-Helvetet\". Tv\u00e5 av v\u00e5ra b\u00e4rplockarst\u00e4llen. Namnet \"Lingonberg\" har vi hittat p\u00e5 sj\u00e4lva s\u00e5klart. Namnet Lill-Helvetet hittade s\u00e4kert en skogsarbetare p\u00e5 n\u00e5gon g\u00e5ng f\u00f6r l\u00e4nge sedan n\u00e4r han l\u00e5g frysande och kall i sin koja. Det f\u00e4ste s\u00e5 v\u00e4l i medvetandet hos folk\u00a0 att det hamnade\u2026","rel":"","context":"In &quot;Betraktelser &amp; Ber\u00e4ttelse&quot;","block_context":{"text":"Betraktelser &amp; Ber\u00e4ttelse","link":"https:\/\/www.akehedman.se\/wordpress\/?cat=24"},"img":{"alt_text":"image1","src":"https:\/\/i0.wp.com\/www.akehedman.se\/wordpress\/wp-content\/uploads\/2015\/08\/image1-1024x768.jpeg?resize=350%2C200","width":350,"height":200,"srcset":"https:\/\/i0.wp.com\/www.akehedman.se\/wordpress\/wp-content\/uploads\/2015\/08\/image1-1024x768.jpeg?resize=350%2C200 1x, https:\/\/i0.wp.com\/www.akehedman.se\/wordpress\/wp-content\/uploads\/2015\/08\/image1-1024x768.jpeg?resize=525%2C300 1.5x"},"classes":[]},{"id":20497,"url":"https:\/\/www.akehedman.se\/wordpress\/?p=20497","url_meta":{"origin":13586,"position":2},"title":"Hur l\u00e5ng \u00e4r en livstid?","author":"\u00c5ke Hedman","date":"2016-05-25","format":false,"excerpt":"Onsdag. K ner\/inskjutsad till Ljusdal, tidigt, f\u00f6r visare transport tillsammans med bibliotekskollegor mot G\u00e4vle och h\u00f6gskolan. \u00a0Det skall inh\u00e4mtas nya l\u00e4rdomar d\u00e4r borta. Jag hemkommen igen. F\u00e5r n\u00f6ja mig med det lilla jag redan kan. Tolv mil nu p\u00e5 morgonen och tolv mil senare p\u00e5 kv\u00e4llen. S\u00e5 som det ser\u2026","rel":"","context":"In &quot;Betraktelser &amp; Ber\u00e4ttelse&quot;","block_context":{"text":"Betraktelser &amp; Ber\u00e4ttelse","link":"https:\/\/www.akehedman.se\/wordpress\/?cat=24"},"img":{"alt_text":"smaltande-klocka-silver","src":"https:\/\/i0.wp.com\/www.akehedman.se\/wordpress\/wp-content\/uploads\/2013\/08\/smaltande-klocka-silver.jpg?resize=350%2C200","width":350,"height":200},"classes":[]},{"id":26699,"url":"https:\/\/www.akehedman.se\/wordpress\/?p=26699","url_meta":{"origin":13586,"position":3},"title":"Darrande","author":"\u00c5ke Hedman","date":"2018-01-15","format":false,"excerpt":"Himlen \u00e4r sjukt gr\u00e5 d\u00e4r ute. Som om den beh\u00f6ver ambulans. Man borde ringa. Anm\u00e4la. Hj\u00e4lpa. Men inser v\u00e4l n\u00e5gonstans att de skulle skratta \u00e5t en p\u00e5 112 om man slog det d\u00e4r samtalet och f\u00f6rt\u00e4ljde om l\u00e4get. Men m\u00f6rkret vill liksom inte fly f\u00f6r dagen h\u00e4r idag.\u00a0 Dr\u00f6jer sig\u2026","rel":"","context":"In &quot;Betraktelser &amp; Ber\u00e4ttelse&quot;","block_context":{"text":"Betraktelser &amp; Ber\u00e4ttelse","link":"https:\/\/www.akehedman.se\/wordpress\/?cat=24"},"img":{"alt_text":"","src":"https:\/\/i0.wp.com\/www.akehedman.se\/wordpress\/wp-content\/uploads\/2018\/01\/Screenshot-from-2018-01-15-08-54-16.png?resize=350%2C200","width":350,"height":200},"classes":[]},{"id":32832,"url":"https:\/\/www.akehedman.se\/wordpress\/?p=32832","url_meta":{"origin":13586,"position":4},"title":"Det h\u00e4r \u00e5ret","author":"\u00c5ke Hedman","date":"2019-08-25","format":false,"excerpt":"Det h\u00e4r \u00e5ret har karvat fler linjer i mitt ansikte \u00e4n n\u00e5got annat \u00e5r f\u00f6re. Till och med jag - de d\u00e4r \"22\" inom en f\u00f6rblindar - b\u00f6rjar se \"sextiotv\u00e5\" p\u00e5 det sextiotredje d\u00e4r i spegelbilden. Fast jag vet s\u00e5 v\u00e4l att varje linje representerar sin egen livskamp, sitt v\u00e4gsk\u00e4l,\u2026","rel":"","context":"In &quot;Betraktelser &amp; Ber\u00e4ttelse&quot;","block_context":{"text":"Betraktelser &amp; Ber\u00e4ttelse","link":"https:\/\/www.akehedman.se\/wordpress\/?cat=24"},"img":{"alt_text":"","src":"https:\/\/i0.wp.com\/www.akehedman.se\/wordpress\/wp-content\/uploads\/2019\/08\/IMG_20190823_184046572_HDR.jpg?resize=350%2C200&ssl=1","width":350,"height":200,"srcset":"https:\/\/i0.wp.com\/www.akehedman.se\/wordpress\/wp-content\/uploads\/2019\/08\/IMG_20190823_184046572_HDR.jpg?resize=350%2C200&ssl=1 1x, https:\/\/i0.wp.com\/www.akehedman.se\/wordpress\/wp-content\/uploads\/2019\/08\/IMG_20190823_184046572_HDR.jpg?resize=525%2C300&ssl=1 1.5x, https:\/\/i0.wp.com\/www.akehedman.se\/wordpress\/wp-content\/uploads\/2019\/08\/IMG_20190823_184046572_HDR.jpg?resize=700%2C400&ssl=1 2x, https:\/\/i0.wp.com\/www.akehedman.se\/wordpress\/wp-content\/uploads\/2019\/08\/IMG_20190823_184046572_HDR.jpg?resize=1050%2C600&ssl=1 3x, https:\/\/i0.wp.com\/www.akehedman.se\/wordpress\/wp-content\/uploads\/2019\/08\/IMG_20190823_184046572_HDR.jpg?resize=1400%2C800&ssl=1 4x"},"classes":[]},{"id":31211,"url":"https:\/\/www.akehedman.se\/wordpress\/?p=31211","url_meta":{"origin":13586,"position":5},"title":"Ekan","author":"\u00c5ke Hedman","date":"2018-12-28","format":false,"excerpt":"Man kan s\u00e5klart bara g\u00e5 f\u00f6rbi en d\u00e4r ekan som ligger d\u00e4r i skogen. Den \u00e4r inget att ha l\u00e4ngre. Absolut ingenting \u00e4r den v\u00e4rd eftersom den legat d\u00e4r ett tag nu. Den har genomlevt sommar, h\u00f6st, vinter och v\u00e5r flera g\u00e5nger om nu p\u00e5 samma plats fram till den\u2026","rel":"","context":"In &quot;Betraktelser &amp; Ber\u00e4ttelse&quot;","block_context":{"text":"Betraktelser &amp; Ber\u00e4ttelse","link":"https:\/\/www.akehedman.se\/wordpress\/?cat=24"},"img":{"alt_text":"","src":"https:\/\/i0.wp.com\/www.akehedman.se\/wordpress\/wp-content\/uploads\/2018\/12\/IMG_20120520_144025.jpg?resize=350%2C200&ssl=1","width":350,"height":200,"srcset":"https:\/\/i0.wp.com\/www.akehedman.se\/wordpress\/wp-content\/uploads\/2018\/12\/IMG_20120520_144025.jpg?resize=350%2C200&ssl=1 1x, https:\/\/i0.wp.com\/www.akehedman.se\/wordpress\/wp-content\/uploads\/2018\/12\/IMG_20120520_144025.jpg?resize=525%2C300&ssl=1 1.5x, https:\/\/i0.wp.com\/www.akehedman.se\/wordpress\/wp-content\/uploads\/2018\/12\/IMG_20120520_144025.jpg?resize=700%2C400&ssl=1 2x, https:\/\/i0.wp.com\/www.akehedman.se\/wordpress\/wp-content\/uploads\/2018\/12\/IMG_20120520_144025.jpg?resize=1050%2C600&ssl=1 3x"},"classes":[]}],"jetpack_shortlink":"https:\/\/wp.me\/p68PL2-3x8","_links":{"self":[{"href":"https:\/\/www.akehedman.se\/wordpress\/index.php?rest_route=\/wp\/v2\/posts\/13586","targetHints":{"allow":["GET"]}}],"collection":[{"href":"https:\/\/www.akehedman.se\/wordpress\/index.php?rest_route=\/wp\/v2\/posts"}],"about":[{"href":"https:\/\/www.akehedman.se\/wordpress\/index.php?rest_route=\/wp\/v2\/types\/post"}],"author":[{"embeddable":true,"href":"https:\/\/www.akehedman.se\/wordpress\/index.php?rest_route=\/wp\/v2\/users\/24"}],"replies":[{"embeddable":true,"href":"https:\/\/www.akehedman.se\/wordpress\/index.php?rest_route=%2Fwp%2Fv2%2Fcomments&post=13586"}],"version-history":[{"count":2,"href":"https:\/\/www.akehedman.se\/wordpress\/index.php?rest_route=\/wp\/v2\/posts\/13586\/revisions"}],"predecessor-version":[{"id":40106,"href":"https:\/\/www.akehedman.se\/wordpress\/index.php?rest_route=\/wp\/v2\/posts\/13586\/revisions\/40106"}],"wp:attachment":[{"href":"https:\/\/www.akehedman.se\/wordpress\/index.php?rest_route=%2Fwp%2Fv2%2Fmedia&parent=13586"}],"wp:term":[{"taxonomy":"category","embeddable":true,"href":"https:\/\/www.akehedman.se\/wordpress\/index.php?rest_route=%2Fwp%2Fv2%2Fcategories&post=13586"},{"taxonomy":"post_tag","embeddable":true,"href":"https:\/\/www.akehedman.se\/wordpress\/index.php?rest_route=%2Fwp%2Fv2%2Ftags&post=13586"}],"curies":[{"name":"wp","href":"https:\/\/api.w.org\/{rel}","templated":true}]}}