{"id":13565,"date":"2014-06-15T16:03:29","date_gmt":"2014-06-15T15:03:29","guid":{"rendered":"http:\/\/www.eurosource.se\/akhe\/wordpress\/?p=13565"},"modified":"2014-06-15T21:16:04","modified_gmt":"2014-06-15T20:16:04","slug":"vara-liv-ar-en-som-guds-fis-i-universum","status":"publish","type":"post","link":"https:\/\/www.akehedman.se\/wordpress\/?p=13565","title":{"rendered":"V\u00e5ra liv \u00e4r som en guds fis i universum"},"content":{"rendered":"<p><a href=\"https:\/\/i0.wp.com\/www.eurosource.se\/akhe\/wordpress\/wp-content\/uploads\/2014\/06\/roliga_fodelsedagkort_gammal_fis-rb08c45cecd43416ea712287c590bda76_xvuat_8byvr_512.jpg\"><img data-recalc-dims=\"1\" loading=\"lazy\" decoding=\"async\" class=\"alignnone size-full wp-image-13566\" src=\"https:\/\/i0.wp.com\/www.eurosource.se\/akhe\/wordpress\/wp-content\/uploads\/2014\/06\/roliga_fodelsedagkort_gammal_fis-rb08c45cecd43416ea712287c590bda76_xvuat_8byvr_512.jpg?resize=512%2C512\" alt=\"roliga_fodelsedagkort_gammal_fis-rb08c45cecd43416ea712287c590bda76_xvuat_8byvr_512\" width=\"512\" height=\"512\" srcset=\"https:\/\/i0.wp.com\/www.akehedman.se\/wordpress\/wp-content\/uploads\/2014\/06\/roliga_fodelsedagkort_gammal_fis-rb08c45cecd43416ea712287c590bda76_xvuat_8byvr_512.jpg?w=512&amp;ssl=1 512w, https:\/\/i0.wp.com\/www.akehedman.se\/wordpress\/wp-content\/uploads\/2014\/06\/roliga_fodelsedagkort_gammal_fis-rb08c45cecd43416ea712287c590bda76_xvuat_8byvr_512.jpg?resize=150%2C150&amp;ssl=1 150w, https:\/\/i0.wp.com\/www.akehedman.se\/wordpress\/wp-content\/uploads\/2014\/06\/roliga_fodelsedagkort_gammal_fis-rb08c45cecd43416ea712287c590bda76_xvuat_8byvr_512.jpg?resize=300%2C300&amp;ssl=1 300w\" sizes=\"auto, (max-width: 512px) 100vw, 512px\" \/><\/a><\/p>\n<p>Jag g\u00e5r i \u00a0lugnt tempo bakom gr\u00e4sklipparen i 2.5h, har inget emot det d\u00e4r, med pluggar i \u00f6ronen och samma musik som jag haft p\u00e5 mobilen i tre \u00e5r \u00a0s\u00e5 fungerar det. Ja, musiken borde bytas. Det \u00e4r sant. D\u00e4r finns l\u00e5tar med fr\u00e5n egna album blandat med allsk\u00f6ns br\u00e5te. Ibland dyker det till och med upp en l\u00e5t &#8220;once to be&#8221; s\u00e5 att s\u00e4ga. D\u00e5 m\u00e5ste man le lite f\u00f6r sig sj\u00e4lv under vandringen och hoppas att ingen annan n\u00e5gonsin f\u00e5r tag i det som finns inspelat p\u00e5 den h\u00e4r mobilen. Eller visst, skitsamma, det spela ringen roll det heller. Vad har jag att f\u00f6rsvara? En g\u00e5ng ocool alltid ocool liksom och inget kan ta det ifr\u00e5n mig.<\/p>\n<p>Vid fyra samlas molnen. Tycker vi skall g\u00e5 in. Pavarotti sjunger och min nya Bj\u00f6rktrastv\u00e4n, Bently (f\u00f6r att han ser ut som en), kraxar och klagar. Har inte gl\u00f6mt katten fr\u00e5n ig\u00e5r. Kommer aldrig att gl\u00f6mma katten fr\u00e5n ig\u00e5r, aldrig n\u00e5gonsin. F\u00f6r evigt f\u00f6rol\u00e4mpad \u00e4r han Bently och t\u00e4nker anv\u00e4nda den h\u00e4r sommaren till att p\u00e5minna mig h\u00f6gljutt om det. N\u00f6jd \u00f6ver en nyklippt gr\u00e4smatta verkar han \u00e4nd\u00e5 vara. Han verkar hitta hur mycket som helst d\u00e4r i det nyklippta min nyfunne v\u00e4n.<\/p>\n<p>Karin myser \u00f6ver semester, det finns tid f\u00f6r fritt liv fram\u00f6ver. Ingenting \u00e4r s\u00e5 sk\u00f6nt som n\u00e4r det finns framf\u00f6r en. Det \u00e4r d\u00e4rf\u00f6r f\u00f6rdr\u00f6jd njutning fungerar s\u00e5 f\u00f6rbaskat bra. Att f\u00e5 l\u00e4ngta efter det goda innan det tar ens sinne i besittning och sen passerar bort och blir historia. Jag har ju ingen semester d\u00e5 s\u00e5klart. Eller har alltid semester om man vill se det p\u00e5 det viset. Men jag blir ocks\u00e5 lugnare i sinnet n\u00e4r Karins temp g\u00e5r ner. Det r\u00e4cker liksom det d\u00e4r med att dagarna bara f\u00e5r g\u00e5. Att jag beh\u00f6ver jobba under det d\u00e4r vandrande sommardagarna spelar s\u00e5klart mindre roll. Den h\u00e4r veckan st\u00e4ller jag klocka som vanligt, men sen vette tusan om den inte f\u00e5r vara av. Gammelgubbe som jag \u00e4r s\u00e5 vaknar jag ju lik f\u00f6rbannat d\u00e4r p\u00e5 morgonkr\u00f6ken. Och man kan s\u00e5klart inte f\u00f6rneka det sk\u00f6na med en sommarmorgon heller. D\u00e5 \u00e4r man avtrubbad eller bara dum i huvudet.<\/p>\n<p>Polackerna som bor i grannens lillstuga jobbar s\u00e5klart. Livet \u00e4r jobb och fotboll d\u00e4r just nu. Nattmatcherna hindrar inte att man drar iv\u00e4g vid femtiden p\u00e5 morgonen. Det har lite mer j\u00e4vlaranamma i sig \u00e4n vad jag och alla andra Svenskar har, vi som tycker att andra skall hugga i. Inte g\u00e5 och driva omkring och sen sitter vi sj\u00e4lva av \u00e4nnu en dag bakom v\u00e5ra skrivbord och v\u00e5ra viktiga jobb. V\u00e5gar vi bara syna det vi g\u00f6r var och en av oss, s\u00e5 inser vi snart att det egentligen inte betyder ett skit det vi h\u00e5ller p\u00e5 med. V\u00e5ra liv \u00e4r en guds fis i universum som \u00e4r sk\u00f6njbar en liten stund, men sen f\u00f6rsvinner som om den aldrig har funnits, ih\u00e5gkommen av ingen. Det \u00e4r d\u00e4rf\u00f6r den del beh\u00f6ver stenar med namn p\u00e5.<\/p>\n<p>Men f\u00f6r min del har allts\u00e5 ledig och sk\u00f6n helg \u00f6verg\u00e5tt till arbetstid p\u00e5 kontor. Jag har kretskort att fixa, som skall iv\u00e4g till Kina och tillverkas . De som kommer tillbaks som en dr\u00f6m realiserad. Som ihopl\u00f6dda blinkar och kommunicerar och ist\u00e4llet f\u00f6r en tanke nu blivit verklighet och en slags egen varelse. R\u00e4tt vad det \u00e4r s\u00e5 sitter de n\u00e5gon annanstans i v\u00e4rlden och g\u00f6r sitt jobb och tametusan om inte en liten del av mig ocks\u00e5 reser med det d\u00e4r kortet d\u00e5 ut i v\u00e4rlden. F\u00e5r se den. Fast ist\u00e4llet f\u00f6r att jobba ville jag s\u00e5klart sitta i studion. Men n\u00e4r korten \u00e4r iv\u00e4g s\u00e5 finns det tid f\u00f6r det ocks\u00e5, annars f\u00e5r man ta sig den tiden f\u00f6r att \u00f6verleva. Alla delar i ens varelse beh\u00f6ver bensin.<\/p>\n<p>Ungef\u00e4r \u00e5tta personer kommer l\u00e4sa det h\u00e4r inl\u00e4gget eftersom det \u00e4r S\u00f6ndag och sommar. Totalt kanske tjugo. \u00a0Jag vet inte varf\u00f6r ni l\u00e4ser den h\u00e4r sm\u00f6rjan och tycker nog att ni borde skaffa er ett liv alla tjugo. Eller n\u00e5tt. B\u00e4st att s\u00e4tta en \ud83d\ude09 p\u00e5 det.<\/p>\n<p>&nbsp;<\/p>\n","protected":false},"excerpt":{"rendered":"<p>Jag g\u00e5r i \u00a0lugnt tempo bakom gr\u00e4sklipparen i 2.5h, har inget emot det d\u00e4r, med pluggar i \u00f6ronen och samma musik som jag haft p\u00e5 mobilen i tre \u00e5r \u00a0s\u00e5 fungerar det. Ja, musiken borde bytas. Det \u00e4r sant. D\u00e4r finns l\u00e5tar med fr\u00e5n egna album blandat med allsk\u00f6ns br\u00e5te. Ibland dyker det till och [&hellip;]<\/p>\n","protected":false},"author":24,"featured_media":0,"comment_status":"open","ping_status":"open","sticky":false,"template":"","format":"standard","meta":{"_crdt_document":"","jetpack_post_was_ever_published":false,"_jetpack_newsletter_access":"","_jetpack_dont_email_post_to_subs":false,"_jetpack_newsletter_tier_id":0,"_jetpack_memberships_contains_paywalled_content":false,"_jetpack_memberships_contains_paid_content":false,"footnotes":"","jetpack_publicize_message":"","jetpack_publicize_feature_enabled":true,"jetpack_social_post_already_shared":true,"jetpack_social_options":{"image_generator_settings":{"template":"highway","default_image_id":0,"font":"","enabled":false},"version":2}},"categories":[24],"tags":[],"class_list":["post-13565","post","type-post","status-publish","format-standard","hentry","category-betraktelser"],"jetpack_publicize_connections":[],"jetpack_featured_media_url":"","jetpack_sharing_enabled":true,"jetpack_likes_enabled":true,"jetpack-related-posts":[{"id":37475,"url":"https:\/\/www.akehedman.se\/wordpress\/?p=37475","url_meta":{"origin":13565,"position":0},"title":"Rubriks\u00e4ttarv\u00e4der","author":"\u00c5ke Hedman","date":"2021-01-11","format":false,"excerpt":"Minus femton \u00e4r kris. Sn\u00f6fall \u00e4r kris. Allt \u00e4r kris. Naturligtvis finns det inte plats f\u00f6r en vanlig m\u00e4nniska i en s\u00e5dan v\u00e4rld, en som bara lever ett helt vanligt liv d\u00e4r det \u00e4r kallt ibland, sn\u00f6 ibland, sommar ibland, d\u00e4r det bl\u00e5ser ibland, regnar ibland, hettar till ibland. \u00c4r\u2026","rel":"","context":"In &quot;Betraktelser &amp; Ber\u00e4ttelse&quot;","block_context":{"text":"Betraktelser &amp; Ber\u00e4ttelse","link":"https:\/\/www.akehedman.se\/wordpress\/?cat=24"},"img":{"alt_text":"","src":"https:\/\/i0.wp.com\/www.akehedman.se\/wordpress\/wp-content\/uploads\/2021\/01\/IMG_20210111_095538-scaled.jpg?resize=350%2C200&ssl=1","width":350,"height":200,"srcset":"https:\/\/i0.wp.com\/www.akehedman.se\/wordpress\/wp-content\/uploads\/2021\/01\/IMG_20210111_095538-scaled.jpg?resize=350%2C200&ssl=1 1x, https:\/\/i0.wp.com\/www.akehedman.se\/wordpress\/wp-content\/uploads\/2021\/01\/IMG_20210111_095538-scaled.jpg?resize=525%2C300&ssl=1 1.5x, https:\/\/i0.wp.com\/www.akehedman.se\/wordpress\/wp-content\/uploads\/2021\/01\/IMG_20210111_095538-scaled.jpg?resize=700%2C400&ssl=1 2x, https:\/\/i0.wp.com\/www.akehedman.se\/wordpress\/wp-content\/uploads\/2021\/01\/IMG_20210111_095538-scaled.jpg?resize=1050%2C600&ssl=1 3x, https:\/\/i0.wp.com\/www.akehedman.se\/wordpress\/wp-content\/uploads\/2021\/01\/IMG_20210111_095538-scaled.jpg?resize=1400%2C800&ssl=1 4x"},"classes":[]},{"id":38539,"url":"https:\/\/www.akehedman.se\/wordpress\/?p=38539","url_meta":{"origin":13565,"position":1},"title":"Diffunderandet","author":"\u00c5ke Hedman","date":"2021-04-21","format":false,"excerpt":"Photo by Dom J on Pexels.com En r\u00f6st som blir svagare och svagare och allt mer s\u00e4llan h\u00f6rs ens av de som st\u00e5r n\u00e4rmast. V\u00e4gen in i \u00e5lderdom. V\u00e4gen in i gl\u00f6mskan. Ett \u00e5r efter att man \u00e4r borta \u00e4r det ingen som minns att man ens fanns. \u00c4nd\u00e5 kan\u2026","rel":"","context":"In &quot;Betraktelser &amp; Ber\u00e4ttelse&quot;","block_context":{"text":"Betraktelser &amp; Ber\u00e4ttelse","link":"https:\/\/www.akehedman.se\/wordpress\/?cat=24"},"img":{"alt_text":"assorted color striped illustration","src":"https:\/\/i0.wp.com\/www.akehedman.se\/wordpress\/wp-content\/uploads\/2021\/04\/pexels-photo-310452.jpeg?resize=350%2C200&ssl=1","width":350,"height":200,"srcset":"https:\/\/i0.wp.com\/www.akehedman.se\/wordpress\/wp-content\/uploads\/2021\/04\/pexels-photo-310452.jpeg?resize=350%2C200&ssl=1 1x, https:\/\/i0.wp.com\/www.akehedman.se\/wordpress\/wp-content\/uploads\/2021\/04\/pexels-photo-310452.jpeg?resize=525%2C300&ssl=1 1.5x, https:\/\/i0.wp.com\/www.akehedman.se\/wordpress\/wp-content\/uploads\/2021\/04\/pexels-photo-310452.jpeg?resize=700%2C400&ssl=1 2x, https:\/\/i0.wp.com\/www.akehedman.se\/wordpress\/wp-content\/uploads\/2021\/04\/pexels-photo-310452.jpeg?resize=1050%2C600&ssl=1 3x, https:\/\/i0.wp.com\/www.akehedman.se\/wordpress\/wp-content\/uploads\/2021\/04\/pexels-photo-310452.jpeg?resize=1400%2C800&ssl=1 4x"},"classes":[]},{"id":23551,"url":"https:\/\/www.akehedman.se\/wordpress\/?p=23551","url_meta":{"origin":13565,"position":2},"title":"Varf\u00f6r h\u00e4r?","author":"\u00c5ke Hedman","date":"2017-03-06","format":false,"excerpt":"En l\u00e5ng helg. Utan m\u00e5nga knop gjorda. Om sanningen skall fram s\u00e5 blir det mest soffan. K i sin halva, jag i min. Lite film, banana-split p\u00e5 det, med kaffe,\u00a0 s\u00e5 kan man f\u00f6rdriva en helg \u00e4nd\u00e5. Jo det d\u00e4r tr\u00f6tta fr\u00e5n veckan lappar jag ihop s\u00e5 gott jag kan\u2026","rel":"","context":"In &quot;Betraktelser &amp; Ber\u00e4ttelse&quot;","block_context":{"text":"Betraktelser &amp; Ber\u00e4ttelse","link":"https:\/\/www.akehedman.se\/wordpress\/?cat=24"},"img":{"alt_text":"","src":"https:\/\/i0.wp.com\/www.akehedman.se\/wordpress\/wp-content\/uploads\/2017\/03\/20170306_085030_b.jpg?resize=350%2C200","width":350,"height":200,"srcset":"https:\/\/i0.wp.com\/www.akehedman.se\/wordpress\/wp-content\/uploads\/2017\/03\/20170306_085030_b.jpg?resize=350%2C200 1x, https:\/\/i0.wp.com\/www.akehedman.se\/wordpress\/wp-content\/uploads\/2017\/03\/20170306_085030_b.jpg?resize=525%2C300 1.5x, https:\/\/i0.wp.com\/www.akehedman.se\/wordpress\/wp-content\/uploads\/2017\/03\/20170306_085030_b.jpg?resize=700%2C400 2x"},"classes":[]},{"id":15291,"url":"https:\/\/www.akehedman.se\/wordpress\/?p=15291","url_meta":{"origin":13565,"position":3},"title":"Sydl\u00e4ndska vindar och gubbperspektiv","author":"\u00c5ke Hedman","date":"2014-11-10","format":false,"excerpt":"Det rullar p\u00e5 livet. Det finns alltid mer att g\u00f6ra. S\u00e5 jag sitter h\u00e4r p\u00e5 kontoret b\u00e5de l\u00f6rdag och s\u00f6ndag och jobbar p\u00e5 med mitt. Hinner inte skriva s\u00e5 mycket skit h\u00e4r p\u00e5 bloggen, det finns annat att skriva som har h\u00f6gre prioritet. Men idag skall jag rulla ut grejerna,\u2026","rel":"","context":"In &quot;Betraktelser &amp; Ber\u00e4ttelse&quot;","block_context":{"text":"Betraktelser &amp; Ber\u00e4ttelse","link":"https:\/\/www.akehedman.se\/wordpress\/?cat=24"},"img":{"alt_text":"barcelona_02_big","src":"https:\/\/i0.wp.com\/www.eurosource.se\/akhe\/wordpress\/wp-content\/uploads\/2014\/11\/barcelona_02_big.jpg?resize=350%2C200","width":350,"height":200,"srcset":"https:\/\/i0.wp.com\/www.eurosource.se\/akhe\/wordpress\/wp-content\/uploads\/2014\/11\/barcelona_02_big.jpg?resize=350%2C200 1x, https:\/\/i0.wp.com\/www.eurosource.se\/akhe\/wordpress\/wp-content\/uploads\/2014\/11\/barcelona_02_big.jpg?resize=525%2C300 1.5x, https:\/\/i0.wp.com\/www.eurosource.se\/akhe\/wordpress\/wp-content\/uploads\/2014\/11\/barcelona_02_big.jpg?resize=700%2C400 2x"},"classes":[]},{"id":17230,"url":"https:\/\/www.akehedman.se\/wordpress\/?p=17230","url_meta":{"origin":13565,"position":4},"title":"Havet igen","author":"\u00c5ke Hedman","date":"2015-03-30","format":false,"excerpt":"De som lider av jetlag \u00e4r sannolikt de som lider av att g\u00e5 upp en timme tidigare idag ocks\u00e5. Jag \u00e4r inte en av dem. Har jag sovit mina fem eller n\u00e5gra till kommer jag upp. Och ja jag kan somna tre p\u00e5 eftermiddagen om jag l\u00e4gger mig. Jag \u00e4r\u2026","rel":"","context":"In &quot;Betraktelser &amp; Ber\u00e4ttelse&quot;","block_context":{"text":"Betraktelser &amp; Ber\u00e4ttelse","link":"https:\/\/www.akehedman.se\/wordpress\/?cat=24"},"img":{"alt_text":"hav6296","src":"https:\/\/i0.wp.com\/www.eurosource.se\/akhe\/wordpress\/wp-content\/uploads\/2013\/07\/hav6296.jpg?resize=350%2C200","width":350,"height":200},"classes":[]},{"id":38898,"url":"https:\/\/www.akehedman.se\/wordpress\/?p=38898","url_meta":{"origin":13565,"position":5},"title":"Det kreativa kaoset","author":"\u00c5ke Hedman","date":"2021-05-25","format":false,"excerpt":"Mitt i allt annat tar jag en sv\u00e4ng ut i h\u00e5rdvaruland. Kreativt kaos uppst\u00e5r s\u00e5klart. Fullst\u00e4ndigt assimilerad blir ocool gubbe. Som vanligt. Det blir r\u00f6rigt i det d\u00e4r. Men n\u00e5gra grejer kommer \u00e4nd\u00e5 fram ur det hela som har mindre entropi \u00e4n \u00f6vrigt och allts\u00e5 kan f\u00e5 st\u00e4mpeln \"klart\". Ja\u2026","rel":"","context":"In &quot;Betraktelser &amp; Ber\u00e4ttelse&quot;","block_context":{"text":"Betraktelser &amp; Ber\u00e4ttelse","link":"https:\/\/www.akehedman.se\/wordpress\/?cat=24"},"img":{"alt_text":"","src":"https:\/\/i0.wp.com\/www.akehedman.se\/wordpress\/wp-content\/uploads\/2021\/05\/IMG_20210525_084630-01-scaled.jpeg?resize=350%2C200&ssl=1","width":350,"height":200,"srcset":"https:\/\/i0.wp.com\/www.akehedman.se\/wordpress\/wp-content\/uploads\/2021\/05\/IMG_20210525_084630-01-scaled.jpeg?resize=350%2C200&ssl=1 1x, https:\/\/i0.wp.com\/www.akehedman.se\/wordpress\/wp-content\/uploads\/2021\/05\/IMG_20210525_084630-01-scaled.jpeg?resize=525%2C300&ssl=1 1.5x, https:\/\/i0.wp.com\/www.akehedman.se\/wordpress\/wp-content\/uploads\/2021\/05\/IMG_20210525_084630-01-scaled.jpeg?resize=700%2C400&ssl=1 2x, https:\/\/i0.wp.com\/www.akehedman.se\/wordpress\/wp-content\/uploads\/2021\/05\/IMG_20210525_084630-01-scaled.jpeg?resize=1050%2C600&ssl=1 3x, https:\/\/i0.wp.com\/www.akehedman.se\/wordpress\/wp-content\/uploads\/2021\/05\/IMG_20210525_084630-01-scaled.jpeg?resize=1400%2C800&ssl=1 4x"},"classes":[]}],"jetpack_shortlink":"https:\/\/wp.me\/p68PL2-3wN","_links":{"self":[{"href":"https:\/\/www.akehedman.se\/wordpress\/index.php?rest_route=\/wp\/v2\/posts\/13565","targetHints":{"allow":["GET"]}}],"collection":[{"href":"https:\/\/www.akehedman.se\/wordpress\/index.php?rest_route=\/wp\/v2\/posts"}],"about":[{"href":"https:\/\/www.akehedman.se\/wordpress\/index.php?rest_route=\/wp\/v2\/types\/post"}],"author":[{"embeddable":true,"href":"https:\/\/www.akehedman.se\/wordpress\/index.php?rest_route=\/wp\/v2\/users\/24"}],"replies":[{"embeddable":true,"href":"https:\/\/www.akehedman.se\/wordpress\/index.php?rest_route=%2Fwp%2Fv2%2Fcomments&post=13565"}],"version-history":[{"count":2,"href":"https:\/\/www.akehedman.se\/wordpress\/index.php?rest_route=\/wp\/v2\/posts\/13565\/revisions"}],"predecessor-version":[{"id":13571,"href":"https:\/\/www.akehedman.se\/wordpress\/index.php?rest_route=\/wp\/v2\/posts\/13565\/revisions\/13571"}],"wp:attachment":[{"href":"https:\/\/www.akehedman.se\/wordpress\/index.php?rest_route=%2Fwp%2Fv2%2Fmedia&parent=13565"}],"wp:term":[{"taxonomy":"category","embeddable":true,"href":"https:\/\/www.akehedman.se\/wordpress\/index.php?rest_route=%2Fwp%2Fv2%2Fcategories&post=13565"},{"taxonomy":"post_tag","embeddable":true,"href":"https:\/\/www.akehedman.se\/wordpress\/index.php?rest_route=%2Fwp%2Fv2%2Ftags&post=13565"}],"curies":[{"name":"wp","href":"https:\/\/api.w.org\/{rel}","templated":true}]}}