{"id":13560,"date":"2014-06-14T17:58:09","date_gmt":"2014-06-14T16:58:09","guid":{"rendered":"http:\/\/www.eurosource.se\/akhe\/wordpress\/?p=13560"},"modified":"2014-06-14T17:58:09","modified_gmt":"2014-06-14T16:58:09","slug":"stjarnstopp-pa-skrytarenan","status":"publish","type":"post","link":"https:\/\/www.akehedman.se\/wordpress\/?p=13560","title":{"rendered":"Stj\u00e4rnstopp p\u00e5 skrytarenan."},"content":{"rendered":"<p><a href=\"https:\/\/i0.wp.com\/www.eurosource.se\/akhe\/wordpress\/wp-content\/uploads\/2014\/06\/bjorktrast02_original.jpg\"><img data-recalc-dims=\"1\" loading=\"lazy\" decoding=\"async\" class=\"alignnone size-full wp-image-13561\" src=\"https:\/\/i0.wp.com\/www.eurosource.se\/akhe\/wordpress\/wp-content\/uploads\/2014\/06\/bjorktrast02_original.jpg?resize=580%2C407\" alt=\"bjorktrast02_original\" width=\"580\" height=\"407\" \/><\/a><\/p>\n<p>Sommaren har sk\u00e4mt bort mig och min familj med lite grillat, kaffe och \u00a0n\u00e5gra skopor glass ute i tr\u00e4dg\u00e5rden. En m\u00e4nniska beh\u00f6ver inte mer \u00e4n det d\u00e4r. Gemenskap och lite mat och en sol som tinar upp en gammal kropp efter en l\u00e5ng vinter. Vi har en fantastisk tr\u00e4dg\u00e5rd h\u00e4r i v\u00e5r bubbla. Men ingenting att skryta med s\u00e5klart f\u00f6r andra. Det finns inget eller i alla fall v\u00e4ldigt lite i min v\u00e4rld som \u00e4r det. Men tillr\u00e4ckligt f\u00f6r mig och jag tror ocks\u00e5 f\u00f6r de mina. Om man nu inte tr\u00e4ffar p\u00e5 n\u00e5gon som f\u00f6rst\u00e5r att &#8220;jag m\u00e5r bra&#8221; \u00e4r det ultimata skrytet, det som g\u00f6r att det blir stj\u00e4rnstopp p\u00e5 den stora skrytarenan sedan.<\/p>\n<p>Humlen v\u00e4xer mer \u00e4n en decimeter varje dag. Jag \u00e4lskar verkligen den d\u00e4r humlen som varje \u00e5r ger sig fan p\u00e5 att den skall hela v\u00e4gen upp till himlen. K\u00e4nde mig stolt \u00f6ver den ocks\u00e5 \u00e4nda tills jag s\u00e5g den som min forne kamrat ut\u00e5t kusten har. Efter det verkar den lite tanig v\u00e5r, minst sagt. Men den \u00e4r ung \u00e4n och v\u00e4xer fj\u00e4lln\u00e4ra s\u00e5 den g\u00f6r ett helvetes bra jobb \u00e4nd\u00e5. Fel allts\u00e5, jag \u00e4r stolt i alla fall \u00f6ver v\u00e5r taniga humle som kanske inte ger kottar s\u00e5 det r\u00e4cker till s\u00e5 m\u00e5nga \u00f6l men har en livsgnista som inte g\u00e5r av f\u00f6r hackor.<\/p>\n<p>Av tre i f\u00f6rra \u00e5ret ink\u00f6pta kl\u00e4ngv\u00e4xter s\u00e5 kommer tv\u00e5. Det \u00e4r ett helt OK resultat. En klematis och en vildvin men egentligen vet man v\u00e4l inte med den som \u00e4nnu inte har kommit heller. Det har h\u00e4nt mer \u00e4n en g\u00e5ng att en v\u00e4xt helt pl\u00f6tsligt f\u00e5tt f\u00f6r sig att de skall leva livet \u00e4nd\u00e5 och det s\u00e5 in i bombens dessa v\u00e4xter som man redan d\u00f6df\u00f6rklarat. Den d\u00e4r viljan att finnas i den h\u00e4r v\u00e4rlden \u00e4r inte att leka med.<\/p>\n<p>N\u00e4r jag vattnar blir jag utsk\u00e4lld av en uppr\u00f6rd Bj\u00f6rktrast. Det \u00e4r ingen hejd p\u00e5 dess uppr\u00f6rdhet. M\u00f6jligen beror det p\u00e5 att en av v\u00e5ra katter tidigare, n\u00e4r vi satt och \u00e5t, gjorde ett utfall mot en av dess kamrater. Katten blev s\u00e5klart kollektivt bortjagad av hela Bj\u00f6rktrastkollektivet och fick fly hals \u00f6ver huvud. De vet allt om att hj\u00e4lpas \u00e5t de d\u00e4r f\u00e5glarna. \u00c4r ett f\u00f6red\u00f6me f\u00f6r alla \u00a0socialister. H\u00e4r kommer ringen Kr\u00e5ka eller Skata och f\u00f6rs\u00f6ker ta ett endaste \u00e4gg f\u00f6r d\u00e5 \u00e4r alla kullens f\u00e5glar p\u00e5 den, stora och sm\u00e5, och jagar den p\u00e5 flykten. Det \u00e4r h\u00e4rligt att se. De sm\u00e5 segrar alltid \u00f6ver de stora n\u00e4r de jobbar tillsammans. Det \u00e4r n\u00e5got man borde l\u00e4ra sig om man inte visste det redan. Om man r\u00f6star p\u00e5 Moderaterna till exempel, tror man klarar sig utan solidariteten med andra.<\/p>\n<p>Fulnedladdning avklarad. Skall kopieras \u00f6ver p\u00e5 sticka bara och sen blir det filmkv\u00e4ll s\u00e5 l\u00e4nge man orkar och st\u00e5r ut. Gammelliv men passande s\u00e5klart f\u00f6r den \u00e5lder man \u00e4r i. Men med ett block och n\u00e5gra ritningar med sig upp i soffan s\u00e5 kan man i b\u00e4sta fall f\u00e4sta en ny ide p\u00e5 papper. Men blir det inget av med det och de d\u00e4r blocket blir liggande or\u00f6rt s\u00e5 var det ju ingen st\u00f6rre kris med det heller. Jag tillh\u00f6r inte dem som har id\u00e9torka eller tr\u00e5kigt. Det har jag hittills aldrig r\u00e5kat ut f\u00f6r under den tid jag levat. Sen inte sagt att alla id\u00e9er \u00e4r bra id\u00e9er men jag f\u00f6rs\u00f6ker i alla fall. Men jag beh\u00f6ver i alla fall ingen kurs f\u00f6r just det. Alltid n\u00e5got kamrater och godbajs.<\/p>\n","protected":false},"excerpt":{"rendered":"<p>Sommaren har sk\u00e4mt bort mig och min familj med lite grillat, kaffe och \u00a0n\u00e5gra skopor glass ute i tr\u00e4dg\u00e5rden. En m\u00e4nniska beh\u00f6ver inte mer \u00e4n det d\u00e4r. Gemenskap och lite mat och en sol som tinar upp en gammal kropp efter en l\u00e5ng vinter. Vi har en fantastisk tr\u00e4dg\u00e5rd h\u00e4r i v\u00e5r bubbla. Men ingenting [&hellip;]<\/p>\n","protected":false},"author":24,"featured_media":0,"comment_status":"open","ping_status":"open","sticky":false,"template":"","format":"standard","meta":{"_crdt_document":"","jetpack_post_was_ever_published":false,"_jetpack_newsletter_access":"","_jetpack_dont_email_post_to_subs":false,"_jetpack_newsletter_tier_id":0,"_jetpack_memberships_contains_paywalled_content":false,"_jetpack_memberships_contains_paid_content":false,"footnotes":"","jetpack_publicize_message":"","jetpack_publicize_feature_enabled":true,"jetpack_social_post_already_shared":true,"jetpack_social_options":{"image_generator_settings":{"template":"highway","default_image_id":0,"font":"","enabled":false},"version":2}},"categories":[24],"tags":[],"class_list":["post-13560","post","type-post","status-publish","format-standard","hentry","category-betraktelser"],"jetpack_publicize_connections":[],"jetpack_featured_media_url":"","jetpack_sharing_enabled":true,"jetpack_likes_enabled":true,"jetpack-related-posts":[{"id":21866,"url":"https:\/\/www.akehedman.se\/wordpress\/?p=21866","url_meta":{"origin":13560,"position":0},"title":"Hampa","author":"\u00c5ke Hedman","date":"2016-10-16","format":false,"excerpt":"Jag fotograferar och editerar bilder p\u00e5 en ny produkt idag. En ganska l\u00f6jlig produkt egentligen. S\u00e5klart. Men \u00e4ven l\u00f6jliga produkter beh\u00f6ver bilder och beskrivningar av hur de anv\u00e4nds och monteras. Men vad \u00e4r fem timmer. En grisblink. Allt tar en j\u00e4vla massa tid, och det utan att livet st\u00e5r still\u2026","rel":"","context":"In &quot;Betraktelser &amp; Ber\u00e4ttelse&quot;","block_context":{"text":"Betraktelser &amp; Ber\u00e4ttelse","link":"https:\/\/www.akehedman.se\/wordpress\/?cat=24"},"img":{"alt_text":"humle","src":"https:\/\/i0.wp.com\/www.akehedman.se\/wordpress\/wp-content\/uploads\/2016\/10\/humle.jpg?resize=350%2C200","width":350,"height":200},"classes":[]},{"id":20325,"url":"https:\/\/www.akehedman.se\/wordpress\/?p=20325","url_meta":{"origin":13560,"position":1},"title":"Sten i finv\u00e4der","author":"\u00c5ke Hedman","date":"2016-05-07","format":false,"excerpt":"S\u00e5d\u00e4r. F\u00f6rsta riktiga dan ute. Arton grader. Kan man klaga? Icke! Men vi b\u00e4r sten. Bygger upp mur som har rasat. Blir m\u00f6r. Men f\u00e5r kaffe och bulle i utburen tr\u00e4dg\u00e5rdsm\u00f6bel. Livet \u00e4r gott. Inget av det jag g\u00f6r d\u00e4r inne p\u00e5 kontoret \u00e4r v\u00e4rt n\u00e5got endaste dugg i j\u00e4mf\u00f6relse\u2026","rel":"","context":"In &quot;Betraktelser &amp; Ber\u00e4ttelse&quot;","block_context":{"text":"Betraktelser &amp; Ber\u00e4ttelse","link":"https:\/\/www.akehedman.se\/wordpress\/?cat=24"},"img":{"alt_text":"8962_nickes_sten_007_1","src":"https:\/\/i0.wp.com\/www.akehedman.se\/wordpress\/wp-content\/uploads\/2012\/12\/8962_nickes_sten_007_1.jpg?resize=350%2C200","width":350,"height":200,"srcset":"https:\/\/i0.wp.com\/www.akehedman.se\/wordpress\/wp-content\/uploads\/2012\/12\/8962_nickes_sten_007_1.jpg?resize=350%2C200 1x, https:\/\/i0.wp.com\/www.akehedman.se\/wordpress\/wp-content\/uploads\/2012\/12\/8962_nickes_sten_007_1.jpg?resize=525%2C300 1.5x, https:\/\/i0.wp.com\/www.akehedman.se\/wordpress\/wp-content\/uploads\/2012\/12\/8962_nickes_sten_007_1.jpg?resize=700%2C400 2x"},"classes":[]},{"id":7688,"url":"https:\/\/www.akehedman.se\/wordpress\/?p=7688","url_meta":{"origin":13560,"position":2},"title":"Midsommar","author":"\u00c5ke Hedman","date":"2013-06-21","format":false,"excerpt":"sqlite-autoconf-3071700.tar Vaknar sent idag. Har inget inplanerat s\u00e5 jag kan g\u00f6ra det. H\u00e4mtar tidningen som det f\u00f6rsta jag g\u00f6r som vanligt. M\u00e5ste g\u00f6ra en avstickare och lukta n\u00e4ra p\u00e5 syrenen. Smeka den l\u00e4tt och dra in all den d\u00e4r golukten s\u00e5 att ocks\u00e5 det innersta i min sj\u00e4l kan ta\u2026","rel":"","context":"In &quot;Betraktelser &amp; Ber\u00e4ttelse&quot;","block_context":{"text":"Betraktelser &amp; Ber\u00e4ttelse","link":"https:\/\/www.akehedman.se\/wordpress\/?cat=24"},"img":{"alt_text":"st\u00e5ng-1","src":"https:\/\/i0.wp.com\/www.eurosource.se\/akhe\/wordpress\/wp-content\/uploads\/2013\/06\/st%C3%A5ng-1.jpg?resize=350%2C200","width":350,"height":200,"srcset":"https:\/\/i0.wp.com\/www.eurosource.se\/akhe\/wordpress\/wp-content\/uploads\/2013\/06\/st%C3%A5ng-1.jpg?resize=350%2C200 1x, https:\/\/i0.wp.com\/www.eurosource.se\/akhe\/wordpress\/wp-content\/uploads\/2013\/06\/st%C3%A5ng-1.jpg?resize=525%2C300 1.5x"},"classes":[]},{"id":18361,"url":"https:\/\/www.akehedman.se\/wordpress\/?p=18361","url_meta":{"origin":13560,"position":3},"title":"Fladderm\u00f6ss","author":"\u00c5ke Hedman","date":"2015-08-05","format":false,"excerpt":"Ungkatten kommer in med en fladdermus strax innan jag skall g\u00e5 och l\u00e4gga mig ig\u00e5r. Det \u00e4r synd. Jag tycker om v\u00e5ra p\u00e5 vinden boende fladderm\u00f6ss. D\u00e4r d\u00e4r de bor vid skorstenarna, en koloni p\u00e5 varje sida. Fint skall det vara. Centralv\u00e4rme. Hur katter f\u00e5r tag p\u00e5 fladderm\u00f6ss har jag\u2026","rel":"","context":"In &quot;Betraktelser &amp; Ber\u00e4ttelse&quot;","block_context":{"text":"Betraktelser &amp; Ber\u00e4ttelse","link":"https:\/\/www.akehedman.se\/wordpress\/?cat=24"},"img":{"alt_text":"fladdermus","src":"https:\/\/i0.wp.com\/www.akehedman.se\/wordpress\/wp-content\/uploads\/2014\/07\/fladdermus.jpg?resize=350%2C200","width":350,"height":200},"classes":[]},{"id":20911,"url":"https:\/\/www.akehedman.se\/wordpress\/?p=20911","url_meta":{"origin":13560,"position":4},"title":"Mitt","author":"\u00c5ke Hedman","date":"2016-07-05","format":false,"excerpt":"nno Lillkatten och jag p\u00e5 kontoret. \u00c4nnu en dag bjuder livet p\u00e5. Jag tackar. K\u00e4nner mig sugen idag. Faktiskt. Det sitter l\u00e5ngt inne det d\u00e4r ibland. Eller,ja, det g\u00f6r det oftast inte. Jag \u00e4r sugen f\u00f6r det mesta. Men sista veckorna har varit tyngre och mer inspirationsl\u00f6sa \u00e4n vanligt. Ovant\u2026","rel":"","context":"In &quot;Betraktelser &amp; Ber\u00e4ttelse&quot;","block_context":{"text":"Betraktelser &amp; Ber\u00e4ttelse","link":"https:\/\/www.akehedman.se\/wordpress\/?cat=24"},"img":{"alt_text":"fl\u00e4der","src":"https:\/\/i0.wp.com\/www.akehedman.se\/wordpress\/wp-content\/uploads\/2016\/07\/fl%C3%A4der-e1467701869567-576x1024.jpg?resize=350%2C200","width":350,"height":200,"srcset":"https:\/\/i0.wp.com\/www.akehedman.se\/wordpress\/wp-content\/uploads\/2016\/07\/fl%C3%A4der-e1467701869567-576x1024.jpg?resize=350%2C200 1x, https:\/\/i0.wp.com\/www.akehedman.se\/wordpress\/wp-content\/uploads\/2016\/07\/fl%C3%A4der-e1467701869567-576x1024.jpg?resize=525%2C300 1.5x"},"classes":[]},{"id":7788,"url":"https:\/\/www.akehedman.se\/wordpress\/?p=7788","url_meta":{"origin":13560,"position":5},"title":"Till Gudens \u00e4ra","author":"\u00c5ke Hedman","date":"2013-06-29","format":false,"excerpt":"Jag hinner tre varv p\u00e5 gr\u00e4smattan innan regnet b\u00f6rjar falla. F\u00f6r mycket f\u00f6r att forts\u00e4tta men tillr\u00e4ckligt f\u00f6r en f\u00f6r tidig paus. En stund tidigare har jag h\u00e4mtat ut gr\u00e4sklippan fr\u00e5n garaget d\u00e4r den st\u00e5r bredvid sn\u00f6slungan och idag tycktes den d\u00e4r sn\u00f6skyffeln som h\u00e4nger i taket ropa h\u00e5nfullt p\u00e5\u2026","rel":"","context":"In &quot;Betraktelser &amp; Ber\u00e4ttelse&quot;","block_context":{"text":"Betraktelser &amp; Ber\u00e4ttelse","link":"https:\/\/www.akehedman.se\/wordpress\/?cat=24"},"img":{"alt_text":"IMG_20130629_110140","src":"https:\/\/i0.wp.com\/www.eurosource.se\/akhe\/wordpress\/wp-content\/uploads\/2013\/06\/IMG_20130629_110140-768x1024.jpg?resize=350%2C200","width":350,"height":200,"srcset":"https:\/\/i0.wp.com\/www.eurosource.se\/akhe\/wordpress\/wp-content\/uploads\/2013\/06\/IMG_20130629_110140-768x1024.jpg?resize=350%2C200 1x, https:\/\/i0.wp.com\/www.eurosource.se\/akhe\/wordpress\/wp-content\/uploads\/2013\/06\/IMG_20130629_110140-768x1024.jpg?resize=525%2C300 1.5x"},"classes":[]}],"jetpack_shortlink":"https:\/\/wp.me\/p68PL2-3wI","_links":{"self":[{"href":"https:\/\/www.akehedman.se\/wordpress\/index.php?rest_route=\/wp\/v2\/posts\/13560","targetHints":{"allow":["GET"]}}],"collection":[{"href":"https:\/\/www.akehedman.se\/wordpress\/index.php?rest_route=\/wp\/v2\/posts"}],"about":[{"href":"https:\/\/www.akehedman.se\/wordpress\/index.php?rest_route=\/wp\/v2\/types\/post"}],"author":[{"embeddable":true,"href":"https:\/\/www.akehedman.se\/wordpress\/index.php?rest_route=\/wp\/v2\/users\/24"}],"replies":[{"embeddable":true,"href":"https:\/\/www.akehedman.se\/wordpress\/index.php?rest_route=%2Fwp%2Fv2%2Fcomments&post=13560"}],"version-history":[{"count":1,"href":"https:\/\/www.akehedman.se\/wordpress\/index.php?rest_route=\/wp\/v2\/posts\/13560\/revisions"}],"predecessor-version":[{"id":13562,"href":"https:\/\/www.akehedman.se\/wordpress\/index.php?rest_route=\/wp\/v2\/posts\/13560\/revisions\/13562"}],"wp:attachment":[{"href":"https:\/\/www.akehedman.se\/wordpress\/index.php?rest_route=%2Fwp%2Fv2%2Fmedia&parent=13560"}],"wp:term":[{"taxonomy":"category","embeddable":true,"href":"https:\/\/www.akehedman.se\/wordpress\/index.php?rest_route=%2Fwp%2Fv2%2Fcategories&post=13560"},{"taxonomy":"post_tag","embeddable":true,"href":"https:\/\/www.akehedman.se\/wordpress\/index.php?rest_route=%2Fwp%2Fv2%2Ftags&post=13560"}],"curies":[{"name":"wp","href":"https:\/\/api.w.org\/{rel}","templated":true}]}}