{"id":13017,"date":"2014-05-02T17:30:30","date_gmt":"2014-05-02T16:30:30","guid":{"rendered":"http:\/\/www.eurosource.se\/akhe\/wordpress\/?p=13017"},"modified":"2014-05-02T17:30:30","modified_gmt":"2014-05-02T16:30:30","slug":"jonkopings-klockringning-mot-nazister-hordes-till-istanbul-dn-se","status":"publish","type":"post","link":"https:\/\/www.akehedman.se\/wordpress\/?p=13017","title":{"rendered":"\u201dJ\u00f6nk\u00f6pings klockringning mot nazister h\u00f6rdes till Istanbul\u201d &#8211; DN.SE"},"content":{"rendered":"<p><a href='http:\/\/www.dn.se\/nyheter\/sverige\/jonkopings-klockringning-mot-nazister-hordes-till-istanbul\/'>\u201dJ\u00f6nk\u00f6pings klockringning mot nazister h\u00f6rdes till Istanbul\u201d &#8211; DN.SE<\/a>.<\/p>\n","protected":false},"excerpt":{"rendered":"<p>\u201dJ\u00f6nk\u00f6pings klockringning mot nazister h\u00f6rdes till Istanbul\u201d &#8211; DN.SE.<\/p>\n","protected":false},"author":24,"featured_media":0,"comment_status":"open","ping_status":"open","sticky":false,"template":"","format":"standard","meta":{"_crdt_document":"","jetpack_post_was_ever_published":false,"_jetpack_newsletter_access":"","_jetpack_dont_email_post_to_subs":false,"_jetpack_newsletter_tier_id":0,"_jetpack_memberships_contains_paywalled_content":false,"_jetpack_memberships_contains_paid_content":false,"footnotes":"","jetpack_publicize_message":"","jetpack_publicize_feature_enabled":true,"jetpack_social_post_already_shared":true,"jetpack_social_options":{"image_generator_settings":{"template":"highway","default_image_id":0,"font":"","enabled":false},"version":2}},"categories":[2],"tags":[],"class_list":["post-13017","post","type-post","status-publish","format-standard","hentry","category-swedish"],"jetpack_publicize_connections":[],"jetpack_featured_media_url":"","jetpack_sharing_enabled":true,"jetpack_likes_enabled":true,"jetpack-related-posts":[{"id":48937,"url":"https:\/\/www.akehedman.se\/wordpress\/?p=48937","url_meta":{"origin":13017,"position":0},"title":"Stefan L\u00f6fvens h\u00e5rda kritik mot Elon Musk &#8211; DN.se","author":"\u00c5ke Hedman","date":"2025-01-09","format":false,"excerpt":"Stefan L\u00f6fven, ordf\u00f6rande i de Europeiska socialdemokraterna (PES), vill att EU agerar mot techmiljard\u00e4ren Elon Musk. Source: Stefan L\u00f6fvens h\u00e5rda kritik mot Elon Musk - DN.se","rel":"","context":"In &quot;Swedish&quot;","block_context":{"text":"Swedish","link":"https:\/\/www.akehedman.se\/wordpress\/?cat=2"},"img":{"alt_text":"","src":"","width":0,"height":0},"classes":[]},{"id":12185,"url":"https:\/\/www.akehedman.se\/wordpress\/?p=12185","url_meta":{"origin":13017,"position":1},"title":"Nu flyttar fler till \u00e4n fr\u00e5n glesbygden &#8211; DN.SE","author":"\u00c5ke Hedman","date":"2014-02-25","format":false,"excerpt":"Nu flyttar fler till \u00e4n fr\u00e5n glesbygden - DN.SE.","rel":"","context":"In &quot;Swedish&quot;","block_context":{"text":"Swedish","link":"https:\/\/www.akehedman.se\/wordpress\/?cat=2"},"img":{"alt_text":"","src":"","width":0,"height":0},"classes":[]},{"id":49372,"url":"https:\/\/www.akehedman.se\/wordpress\/?p=49372","url_meta":{"origin":13017,"position":2},"title":"G\u00f6ran Greider: Jag lyckas aldrig bojkotta allt jag vill &#8211; DN.se","author":"\u00c5ke Hedman","date":"2025-04-02","format":false,"excerpt":"Den uppflammande k\u00f6pbojkotten mot matj\u00e4ttarna \u00e4r en v\u00e4ckarklocka, skriver G\u00f6ran Greider. Source: G\u00f6ran Greider: Jag lyckas aldrig bojkotta allt jag vill - DN.se","rel":"","context":"In &quot;Swedish&quot;","block_context":{"text":"Swedish","link":"https:\/\/www.akehedman.se\/wordpress\/?cat=2"},"img":{"alt_text":"","src":"","width":0,"height":0},"classes":[]},{"id":8585,"url":"https:\/\/www.akehedman.se\/wordpress\/?p=8585","url_meta":{"origin":13017,"position":3},"title":"V\u00e4lkommen till Swede Hollow: en svensk slum &#8211; DN.SE","author":"\u00c5ke Hedman","date":"2013-08-15","format":false,"excerpt":"V\u00e4lkommen till Swede Hollow: en svensk slum - DN.SE.","rel":"","context":"In &quot;Swedish&quot;","block_context":{"text":"Swedish","link":"https:\/\/www.akehedman.se\/wordpress\/?cat=2"},"img":{"alt_text":"","src":"https:\/\/i0.wp.com\/www.akehedman.se\/wordpress\/wp-content\/uploads\/2013\/08\/Screenshot-from-2020-01-27-14-38-44.png?resize=350%2C200&ssl=1","width":350,"height":200,"srcset":"https:\/\/i0.wp.com\/www.akehedman.se\/wordpress\/wp-content\/uploads\/2013\/08\/Screenshot-from-2020-01-27-14-38-44.png?resize=350%2C200&ssl=1 1x, https:\/\/i0.wp.com\/www.akehedman.se\/wordpress\/wp-content\/uploads\/2013\/08\/Screenshot-from-2020-01-27-14-38-44.png?resize=525%2C300&ssl=1 1.5x, https:\/\/i0.wp.com\/www.akehedman.se\/wordpress\/wp-content\/uploads\/2013\/08\/Screenshot-from-2020-01-27-14-38-44.png?resize=700%2C400&ssl=1 2x"},"classes":[]},{"id":3866,"url":"https:\/\/www.akehedman.se\/wordpress\/?p=3866","url_meta":{"origin":13017,"position":4},"title":"Flyg v\u00e4ntade in man p\u00e5 v\u00e4g till d\u00f6ende mor &#8211; DN.SE","author":"\u00c5ke Hedman","date":"2013-03-07","format":false,"excerpt":"Flyg v\u00e4ntade in man p\u00e5 v\u00e4g till d\u00f6ende mor - DN.SE.","rel":"","context":"In &quot;Swedish&quot;","block_context":{"text":"Swedish","link":"https:\/\/www.akehedman.se\/wordpress\/?cat=2"},"img":{"alt_text":"","src":"","width":0,"height":0},"classes":[]},{"id":48426,"url":"https:\/\/www.akehedman.se\/wordpress\/?p=48426","url_meta":{"origin":13017,"position":5},"title":"Mobilf\u00f6rbud i skolan i Trelleborg fick dras tillbaka &#8211; DN.se","author":"\u00c5ke Hedman","date":"2024-09-18","format":false,"excerpt":"Regeringen vill inf\u00f6ra totalf\u00f6rbud mot mobiltelefoner i skolan \u2013 men n\u00e4r Trelleborgs kommun f\u00f6rs\u00f6kte gick inget som det var t\u00e4nkt.\u2013 Vinsterna uteblev. Source: Mobilf\u00f6rbud i skolan i Trelleborg fick dras tillbaka - DN.se","rel":"","context":"In &quot;Swedish&quot;","block_context":{"text":"Swedish","link":"https:\/\/www.akehedman.se\/wordpress\/?cat=2"},"img":{"alt_text":"","src":"","width":0,"height":0},"classes":[]}],"jetpack_shortlink":"https:\/\/wp.me\/p68PL2-3nX","_links":{"self":[{"href":"https:\/\/www.akehedman.se\/wordpress\/index.php?rest_route=\/wp\/v2\/posts\/13017","targetHints":{"allow":["GET"]}}],"collection":[{"href":"https:\/\/www.akehedman.se\/wordpress\/index.php?rest_route=\/wp\/v2\/posts"}],"about":[{"href":"https:\/\/www.akehedman.se\/wordpress\/index.php?rest_route=\/wp\/v2\/types\/post"}],"author":[{"embeddable":true,"href":"https:\/\/www.akehedman.se\/wordpress\/index.php?rest_route=\/wp\/v2\/users\/24"}],"replies":[{"embeddable":true,"href":"https:\/\/www.akehedman.se\/wordpress\/index.php?rest_route=%2Fwp%2Fv2%2Fcomments&post=13017"}],"version-history":[{"count":1,"href":"https:\/\/www.akehedman.se\/wordpress\/index.php?rest_route=\/wp\/v2\/posts\/13017\/revisions"}],"predecessor-version":[{"id":13018,"href":"https:\/\/www.akehedman.se\/wordpress\/index.php?rest_route=\/wp\/v2\/posts\/13017\/revisions\/13018"}],"wp:attachment":[{"href":"https:\/\/www.akehedman.se\/wordpress\/index.php?rest_route=%2Fwp%2Fv2%2Fmedia&parent=13017"}],"wp:term":[{"taxonomy":"category","embeddable":true,"href":"https:\/\/www.akehedman.se\/wordpress\/index.php?rest_route=%2Fwp%2Fv2%2Fcategories&post=13017"},{"taxonomy":"post_tag","embeddable":true,"href":"https:\/\/www.akehedman.se\/wordpress\/index.php?rest_route=%2Fwp%2Fv2%2Ftags&post=13017"}],"curies":[{"name":"wp","href":"https:\/\/api.w.org\/{rel}","templated":true}]}}