{"id":12441,"date":"2014-03-13T11:03:53","date_gmt":"2014-03-13T10:03:53","guid":{"rendered":"http:\/\/www.eurosource.se\/akhe\/wordpress\/?p=12441"},"modified":"2014-03-13T11:03:53","modified_gmt":"2014-03-13T10:03:53","slug":"om-att-vara-sjalv","status":"publish","type":"post","link":"https:\/\/www.akehedman.se\/wordpress\/?p=12441","title":{"rendered":"Om att vara sj\u00e4lv"},"content":{"rendered":"<p><a href=\"https:\/\/i0.wp.com\/www.eurosource.se\/akhe\/wordpress\/wp-content\/uploads\/2014\/03\/meditation-6.jpg\"><img data-recalc-dims=\"1\" loading=\"lazy\" decoding=\"async\" src=\"https:\/\/i0.wp.com\/www.eurosource.se\/akhe\/wordpress\/wp-content\/uploads\/2014\/03\/meditation-6.jpg?resize=580%2C386\" alt=\"meditation-6\" width=\"580\" height=\"386\" class=\"alignnone size-full wp-image-12443\" \/><\/a><\/p>\n<p>Jag st\u00e4nger ner Facebook. Orkar inte med skiten l\u00e4ngre. Hoppar av &#8211; igen. Jag vet att jag kommer att krypa tillbaks, men jag st\u00e5r bara inte ut just nu, det kan inte hj\u00e4lpas. Jag st\u00e5r n\u00e4stan aldrig ut d\u00e4r. M\u00e5r d\u00e5ligt av skiten n\u00e4r jag finns d\u00e4r. Samtidigt \u00e4r det just fejjan som \u00e4r den sista l\u00e4nken till m\u00e4nniskorna. Utan det d\u00e4r el\u00e4ndet s\u00e5 sitter jag d\u00e4r sj\u00e4lv. Visst jag har kontakt med en massa m\u00e4nniskor p\u00e5 daglig basis runt om i v\u00e4rlden, men det \u00e4r professionella kontakter, vi pratar arbetsrelaterade saker. De \u00f6vriga social kontakterna saknas i stor sett helt. I Los(o)s hejar jag p\u00e5 alla &#8211; som hejar tillbaks &#8211; men jag k\u00e4nner ingen.<\/p>\n<p>Visst, att det \u00e4r s\u00e5h\u00e4r \u00e4r mitt eget fel helt och h\u00e5llet. Jag jobbar n\u00e4stan j\u00e4mt. Hinner inte med ocks\u00e5 det d\u00e4r. Skulle vilja, men kan inte. Det finns en kraft inom mig som vill realisera dr\u00f6mmar, de som som finns d\u00e4r inne i huvudet och v\u00e4grar att inte f\u00e5 komma ut. Jag kan inte s\u00e4ga nej till den kraften. Jag m\u00e5ste ge efter f\u00f6r den. Ocks\u00e5 om den g\u00f6r att jag blir sittande d\u00e4r ensam i v\u00e4rlden som en av de ensamma. <\/p>\n<p>Jod\u00e5, jag har fru och barn. Utan dem s\u00e5 skulle det s\u00e5klart vara en tragedi allt detta.Jag skulle inte m\u00f6ta m\u00e4nniskor annat \u00e4n n\u00e4r jag handlade eller g\u00f6r andra \u00e4renden. Nu blir det i alla fall n\u00e5got lite annat ibland \u00e4n att bara jobba. F\u00f6r lite s\u00e5klart, tycker min fru, med all r\u00e4tt. <\/p>\n<p>De som k\u00e4nner mig vet att jag p\u00e5 inget s\u00e4tt kan kallas osocial. Jag gillar m\u00e4nniskor. Gillar att umg\u00e5s och interagera. Men jag har ocks\u00e5 ett stort behov av att vara sj\u00e4lv. Har alltid haft det. K\u00e4nner s\u00e4llan en panik n\u00e4r det bara blir jag. K\u00e4nner mig sj\u00e4lv s\u00e5 pass v\u00e4l att jag kan acceptera alla de brister jag har &#8211; st\u00e5 ut med dem alla, eller kanske bara acceptera att man \u00e4r m\u00e4nniska &#8211; och i lugn och ro umg\u00e5s med det egna jaget och dr\u00f6mmarna d\u00e4r inne i huvudet. Annars skulle det s\u00e5klart inte ha fungerat. D\u00e5 hade jag f\u00f6r l\u00e4nge sedan f\u00e4st dynamitladdningarna runt kroppen som dragspelarens farsa och t\u00e4nt p\u00e5. St\u00e4llt mig vid samma b\u00e4ck d\u00e4r inne i skogen s\u00e5 det mesta av en, det som nu blivit slamsor, fl\u00f6t ut mot havet och blev fiskmat.<\/p>\n<p>Skrivandet \u00e4r utloppsventilen. Orden blir m\u00e5nga p\u00e5 ett \u00e5r. De som skall ut. Jag skiter i om n\u00e5gon lyssnar p\u00e5 dem &#8211; l\u00e4s l\u00e4ser &#8211; men \u00e4nd\u00e5 hamnar de h\u00e4r p\u00e5 bloggen, d\u00e4rf\u00f6r att om det finns en l\u00e4sare s\u00e5 blir det sannare det som skrivs. Ett k\u00e4rleksbrev utan en mottagare \u00e4r knappast ett k\u00e4rleksbrev, eller p\u00e5 samma samma s\u00e4tt som de sista orden fr\u00e5n en som best\u00e4mt sig f\u00f6r att l\u00e4mna v\u00e4rlden faller platt om om de inte \u00e4r skrivna till n\u00e5gon. Visst man kan skriva till sig sj\u00e4lv, som i en dagbok.  L\u00e4sa det sen efter ett,tv\u00e5, tio \u00e5r och se den, verkligen se, den naiva person man var. Ett gott tecken fast man skulle tro att det var tv\u00e4rtom. Man vill ju g\u00e4rna tro att man alltid var den smarte, vise person man \u00e4r idag. Men genom att se att man var naiv d\u00e5 s\u00e5 kan man konstatera att man ju faktiskt utvecklats fram till den punkt man \u00e4r idag. Det farliga intr\u00e4ffar n\u00e4r man l\u00e4ser gamla saker och tycker de \u00e4r bra. D\u00e5 \u00e4r man slut, f\u00e4rdig och har tv\u00e5 val. Dynamitgubbarna vid b\u00e4cken eller rycka upp sig, bli bra &#8211; b\u00e4ttre &#8211; igen.<\/p>\n<p>Det \u00e4r f\u00f6r det d\u00e4r som jag inte samlar p\u00e5 priser. Jag har i och f\u00f6r sig en mapp p\u00e5 h\u00e5rddisken l\u00e5ngt ner i strukturen som heter &#8220;uppmuntran&#8221;. D\u00e4r spar jag s\u00e5dant som uppmuntrar, oftast goda ord fr\u00e5n m\u00e4nniskor. Den \u00e4r min livlina kan man s\u00e4ga. N\u00e4r tvivlet s\u00e4tter in kan jag \u00f6ppna den d\u00e4r mappen och hitta tr\u00f6st. Vi \u00e4r oftast v\u00e5ldsamt mycket h\u00e5rdare mot oss sj\u00e4lva \u00e4n vad andra \u00e4r mot oss. JAg \u00e4r inget undantag d\u00e4r. Men det \u00e4r klart, jag k\u00e4nner tillr\u00e4ckligt m\u00e5nga poeter, f\u00f6rfattare, musiker och programmerare som sj\u00e4lva anser sig vara guds g\u00e5va till folket. De som tappat fotf\u00e4stet redan innan de n\u00e5tt land. Bland dem \u00e4r jag inte. Tro mig. Jag blir n\u00e4stan alltid lika f\u00f6rv\u00e5nad som min egen omgivning \u00f6ver mina egna sm\u00e5 framg\u00e5ngar i livet. Men det hindrar mig aldrig en sekund fr\u00e5n att f\u00f6rs\u00f6ka realisera de dr\u00f6mmar som finns d\u00e4r inne i mitt huvud. De m\u00e5ste bara ut. Sen \u00e4r det ju s\u00e5 att det som omgivningen upplever som framg\u00e5ngar kanske inte alls upplevs som det f\u00f6r en sj\u00e4lv. De verkliga stegen i livet, de som berikar och lyfter, hamnar inte i tidningar f\u00f6r att l\u00e4sas om eller i radio och tv f\u00f6r att tas in genom \u00f6ron och \u00f6gon. De sker lite blygt i skymundan.<\/p>\n<p>Men en urs\u00e4kt \u00e4r de v\u00e4rda alla de underbara m\u00e4nniskor jag k\u00e4nner som jag aldrig hinner med. Jag missbrukar deras v\u00e4nskap och v\u00e4nlighet \u00e5 det gr\u00f6vsta. Men tyv\u00e4rr kan jag inte annat, kraften att g\u00f6ra det d\u00e4r andra \u00e4r f\u00f6r stor f\u00f6r det &#8211; och den kr\u00e4ver det solit\u00e4ra.<\/p>\n","protected":false},"excerpt":{"rendered":"<p>Jag st\u00e4nger ner Facebook. Orkar inte med skiten l\u00e4ngre. Hoppar av &#8211; igen. Jag vet att jag kommer att krypa tillbaks, men jag st\u00e5r bara inte ut just nu, det kan inte hj\u00e4lpas. Jag st\u00e5r n\u00e4stan aldrig ut d\u00e4r. M\u00e5r d\u00e5ligt av skiten n\u00e4r jag finns d\u00e4r. Samtidigt \u00e4r det just fejjan som \u00e4r den [&hellip;]<\/p>\n","protected":false},"author":24,"featured_media":0,"comment_status":"open","ping_status":"open","sticky":false,"template":"","format":"standard","meta":{"_crdt_document":"","jetpack_post_was_ever_published":false,"_jetpack_newsletter_access":"","_jetpack_dont_email_post_to_subs":false,"_jetpack_newsletter_tier_id":0,"_jetpack_memberships_contains_paywalled_content":false,"_jetpack_memberships_contains_paid_content":false,"footnotes":"","jetpack_publicize_message":"","jetpack_publicize_feature_enabled":true,"jetpack_social_post_already_shared":true,"jetpack_social_options":{"image_generator_settings":{"template":"highway","default_image_id":0,"font":"","enabled":false},"version":2}},"categories":[24,2],"tags":[],"class_list":["post-12441","post","type-post","status-publish","format-standard","hentry","category-betraktelser","category-swedish"],"jetpack_publicize_connections":[],"jetpack_featured_media_url":"","jetpack_sharing_enabled":true,"jetpack_likes_enabled":true,"jetpack-related-posts":[{"id":19097,"url":"https:\/\/www.akehedman.se\/wordpress\/?p=19097","url_meta":{"origin":12441,"position":0},"title":"OLIKA \u00e4r det finaste","author":"\u00c5ke Hedman","date":"2015-11-27","format":false,"excerpt":"Fredag. Igen. Alldeles f\u00f6r snabbt om du fr\u00e5ga mig. Veckorna flyger iv\u00e4g.\u00a0 Det \u00e4r JAS, full gas med efterbr\u00e4nnkammare och allt on\u00f6digt utkastat. Men det \u00e4r som det \u00e4r. Man f\u00e5r f\u00f6rs\u00f6ka h\u00e4nga med. Jag g\u00f6r det n\u00e4stan. Som Open Source utvecklare f\u00e5r man mest skit. Av n\u00e5gon anledning \u00e4r\u2026","rel":"","context":"In &quot;Betraktelser &amp; Ber\u00e4ttelse&quot;","block_context":{"text":"Betraktelser &amp; Ber\u00e4ttelse","link":"https:\/\/www.akehedman.se\/wordpress\/?cat=24"},"img":{"alt_text":"AIR_JAS-39N_Concept_Water_lg","src":"https:\/\/i0.wp.com\/www.akehedman.se\/wordpress\/wp-content\/uploads\/2015\/11\/AIR_JAS-39N_Concept_Water_lg.jpg?resize=350%2C200","width":350,"height":200,"srcset":"https:\/\/i0.wp.com\/www.akehedman.se\/wordpress\/wp-content\/uploads\/2015\/11\/AIR_JAS-39N_Concept_Water_lg.jpg?resize=350%2C200 1x, https:\/\/i0.wp.com\/www.akehedman.se\/wordpress\/wp-content\/uploads\/2015\/11\/AIR_JAS-39N_Concept_Water_lg.jpg?resize=525%2C300 1.5x, https:\/\/i0.wp.com\/www.akehedman.se\/wordpress\/wp-content\/uploads\/2015\/11\/AIR_JAS-39N_Concept_Water_lg.jpg?resize=700%2C400 2x"},"classes":[]},{"id":41964,"url":"https:\/\/www.akehedman.se\/wordpress\/?p=41964","url_meta":{"origin":12441,"position":1},"title":"D\u00f6den kommer p\u00e5 bes\u00f6k","author":"\u00c5ke Hedman","date":"2022-05-22","format":false,"excerpt":"S\u00f6ndag ute. Njut. F\u00f6rsta riktiga tr\u00e4dg\u00e5rdsfixardagen. Ren k\u00e4rlek och lycka. L\u00f6rdag \u00e4r S\u00f6derhamn. Denna nedg\u00e5gna stad med potential. Man skulle kunna bo h\u00e4r bara f\u00f6r potentialen. Men visst har staden befunntit sig p\u00e5 dekis l\u00e4nge nog nu. \"Res dig ut askan S\u00f6derhamn\" skriker jag d\u00e4r p\u00e5 K\u00f6pmangatan. Vi f\u00e5r se\u2026","rel":"","context":"In &quot;Betraktelser &amp; Ber\u00e4ttelse&quot;","block_context":{"text":"Betraktelser &amp; Ber\u00e4ttelse","link":"https:\/\/www.akehedman.se\/wordpress\/?cat=24"},"img":{"alt_text":"","src":"","width":0,"height":0},"classes":[]},{"id":42504,"url":"https:\/\/www.akehedman.se\/wordpress\/?p=42504","url_meta":{"origin":12441,"position":2},"title":"Fredag","author":"\u00c5ke Hedman","date":"2022-08-12","format":false,"excerpt":"Photo by Rodolfo Clix on Pexels.com H\u00e4lsingetoppen publicerad. Backuperna fixade. I den ordningen. Alltid. Nu \u00e4r det fredag. En helt vanlig dag i veckan. I alla fall fram emot kv\u00e4llen. Den som \u00e4r ledig och alltid har varit det (om det g\u00e5tt). Jo fredagskv\u00e4llar har varit heliga i mitt liv.\u2026","rel":"","context":"In &quot;Swedish&quot;","block_context":{"text":"Swedish","link":"https:\/\/www.akehedman.se\/wordpress\/?cat=2"},"img":{"alt_text":"silhouette image of person praying","src":"https:\/\/i0.wp.com\/www.akehedman.se\/wordpress\/wp-content\/uploads\/2022\/08\/pexels-photo-1615776.jpeg?resize=350%2C200&ssl=1","width":350,"height":200,"srcset":"https:\/\/i0.wp.com\/www.akehedman.se\/wordpress\/wp-content\/uploads\/2022\/08\/pexels-photo-1615776.jpeg?resize=350%2C200&ssl=1 1x, https:\/\/i0.wp.com\/www.akehedman.se\/wordpress\/wp-content\/uploads\/2022\/08\/pexels-photo-1615776.jpeg?resize=525%2C300&ssl=1 1.5x, https:\/\/i0.wp.com\/www.akehedman.se\/wordpress\/wp-content\/uploads\/2022\/08\/pexels-photo-1615776.jpeg?resize=700%2C400&ssl=1 2x"},"classes":[]},{"id":34452,"url":"https:\/\/www.akehedman.se\/wordpress\/?p=34452","url_meta":{"origin":12441,"position":3},"title":"Gubbar","author":"\u00c5ke Hedman","date":"2020-02-12","format":false,"excerpt":"Det \u00e4r gubbarna och jag, d\u00e4r p\u00e5 gubbhyllan p\u00e5 Coop,.. n\u00e4\u00e4\u00e4\u00e4.... v\u00e4nta nu... Det \u00e4r VI gubbar p\u00e5 gubbhyllan p\u00e5 Coop i Ljusdal. Jag t\u00e4nker S E M L A n\u00e4r jag g\u00e5r f\u00f6r att best\u00e4lla min kaffe. Suget finns d\u00e4r. Men jag har bara trettio sp\u00e4nn och semla med\u2026","rel":"","context":"In &quot;Swedish&quot;","block_context":{"text":"Swedish","link":"https:\/\/www.akehedman.se\/wordpress\/?cat=2"},"img":{"alt_text":"","src":"https:\/\/i0.wp.com\/www.akehedman.se\/wordpress\/wp-content\/uploads\/2020\/02\/IMG_20200212_110643166_HDR.jpg?resize=350%2C200&ssl=1","width":350,"height":200,"srcset":"https:\/\/i0.wp.com\/www.akehedman.se\/wordpress\/wp-content\/uploads\/2020\/02\/IMG_20200212_110643166_HDR.jpg?resize=350%2C200&ssl=1 1x, https:\/\/i0.wp.com\/www.akehedman.se\/wordpress\/wp-content\/uploads\/2020\/02\/IMG_20200212_110643166_HDR.jpg?resize=525%2C300&ssl=1 1.5x, https:\/\/i0.wp.com\/www.akehedman.se\/wordpress\/wp-content\/uploads\/2020\/02\/IMG_20200212_110643166_HDR.jpg?resize=700%2C400&ssl=1 2x, https:\/\/i0.wp.com\/www.akehedman.se\/wordpress\/wp-content\/uploads\/2020\/02\/IMG_20200212_110643166_HDR.jpg?resize=1050%2C600&ssl=1 3x"},"classes":[]},{"id":20197,"url":"https:\/\/www.akehedman.se\/wordpress\/?p=20197","url_meta":{"origin":12441,"position":4},"title":"Pyspunka","author":"\u00c5ke Hedman","date":"2016-04-13","format":false,"excerpt":"Fotot stulet h\u00e4rifr\u00e5n. Onsdag. Ljusdal. Jag g\u00e5r ett varv runt Kyrksj\u00f6n. V\u00e5rvackert. Ljuvligt. F\u00e5gels\u00e5ng. Jo jag tycker nog det borde bli bost\u00e4der ist\u00e4llet f\u00f6r aff\u00e4rer h\u00e4r. Man inser det n\u00e4r man g\u00e5r varvet. Det \u00e4r en p\u00e4rla. F\u00f6rt\u00e4ta k\u00e4rnan ist\u00e4llet. L\u00e5t detta bli n\u00e5got annat. L\u00e5t bilarna och larmet finnas\u2026","rel":"","context":"In &quot;Betraktelser &amp; Ber\u00e4ttelse&quot;","block_context":{"text":"Betraktelser &amp; Ber\u00e4ttelse","link":"https:\/\/www.akehedman.se\/wordpress\/?cat=24"},"img":{"alt_text":"193a7520-4","src":"https:\/\/i0.wp.com\/www.akehedman.se\/wordpress\/wp-content\/uploads\/2016\/04\/193a7520-4-1024x683.jpg?resize=350%2C200","width":350,"height":200,"srcset":"https:\/\/i0.wp.com\/www.akehedman.se\/wordpress\/wp-content\/uploads\/2016\/04\/193a7520-4-1024x683.jpg?resize=350%2C200 1x, https:\/\/i0.wp.com\/www.akehedman.se\/wordpress\/wp-content\/uploads\/2016\/04\/193a7520-4-1024x683.jpg?resize=525%2C300 1.5x"},"classes":[]},{"id":41368,"url":"https:\/\/www.akehedman.se\/wordpress\/?p=41368","url_meta":{"origin":12441,"position":5},"title":"Lika l\u00e4tta att ignorera som ett litet l\u00e4tt kliande p\u00e5 lillt\u00e5n","author":"\u00c5ke Hedman","date":"2022-02-23","format":false,"excerpt":"Photo by Asad Photo Maldives on Pexels.com I en by man bor i. Man k\u00e4nner de flesta. De \u00e4r inte fler. Men inte s\u00e5 stor skillnad mot ett villakvarter i Stockholm s\u00e5klart. Det \u00e4r s\u00e5 det fungerar. S\u00e5 n\u00e4r man bes\u00f6ker aff\u00e4ren hejar man p\u00e5 de flesta. Det finns en\u2026","rel":"","context":"In &quot;Betraktelser &amp; Ber\u00e4ttelse&quot;","block_context":{"text":"Betraktelser &amp; Ber\u00e4ttelse","link":"https:\/\/www.akehedman.se\/wordpress\/?cat=24"},"img":{"alt_text":"silhouette dusk falling rapidly","src":"https:\/\/i0.wp.com\/www.akehedman.se\/wordpress\/wp-content\/uploads\/2022\/02\/pexels-photo-3601453.jpeg?resize=350%2C200&ssl=1","width":350,"height":200,"srcset":"https:\/\/i0.wp.com\/www.akehedman.se\/wordpress\/wp-content\/uploads\/2022\/02\/pexels-photo-3601453.jpeg?resize=350%2C200&ssl=1 1x, https:\/\/i0.wp.com\/www.akehedman.se\/wordpress\/wp-content\/uploads\/2022\/02\/pexels-photo-3601453.jpeg?resize=525%2C300&ssl=1 1.5x, https:\/\/i0.wp.com\/www.akehedman.se\/wordpress\/wp-content\/uploads\/2022\/02\/pexels-photo-3601453.jpeg?resize=700%2C400&ssl=1 2x, https:\/\/i0.wp.com\/www.akehedman.se\/wordpress\/wp-content\/uploads\/2022\/02\/pexels-photo-3601453.jpeg?resize=1050%2C600&ssl=1 3x, https:\/\/i0.wp.com\/www.akehedman.se\/wordpress\/wp-content\/uploads\/2022\/02\/pexels-photo-3601453.jpeg?resize=1400%2C800&ssl=1 4x"},"classes":[]}],"jetpack_shortlink":"https:\/\/wp.me\/p68PL2-3eF","_links":{"self":[{"href":"https:\/\/www.akehedman.se\/wordpress\/index.php?rest_route=\/wp\/v2\/posts\/12441","targetHints":{"allow":["GET"]}}],"collection":[{"href":"https:\/\/www.akehedman.se\/wordpress\/index.php?rest_route=\/wp\/v2\/posts"}],"about":[{"href":"https:\/\/www.akehedman.se\/wordpress\/index.php?rest_route=\/wp\/v2\/types\/post"}],"author":[{"embeddable":true,"href":"https:\/\/www.akehedman.se\/wordpress\/index.php?rest_route=\/wp\/v2\/users\/24"}],"replies":[{"embeddable":true,"href":"https:\/\/www.akehedman.se\/wordpress\/index.php?rest_route=%2Fwp%2Fv2%2Fcomments&post=12441"}],"version-history":[{"count":2,"href":"https:\/\/www.akehedman.se\/wordpress\/index.php?rest_route=\/wp\/v2\/posts\/12441\/revisions"}],"predecessor-version":[{"id":12444,"href":"https:\/\/www.akehedman.se\/wordpress\/index.php?rest_route=\/wp\/v2\/posts\/12441\/revisions\/12444"}],"wp:attachment":[{"href":"https:\/\/www.akehedman.se\/wordpress\/index.php?rest_route=%2Fwp%2Fv2%2Fmedia&parent=12441"}],"wp:term":[{"taxonomy":"category","embeddable":true,"href":"https:\/\/www.akehedman.se\/wordpress\/index.php?rest_route=%2Fwp%2Fv2%2Fcategories&post=12441"},{"taxonomy":"post_tag","embeddable":true,"href":"https:\/\/www.akehedman.se\/wordpress\/index.php?rest_route=%2Fwp%2Fv2%2Ftags&post=12441"}],"curies":[{"name":"wp","href":"https:\/\/api.w.org\/{rel}","templated":true}]}}