{"id":12394,"date":"2014-03-10T11:56:05","date_gmt":"2014-03-10T10:56:05","guid":{"rendered":"http:\/\/www.eurosource.se\/akhe\/wordpress\/?p=12394"},"modified":"2014-03-10T11:56:38","modified_gmt":"2014-03-10T10:56:38","slug":"kasta-in-alla-sjuhundra-sidorna-i-spisen","status":"publish","type":"post","link":"https:\/\/www.akehedman.se\/wordpress\/?p=12394","title":{"rendered":"Kasta in alla sjuhundra sidorna i spisen och gl\u00f6mma det d\u00e4r."},"content":{"rendered":"<p><a href=\"https:\/\/i0.wp.com\/www.eurosource.se\/akhe\/wordpress\/wp-content\/uploads\/2014\/03\/PIX-NHXDTH.jpg\"><img data-recalc-dims=\"1\" loading=\"lazy\" decoding=\"async\" src=\"https:\/\/i0.wp.com\/www.eurosource.se\/akhe\/wordpress\/wp-content\/uploads\/2014\/03\/PIX-NHXDTH.jpg?resize=450%2C446\" alt=\"PIX-NHXDTH\" width=\"450\" height=\"446\" class=\"alignnone size-full wp-image-12395\" \/><\/a><\/p>\n<p>Det \u00e4r tystnaden som regerar idag. Starka vindar under helgen har l\u00e5tit som starka vindar brukar l\u00e5ta. Hitlockade av solen och v\u00e4rmen. Men idag allts\u00e5 gr\u00e5v\u00e4der och tystnad. Jag njuter av det d\u00e4r tysta. Har behov av att finnas i det. Det bryts bara av att en bil \u00e5ker upp p\u00e5 g\u00e5rdsplanen. En Lo(o)sbo som vill ha datasupport. Jag s\u00e4ger alltid nej nu f\u00f6r tiden. Vill INTE h\u00e5lla p\u00e5 med det d\u00e4r. Har gjort det alldeles f\u00f6r m\u00e5nga kv\u00e4llar och n\u00e4tter, oftast f\u00f6rutsatt att jag g\u00f6r det f\u00f6r n\u00f6jes skull. N\u00e4r sanningen alltid har varit att jag hatat det d\u00e4r. Men nu har jag l\u00e4rt mig s\u00e4ga nej, och det \u00e4r ett sk\u00f6nt nej att s\u00e4ga. Folk m\u00e5 bli hur sura de vill. Jag best\u00e4mmer \u00f6ver mitt liv och vad jag vill g\u00f6ra med den tid jag har till f\u00f6rfogande.<\/p>\n<p>Ser p\u00e5 l\u00e5ngtidsprognosen att det \u00e4r kyla p\u00e5 v\u00e4g l\u00e4ngre fram. Men bara n\u00e5gon dag. Den verkar h\u00e5lla i sig den h\u00e4r fantastiska enkelvintern. Men det \u00e4r f\u00f6rst n\u00e4sta vecka som det d\u00e4r kalla kommer. Prognoserna \u00e4r s\u00e5klart os\u00e4kra d\u00e4r bort\u00e5t, kanske n\u00e5r den oss inte ens. Det jag gillar minst med att bo h\u00e4r \u00e4r de korta v\u00e5rarna. Ofta hinner bara sn\u00f6n sm\u00e4lta bort och sen \u00e4r det full sommar. Det \u00e4r inte som det \u00e4r i t.ex. S\u00f6rmland d\u00e4r det finns en l\u00e5ng sk\u00f6n mellantid mellan vinter och sommar d\u00e4r det \u00e4r enkelt att ta sig ut i naturen. Nej, BANG, s\u00e4ger det h\u00e4r och sen v\u00e4xer det och gr\u00f6nskar s\u00e5 att man inte hinner med ens om man f\u00f6rs\u00f6ker springa ikapp alltihop. Det d\u00e4r \u00e4r \u00e4nnu v\u00e4rre s\u00e5klart om man ger sig l\u00e4nge norrut. Men tydligen \u00e4r det s\u00e5 att alla platser i Sverige \u00e4r ikapp varandra runt midsommar. D\u00e5 kr\u00e4vs det s\u00e5klart lite spurt om v\u00e5ren kommer sent.<\/p>\n<p>Som du m\u00e4rker har jag inte s\u00e5 mycket att s\u00e4ga idag. Eller det har jag v\u00e4l aldrig om man skall rannsaka sig sj\u00e4lv ordentligt, och det skall man v\u00e4l. Skriver mest f\u00f6r \u00f6vningens skull, f\u00f6r att h\u00e5lla ig\u00e5ng den emotionella kopplingen mellan hj\u00e4rnan och fingrarna. Skulle beh\u00f6va ett skrivarstipendium och ett \u00e5r p\u00e5 en \u00f6de \u00f6, mitt ute i Atlanten, d\u00e4r stormarna drar in som otyglade, f\u00f6r h\u00f6gt uppeldade, lokomotiv varje onsdag. D\u00e4r skulle jag nog kunna skriva. Eller inte. Komma till insikt om att jag inte kan det. Skriva i \u00e5tta m\u00e5nader. Ha sjuhundra sidor klara, utskrivna, en bok, och hiva in dom allihop i spisen tillsamman med USB stickan med den enda backupen. Gjort sent p\u00e5 natten efter f\u00f6r m\u00e5nga glas av den goda whiskyn s\u00e5klart, n\u00e4r vemodet f\u00e5ngat en. \u00c5ngra sig dan efter men st\u00e5 sitt kast. \u00c5ka hem igen fr\u00e5n \u00f6n med f\u00f6rsta f\u00e4rjan tillbaks och s\u00e4tta sig vid forsen och gr\u00e5ta f\u00f6r att bli fri. Kanske tur att stipendium inte ges till oss vanliga, s\u00e5 man slipper det d\u00e4r. L\u00e5ta allt det d\u00e4r vara de m\u00e4rkv\u00e4rdigas egendom och v\u00e4rld. De som kan och skriver och pratar s\u00e5 att s\u00e5dana som jag inte f\u00f6rst\u00e5r. Ja, jag vet det \u00e4r meningen att det skall vara s\u00e5 ocks\u00e5. De tror de blir b\u00e4ttre av det d\u00e4r. Men det \u00e4r det enkla som \u00e4r det sv\u00e5ra. Det l\u00e4r man sig till slut.<\/p>\n<p>Men h\u00e4r finns jobb att g\u00f6ra. Kod att skriva. Allt det d\u00e4r jag g\u00f6r med gl\u00e4dje. \u00c4nd\u00e5 \u00e4r en del dagar mindre inspirerande \u00e4n andra. Man m\u00e5ste h\u00e4mta upp den d\u00e4r l\u00e4ngtan att g\u00f6ra det d\u00e4r nerifr\u00e5n stort\u00e5rna fr\u00e5n var och en av f\u00f6tterna i tur och ordning. S\u00e4tta sig i det d\u00e4r tillst\u00e5ndet som beh\u00f6vs med ett slags tv\u00e5ng och sen n\u00f6ta p\u00e5, n\u00f6ta p\u00e5 och n\u00f6ta p\u00e5 tills allt fungerar som det skall och man f\u00f6rst\u00e5r varf\u00f6r det fungerar som det skall. Allt f\u00f6r m\u00e5nga gl\u00f6mmer det sista nuf\u00f6rtiden. D\u00e4rf\u00f6r att det \u00e4r billigast s\u00e5. Ett stort misstag visar det sig n\u00e4stan alltid senare. Man m\u00e5ste f\u00f6rst\u00e5 ocks\u00e5 eller i alla fall f\u00f6rs\u00f6ka g\u00f6ra det. Annars \u00e4r man bara en kl\u00e5pare och v\u00e4rlden har alldeles f\u00f6r m\u00e5nga av dem springandes omkring redan.<\/p>\n","protected":false},"excerpt":{"rendered":"<p>Det \u00e4r tystnaden som regerar idag. Starka vindar under helgen har l\u00e5tit som starka vindar brukar l\u00e5ta. Hitlockade av solen och v\u00e4rmen. Men idag allts\u00e5 gr\u00e5v\u00e4der och tystnad. Jag njuter av det d\u00e4r tysta. Har behov av att finnas i det. Det bryts bara av att en bil \u00e5ker upp p\u00e5 g\u00e5rdsplanen. En Lo(o)sbo som [&hellip;]<\/p>\n","protected":false},"author":24,"featured_media":0,"comment_status":"open","ping_status":"open","sticky":false,"template":"","format":"standard","meta":{"_crdt_document":"","jetpack_post_was_ever_published":false,"_jetpack_newsletter_access":"","_jetpack_dont_email_post_to_subs":false,"_jetpack_newsletter_tier_id":0,"_jetpack_memberships_contains_paywalled_content":false,"_jetpack_memberships_contains_paid_content":false,"footnotes":"","jetpack_publicize_message":"","jetpack_publicize_feature_enabled":true,"jetpack_social_post_already_shared":true,"jetpack_social_options":{"image_generator_settings":{"template":"highway","default_image_id":0,"font":"","enabled":false},"version":2}},"categories":[24],"tags":[],"class_list":["post-12394","post","type-post","status-publish","format-standard","hentry","category-betraktelser"],"jetpack_publicize_connections":[],"jetpack_featured_media_url":"","jetpack_sharing_enabled":true,"jetpack_likes_enabled":true,"jetpack-related-posts":[{"id":18218,"url":"https:\/\/www.akehedman.se\/wordpress\/?p=18218","url_meta":{"origin":12394,"position":0},"title":"Vinden och ett f\u00f6rl\u00e5t","author":"\u00c5ke Hedman","date":"2015-07-05","format":false,"excerpt":"Jag har redan jobbat n\u00e5gra timmar nu s\u00e5h\u00e4r p\u00e5 s\u00f6ndagskv\u00e4llen men har varit ledig resten av helgen. Flyttat rosor och buskar, gr\u00e4vt h\u00e5l, fyllt igen h\u00e5l och klippt gr\u00e4smatta och hunnit med n\u00e5gra minuter i h\u00e4ngmattan. Ja grillat ocks\u00e5. Den f\u00f6rsta grillningen f\u00f6r i \u00e5r. Nedsk\u00f6ljt med rose' som sig\u2026","rel":"","context":"In &quot;Betraktelser &amp; Ber\u00e4ttelse&quot;","block_context":{"text":"Betraktelser &amp; Ber\u00e4ttelse","link":"https:\/\/www.akehedman.se\/wordpress\/?cat=24"},"img":{"alt_text":"001","src":"https:\/\/i0.wp.com\/www.akehedman.se\/wordpress\/wp-content\/uploads\/2015\/07\/001-1024x768.jpg?resize=350%2C200","width":350,"height":200,"srcset":"https:\/\/i0.wp.com\/www.akehedman.se\/wordpress\/wp-content\/uploads\/2015\/07\/001-1024x768.jpg?resize=350%2C200 1x, https:\/\/i0.wp.com\/www.akehedman.se\/wordpress\/wp-content\/uploads\/2015\/07\/001-1024x768.jpg?resize=525%2C300 1.5x"},"classes":[]},{"id":20269,"url":"https:\/\/www.akehedman.se\/wordpress\/?p=20269","url_meta":{"origin":12394,"position":1},"title":"Trettio \u00e5r, precis idag","author":"\u00c5ke Hedman","date":"2016-05-01","format":false,"excerpt":"Idag. Precis idag har vi d\u00e5 bott h\u00e4r i Los i trettio \u00e5r. Herregud! Jag har aldrig bott l\u00e4ngre sammanh\u00e5llen tid p\u00e5 n\u00e5gon annan plats. Nej inte ens i Edsbyn d\u00e4r jag \u00e4nd\u00e5 k\u00e4nner att jag kanske har en eller tv\u00e5 eller ibland till och med tre r\u00f6tter nedstuckna. Det\u2026","rel":"","context":"In &quot;Betraktelser &amp; Ber\u00e4ttelse&quot;","block_context":{"text":"Betraktelser &amp; Ber\u00e4ttelse","link":"https:\/\/www.akehedman.se\/wordpress\/?cat=24"},"img":{"alt_text":"250px-White-Wagtail","src":"https:\/\/i0.wp.com\/www.akehedman.se\/wordpress\/wp-content\/uploads\/2016\/05\/250px-White-Wagtail.jpg?resize=350%2C200","width":350,"height":200},"classes":[]},{"id":35734,"url":"https:\/\/www.akehedman.se\/wordpress\/?p=35734","url_meta":{"origin":12394,"position":2},"title":"Ja eller nej","author":"\u00c5ke Hedman","date":"2020-08-10","format":false,"excerpt":"Kopplar ihop det gamla med det nya. Det finns saker h\u00e4r p\u00e5 l\u00e5tsaskontoret som legat n\u00e5gra \u00e5r. Samlat p\u00e5 damm och \u00e5r. Annat finns det \u00e5 andra sidan som \u00e4r ganska nytt och nyss kom hit fr\u00e5n n\u00e5got h\u00f6rn av v\u00e4rlden. S\u00e5dant som fortfarande doftar nytt. Jod\u00e5, tiden g\u00e5r. Jag\u2026","rel":"","context":"In &quot;Betraktelser &amp; Ber\u00e4ttelse&quot;","block_context":{"text":"Betraktelser &amp; Ber\u00e4ttelse","link":"https:\/\/www.akehedman.se\/wordpress\/?cat=24"},"img":{"alt_text":"","src":"https:\/\/i0.wp.com\/www.akehedman.se\/wordpress\/wp-content\/uploads\/2020\/08\/IMG_20200810_215555.jpg?resize=350%2C200&ssl=1","width":350,"height":200,"srcset":"https:\/\/i0.wp.com\/www.akehedman.se\/wordpress\/wp-content\/uploads\/2020\/08\/IMG_20200810_215555.jpg?resize=350%2C200&ssl=1 1x, https:\/\/i0.wp.com\/www.akehedman.se\/wordpress\/wp-content\/uploads\/2020\/08\/IMG_20200810_215555.jpg?resize=525%2C300&ssl=1 1.5x, https:\/\/i0.wp.com\/www.akehedman.se\/wordpress\/wp-content\/uploads\/2020\/08\/IMG_20200810_215555.jpg?resize=700%2C400&ssl=1 2x, https:\/\/i0.wp.com\/www.akehedman.se\/wordpress\/wp-content\/uploads\/2020\/08\/IMG_20200810_215555.jpg?resize=1050%2C600&ssl=1 3x"},"classes":[]},{"id":17059,"url":"https:\/\/www.akehedman.se\/wordpress\/?p=17059","url_meta":{"origin":12394,"position":3},"title":"L\u00e4r mig hur domherren l\u00e5ter idag","author":"\u00c5ke Hedman","date":"2015-03-15","format":false,"excerpt":"K l\u00e4r mig hur Domherren l\u00e5ter. T\u00e4nk att man fortfarande l\u00e4r sig saker som femtiosju\u00e5ring ocks\u00e5. Ja. Det finns fortfarande ord som man har missuppfattat ocks\u00e5. Ord kvar att f\u00e5 till r\u00e4tt, f\u00f6rst\u00e5. Och f\u00e5gels\u00e5ng d\u00e5. De som man ser varje dag, \u00e4lskar, men aldrig kopplat med s\u00e5ngen. Kanske inte\u2026","rel":"","context":"In &quot;Betraktelser &amp; Ber\u00e4ttelse&quot;","block_context":{"text":"Betraktelser &amp; Ber\u00e4ttelse","link":"https:\/\/www.akehedman.se\/wordpress\/?cat=24"},"img":{"alt_text":"gibson-les-paul-in-case","src":"https:\/\/i0.wp.com\/www.eurosource.se\/akhe\/wordpress\/wp-content\/uploads\/2015\/03\/gibson-les-paul-in-case-1024x768.jpg?resize=350%2C200","width":350,"height":200,"srcset":"https:\/\/i0.wp.com\/www.eurosource.se\/akhe\/wordpress\/wp-content\/uploads\/2015\/03\/gibson-les-paul-in-case-1024x768.jpg?resize=350%2C200 1x, https:\/\/i0.wp.com\/www.eurosource.se\/akhe\/wordpress\/wp-content\/uploads\/2015\/03\/gibson-les-paul-in-case-1024x768.jpg?resize=525%2C300 1.5x"},"classes":[]},{"id":16568,"url":"https:\/\/www.akehedman.se\/wordpress\/?p=16568","url_meta":{"origin":12394,"position":4},"title":"En livs levande m\u00e4nniska","author":"\u00c5ke Hedman","date":"2015-02-16","format":false,"excerpt":"Idag har jag tr\u00e4ffat en livs levande m\u00e4nniska. Ja allts\u00e5 en utanf\u00f6r familjen. Ja till och med en utanf\u00f6r de som bor i de hus som ligger n\u00e4ra v\u00e5rt stora gula. Det var inte ens en p\u00e5 aff\u00e4ren. En helt annan m\u00e4nniska allts\u00e5. Fr\u00e5n ett annat landskap dessutom. Utb\u00f6ling. Fr\u00e5n\u2026","rel":"","context":"In &quot;Betraktelser &amp; Ber\u00e4ttelse&quot;","block_context":{"text":"Betraktelser &amp; Ber\u00e4ttelse","link":"https:\/\/www.akehedman.se\/wordpress\/?cat=24"},"img":{"alt_text":"","src":"","width":0,"height":0},"classes":[]},{"id":18396,"url":"https:\/\/www.akehedman.se\/wordpress\/?p=18396","url_meta":{"origin":12394,"position":5},"title":"Att f\u00f6r\u00e4ndra v\u00e4rlden","author":"\u00c5ke Hedman","date":"2015-08-11","format":false,"excerpt":"Faxander p\u00e5 Sandvik f\u00e5r sparken. Det \u00e4r allts\u00e5 en bra dag. En st\u00f6rre f\u00f6rst\u00f6rare har Svensk industri aldrig sk\u00e5dat. Tyv\u00e4rr han han plocka ur sj\u00e4len ur Sandvik. De har en tuff resa f\u00f6r att \u00e5terta den, om det ens g\u00e5r. Flaggorna i topp idag allts\u00e5. Vi har blivit av med\u2026","rel":"","context":"In &quot;Betraktelser &amp; Ber\u00e4ttelse&quot;","block_context":{"text":"Betraktelser &amp; Ber\u00e4ttelse","link":"https:\/\/www.akehedman.se\/wordpress\/?cat=24"},"img":{"alt_text":"IMG_1169","src":"https:\/\/i0.wp.com\/www.akehedman.se\/wordpress\/wp-content\/uploads\/2015\/08\/IMG_1169-1024x768.jpg?resize=350%2C200","width":350,"height":200,"srcset":"https:\/\/i0.wp.com\/www.akehedman.se\/wordpress\/wp-content\/uploads\/2015\/08\/IMG_1169-1024x768.jpg?resize=350%2C200 1x, https:\/\/i0.wp.com\/www.akehedman.se\/wordpress\/wp-content\/uploads\/2015\/08\/IMG_1169-1024x768.jpg?resize=525%2C300 1.5x"},"classes":[]}],"jetpack_shortlink":"https:\/\/wp.me\/p68PL2-3dU","_links":{"self":[{"href":"https:\/\/www.akehedman.se\/wordpress\/index.php?rest_route=\/wp\/v2\/posts\/12394","targetHints":{"allow":["GET"]}}],"collection":[{"href":"https:\/\/www.akehedman.se\/wordpress\/index.php?rest_route=\/wp\/v2\/posts"}],"about":[{"href":"https:\/\/www.akehedman.se\/wordpress\/index.php?rest_route=\/wp\/v2\/types\/post"}],"author":[{"embeddable":true,"href":"https:\/\/www.akehedman.se\/wordpress\/index.php?rest_route=\/wp\/v2\/users\/24"}],"replies":[{"embeddable":true,"href":"https:\/\/www.akehedman.se\/wordpress\/index.php?rest_route=%2Fwp%2Fv2%2Fcomments&post=12394"}],"version-history":[{"count":2,"href":"https:\/\/www.akehedman.se\/wordpress\/index.php?rest_route=\/wp\/v2\/posts\/12394\/revisions"}],"predecessor-version":[{"id":12397,"href":"https:\/\/www.akehedman.se\/wordpress\/index.php?rest_route=\/wp\/v2\/posts\/12394\/revisions\/12397"}],"wp:attachment":[{"href":"https:\/\/www.akehedman.se\/wordpress\/index.php?rest_route=%2Fwp%2Fv2%2Fmedia&parent=12394"}],"wp:term":[{"taxonomy":"category","embeddable":true,"href":"https:\/\/www.akehedman.se\/wordpress\/index.php?rest_route=%2Fwp%2Fv2%2Fcategories&post=12394"},{"taxonomy":"post_tag","embeddable":true,"href":"https:\/\/www.akehedman.se\/wordpress\/index.php?rest_route=%2Fwp%2Fv2%2Ftags&post=12394"}],"curies":[{"name":"wp","href":"https:\/\/api.w.org\/{rel}","templated":true}]}}