{"id":12376,"date":"2014-03-07T18:06:18","date_gmt":"2014-03-07T17:06:18","guid":{"rendered":"http:\/\/www.eurosource.se\/akhe\/wordpress\/?p=12376"},"modified":"2014-03-07T18:33:26","modified_gmt":"2014-03-07T17:33:26","slug":"12376","status":"publish","type":"post","link":"https:\/\/www.akehedman.se\/wordpress\/?p=12376","title":{"rendered":"En hel or\u00f6rd helg fram\u00f6ver"},"content":{"rendered":"<p><a href=\"https:\/\/i0.wp.com\/www.eurosource.se\/akhe\/wordpress\/wp-content\/uploads\/2014\/03\/chips.jpg\"><img data-recalc-dims=\"1\" loading=\"lazy\" decoding=\"async\" src=\"https:\/\/i0.wp.com\/www.eurosource.se\/akhe\/wordpress\/wp-content\/uploads\/2014\/03\/chips.jpg?resize=275%2C183\" alt=\"chips\" width=\"275\" height=\"183\" class=\"alignnone size-full wp-image-12379\" \/><\/a><\/p>\n<p>Dagens plus \u00e4r sn\u00f6dropparna som tittat fram d\u00e4r de st\u00e5r mot v\u00e4ggen och tjuvar pelletsv\u00e4rme vid det stora gula huset p\u00e5 kullen. Lite f\u00f6rsiktigt st\u00e5r de d\u00e4r och g\u00f6r det med en sj\u00e4lvklarhet och uppnosighet mot allt och alla som bara en blommande v\u00e4xt kan uppvisa. De vet sin plats och har betalt arrendet f\u00f6r att f\u00e5 st\u00e5 just d\u00e4r som de f\u00f6rsta, alltid de f\u00f6rsta. Vintern \u00e4r inte \u00f6ver fast \u00e4n det ser s\u00e5 ut just nu. Vindarna beh\u00f6ver bara byta riktning s\u00e5 drar det kalla ner mot oss igen, och vi har \u00e5ter ishavets andedr\u00e4kt \u00f6ver oss, i oss, genom oss. Men det v\u00e4rsta \u00e4r \u00f6ver \u00e4nd\u00e5 s\u00e5h\u00e4r i mars och sn\u00f6dropparna har faktiskt, verkligen, helt sant, tittat fram den sjunde mars, man kan n\u00f6ja sig med det, leva p\u00e5 det, tills sn\u00f6n sm\u00e4lt och sjunkit ner i jorden eller porlande och forsande f\u00f6rts ut till t\u00f6rstande hav.<\/p>\n<p>Jag h\u00e5ller mig inne. Har gjort s\u00e5 sedan den f\u00f6rsta sn\u00f6n f\u00f6ll i oktober\/november. Sitter h\u00e4r i min bubbla fr\u00e5nskild fr\u00e5n v\u00e4rlden och ger mig bara ut h\u00e4rifr\u00e5n f\u00f6r att bunkra mat eller utf\u00f6ra andra \u00e4renden. L\u00e4ngtan att f\u00e5 g\u00e5 efter en av de k\u00e4nda skogsstigarna v\u00e4rker i mig och blundar jag s\u00e5 h\u00f6r jag kluckandet av vatten mot den favoritsten vid sj\u00f6n som jag s\u00e5 g\u00e4rna sl\u00e5r mig ner p\u00e5 och lyssnar in tystnaden som markerna omkring mig ger som g\u00e5va till oss. Tystnaden \u00e4r min broder, ensamheten min syster. Ensamhet som i &#8220;alone&#8221; och inte &#8220;lonesome&#8221;. Svenskan klarar inte av den d\u00e4r skillnaden s\u00e4rskilt bra. Fast den \u00e4r s\u00e5 tydlig. <\/p>\n<p>En l\u00e5ng vinter t\u00e4r och lockar fram den d\u00e4r l\u00e4ngtan ut i det levande. Visst \u00e4lskar jag att sitta h\u00e4r inne i bubblan med koder, l\u00f6dkolv och elektronikkretsar. Det \u00e4r mitt valda liv. Men det \u00e4r det konstgjorda som finns h\u00e4r och sk\u00e4rsk\u00e5dar jag just detta som jag allts\u00e5 lagt mitt liv p\u00e5, s\u00e5 saknar det helt v\u00e4rde. F\u00f6r mig liksom f\u00f6r andra. I skogen, efter stigen eller med blicken ut \u00f6ver sj\u00f6n ser jag den verkliga v\u00e4rlden. Fortfarande lika ensam s\u00e5klart, men nu liksom n\u00e4r jag befinner mig i bubblan i meningen &#8220;alone&#8221; inte &#8220;lonesome&#8221;. Jag \u00e4r inte en del av byn eller samh\u00e4llet jag bor i. S\u00e5 \u00e4r det, och det \u00e4r inte byns eller samh\u00e4llets fel att det \u00e4r s\u00e5. Man f\u00f6ds med det d\u00e4r i huvudet. Det \u00e4r som om man hade en syster som man v\u00e4xte upp tillsammans med i livmodern, eller f\u00f6re livmodern, som byggdes cell f\u00f6r cell liksom en sj\u00e4lv, men att man blev ensam kvar n\u00e4r det var dags att leva ett helt l\u00e5ngt liv. Ingen kom liksom sig f\u00f6r med att ocks\u00e5 plocka fram den d\u00e4r systern d\u00e4r inifr\u00e5n den d\u00e4r varma sk\u00f6na livsfabriken. D\u00e4rf\u00f6r var man var tvungen att leva livet med en st\u00e4ndig l\u00e4ngtan efter den d\u00e4r systern som efter hand som \u00e5ren g\u00e5tt, synes vara l\u00e4ngre och l\u00e4ngre bort fr\u00e5n mig som \u00e4r hennes bror, men som inte k\u00e4nner mindre saknad f\u00f6r att v\u00e5rt avst\u00e5nd och dimmorna \u00f6kat.<\/p>\n<p>Men det \u00e4r fredag. Film \u00e4r utsedd och soffa v\u00e4ntar h\u00e4r i bubblan. Mat ocks\u00e5 har det sagts mig f\u00f6re det d\u00e4r fredagsinsjunkandet. Jag somnar nog snart d\u00e4r i gr\u00f6n IKEA soffa. Den utslagnes s\u00f6mn, den l\u00e4ngtandes s\u00f6mn. Om nu inte filmen \u00e4r s\u00e5 bra att den inte g\u00e5r att somna ifr\u00e5n. Det h\u00e4nder ibland. Men allt f\u00f6r s\u00e4llan. Men jag tar det som det \u00e4r. Jag \u00e4r den jag \u00e4r. F\u00f6rs\u00f6ker inte pracka p\u00e5 mig som person p\u00e5 en endaste enda annan eller mina \u00e5sikter f\u00f6r den delen. Det som hatar hatar f\u00f6r de vill det. S\u00e5 \u00e4r det alltid. De har hatet i sig och blir jag m\u00e5ltavla d\u00e4r s\u00e5 m\u00e5 det s\u00e5 vara. Jag t\u00e4nker inte hata tillbaks f\u00f6r jag saknar hatet. Det \u00e4r ingen k\u00e4nsla f\u00f6r mig bara ett ord. Ocks\u00e5 en fredagskv\u00e4ll som denna n\u00e4r hela helgen ligger framf\u00f6r den som vill.<\/p>\n","protected":false},"excerpt":{"rendered":"<p>Dagens plus \u00e4r sn\u00f6dropparna som tittat fram d\u00e4r de st\u00e5r mot v\u00e4ggen och tjuvar pelletsv\u00e4rme vid det stora gula huset p\u00e5 kullen. Lite f\u00f6rsiktigt st\u00e5r de d\u00e4r och g\u00f6r det med en sj\u00e4lvklarhet och uppnosighet mot allt och alla som bara en blommande v\u00e4xt kan uppvisa. De vet sin plats och har betalt arrendet f\u00f6r [&hellip;]<\/p>\n","protected":false},"author":24,"featured_media":0,"comment_status":"open","ping_status":"open","sticky":false,"template":"","format":"standard","meta":{"_crdt_document":"","jetpack_post_was_ever_published":false,"_jetpack_newsletter_access":"","_jetpack_dont_email_post_to_subs":false,"_jetpack_newsletter_tier_id":0,"_jetpack_memberships_contains_paywalled_content":false,"_jetpack_memberships_contains_paid_content":false,"footnotes":"","jetpack_publicize_message":"","jetpack_publicize_feature_enabled":true,"jetpack_social_post_already_shared":true,"jetpack_social_options":{"image_generator_settings":{"template":"highway","default_image_id":0,"font":"","enabled":false},"version":2}},"categories":[24],"tags":[],"class_list":["post-12376","post","type-post","status-publish","format-standard","hentry","category-betraktelser"],"jetpack_publicize_connections":[],"jetpack_featured_media_url":"","jetpack_sharing_enabled":true,"jetpack_likes_enabled":true,"jetpack-related-posts":[{"id":6428,"url":"https:\/\/www.akehedman.se\/wordpress\/?p=6428","url_meta":{"origin":12376,"position":0},"title":"Vulkanutbrott och revolutioner","author":"\u00c5ke Hedman","date":"2013-04-05","format":false,"excerpt":"Klockan \u00e4r strax f\u00f6re tio. En helt vanlig Fredag. I alla fall h\u00e4r hos mig. Femte April. En halvmeter sn\u00f6 kvar. Barmarksfl\u00e4ckar inger hopp, liksom sn\u00f6dropparna som inte ger sig. Inte jag heller s\u00e5klart. Vi \u00e4r p\u00e5 v\u00e4g mot en tid med v\u00e4rme och \u00f6ppna hav. Varma ljumma smekande vindar\u2026","rel":"","context":"In &quot;Betraktelser &amp; Ber\u00e4ttelse&quot;","block_context":{"text":"Betraktelser &amp; Ber\u00e4ttelse","link":"https:\/\/www.akehedman.se\/wordpress\/?cat=24"},"img":{"alt_text":"vulkanutbrott_83862620_168477504","src":"https:\/\/i0.wp.com\/www.eurosource.se\/akhe\/wordpress\/wp-content\/uploads\/2013\/04\/vulkanutbrott_83862620_168477504.jpg?resize=350%2C200","width":350,"height":200},"classes":[]},{"id":15335,"url":"https:\/\/www.akehedman.se\/wordpress\/?p=15335","url_meta":{"origin":12376,"position":1},"title":"Gud hj\u00e4lpe oss svaga f\u00f6r \u00e4nnu en vinter.","author":"\u00c5ke Hedman","date":"2014-11-16","format":false,"excerpt":"Att vila \u00e4r sk\u00f6nt. I alla fall om man har en god bok. Och det \u00e4r helt klart en s\u00e5dan jag har. Man vaknar, \u00e4ter frukost, dricker te, plockar fram boken, \u00e5ker ner i soffan, l\u00e4ser tills man slumrar in. Vaknar, s\u00e4tter p\u00e5 kaffe, sjunker ner i soffan, l\u00e4ser tills\u2026","rel":"","context":"In &quot;Betraktelser &amp; Ber\u00e4ttelse&quot;","block_context":{"text":"Betraktelser &amp; Ber\u00e4ttelse","link":"https:\/\/www.akehedman.se\/wordpress\/?cat=24"},"img":{"alt_text":"i18476","src":"https:\/\/i0.wp.com\/www.eurosource.se\/akhe\/wordpress\/wp-content\/uploads\/2014\/11\/i18476.jpg?resize=350%2C200","width":350,"height":200,"srcset":"https:\/\/i0.wp.com\/www.eurosource.se\/akhe\/wordpress\/wp-content\/uploads\/2014\/11\/i18476.jpg?resize=350%2C200 1x, https:\/\/i0.wp.com\/www.eurosource.se\/akhe\/wordpress\/wp-content\/uploads\/2014\/11\/i18476.jpg?resize=525%2C300 1.5x"},"classes":[]},{"id":12694,"url":"https:\/\/www.akehedman.se\/wordpress\/?p=12694","url_meta":{"origin":12376,"position":2},"title":"Han sk\u00f6t sig in i evigheten p\u00e5 samma kontor","author":"\u00c5ke Hedman","date":"2014-04-04","format":false,"excerpt":"Jag ber om urs\u00e4kt, men jag m\u00e5r gott f\u00f6r det mesta. Ocks\u00e5 sj\u00e4lv eller ensam. \"Lonely\" men inte \"lonesome\". F\u00f6rn\u00f6jsamhet. Kan man vara n\u00f6jd fast man inte \u00e4r n\u00e5gon alls, har ett bankkonto som f\u00f6r det mesta \u00e4r tomt, st\u00e4ndigt l\u00e4ngtar bort, jobbar mer \u00e4n vad man borde. Kan man\u2026","rel":"","context":"In &quot;Betraktelser &amp; Ber\u00e4ttelse&quot;","block_context":{"text":"Betraktelser &amp; Ber\u00e4ttelse","link":"https:\/\/www.akehedman.se\/wordpress\/?cat=24"},"img":{"alt_text":"001","src":"https:\/\/i0.wp.com\/www.akehedman.se\/wordpress\/wp-content\/uploads\/2014\/04\/001-1024x768.jpg?resize=350%2C200","width":350,"height":200,"srcset":"https:\/\/i0.wp.com\/www.akehedman.se\/wordpress\/wp-content\/uploads\/2014\/04\/001-1024x768.jpg?resize=350%2C200 1x, https:\/\/i0.wp.com\/www.akehedman.se\/wordpress\/wp-content\/uploads\/2014\/04\/001-1024x768.jpg?resize=525%2C300 1.5x"},"classes":[]},{"id":42345,"url":"https:\/\/www.akehedman.se\/wordpress\/?p=42345","url_meta":{"origin":12376,"position":3},"title":"En vandrare","author":"\u00c5ke Hedman","date":"2022-07-27","format":false,"excerpt":"Jag vandrar runt p\u00e5 \"min\" kulle. Det \u00e4r \u00e4nd\u00e5 r\u00e4tt behagligt i solen trotts sexton grader. \"min\" \u00e4r s\u00e5klart bara ett s\u00e4tt att se p\u00e5 det. Andra kallar kullen \"sin\" dom ocks\u00e5. Ja och ingen av oss kan v\u00e4l \u00e4ga kullen annat \u00e4n som i en text p\u00e5 ett papper.\u2026","rel":"","context":"In &quot;Swedish&quot;","block_context":{"text":"Swedish","link":"https:\/\/www.akehedman.se\/wordpress\/?cat=2"},"img":{"alt_text":"","src":"https:\/\/i0.wp.com\/www.akehedman.se\/wordpress\/wp-content\/uploads\/2022\/07\/IMG_20220717_175108-scaled.jpg?resize=350%2C200&ssl=1","width":350,"height":200,"srcset":"https:\/\/i0.wp.com\/www.akehedman.se\/wordpress\/wp-content\/uploads\/2022\/07\/IMG_20220717_175108-scaled.jpg?resize=350%2C200&ssl=1 1x, https:\/\/i0.wp.com\/www.akehedman.se\/wordpress\/wp-content\/uploads\/2022\/07\/IMG_20220717_175108-scaled.jpg?resize=525%2C300&ssl=1 1.5x, https:\/\/i0.wp.com\/www.akehedman.se\/wordpress\/wp-content\/uploads\/2022\/07\/IMG_20220717_175108-scaled.jpg?resize=700%2C400&ssl=1 2x, https:\/\/i0.wp.com\/www.akehedman.se\/wordpress\/wp-content\/uploads\/2022\/07\/IMG_20220717_175108-scaled.jpg?resize=1050%2C600&ssl=1 3x, https:\/\/i0.wp.com\/www.akehedman.se\/wordpress\/wp-content\/uploads\/2022\/07\/IMG_20220717_175108-scaled.jpg?resize=1400%2C800&ssl=1 4x"},"classes":[]},{"id":3311,"url":"https:\/\/www.akehedman.se\/wordpress\/?p=3311","url_meta":{"origin":12376,"position":4},"title":"Studiohelg!","author":"\u00c5ke Hedman","date":"2013-02-22","format":false,"excerpt":"Det kom fram lite asfalt h\u00e4r i Los idag. S\u00e5nt gl\u00e4djer den h\u00e4r tiden. H\u00f6rde att ungarna i skolskjutsen hade jublat n\u00e4r dom h\u00f6rde ljudet av dubbd\u00e4ck mot asfalt. Inte bara jag allts\u00e5 som l\u00e4ngtar och hoppas att vintern skall ta slut. Men det \u00e4r Vasalopp n\u00e4sta s\u00f6ndag. Mentalt v\u00e4nder\u2026","rel":"","context":"In &quot;Betraktelser &amp; Ber\u00e4ttelse&quot;","block_context":{"text":"Betraktelser &amp; Ber\u00e4ttelse","link":"https:\/\/www.akehedman.se\/wordpress\/?cat=24"},"img":{"alt_text":"mixerbord","src":"https:\/\/i0.wp.com\/www.eurosource.se\/akhe\/wordpress\/wp-content\/uploads\/2013\/02\/mixerbord.jpg?resize=350%2C200","width":350,"height":200},"classes":[]},{"id":7875,"url":"https:\/\/www.akehedman.se\/wordpress\/?p=7875","url_meta":{"origin":12376,"position":5},"title":"H\u00e4ng med.","author":"\u00c5ke Hedman","date":"2013-07-10","format":false,"excerpt":"Tjena bruden. Det \u00e4r jag som \u00e4r apan. Ja jag kallas s\u00e5. Har n\u00e4stan alltid hettat apan. Med litet \"a\" inte stort. Litet \"a\" d\u00e4rf\u00f6r att jag faktiskt verkligen \u00e4r s\u00e5 obetydlig som ett lite \"a\" tydligt utpekar. S\u00e5dana som jag blev sist valda till fotbollslaget. Men vi brydde oss\u2026","rel":"","context":"In &quot;Betraktelser &amp; Ber\u00e4ttelse&quot;","block_context":{"text":"Betraktelser &amp; Ber\u00e4ttelse","link":"https:\/\/www.akehedman.se\/wordpress\/?cat=24"},"img":{"alt_text":"2012112881755871830480_sbig","src":"https:\/\/i0.wp.com\/www.eurosource.se\/akhe\/wordpress\/wp-content\/uploads\/2013\/07\/2012112881755871830480_sbig.jpg?resize=350%2C200","width":350,"height":200},"classes":[]}],"jetpack_shortlink":"https:\/\/wp.me\/s68PL2-12376","_links":{"self":[{"href":"https:\/\/www.akehedman.se\/wordpress\/index.php?rest_route=\/wp\/v2\/posts\/12376","targetHints":{"allow":["GET"]}}],"collection":[{"href":"https:\/\/www.akehedman.se\/wordpress\/index.php?rest_route=\/wp\/v2\/posts"}],"about":[{"href":"https:\/\/www.akehedman.se\/wordpress\/index.php?rest_route=\/wp\/v2\/types\/post"}],"author":[{"embeddable":true,"href":"https:\/\/www.akehedman.se\/wordpress\/index.php?rest_route=\/wp\/v2\/users\/24"}],"replies":[{"embeddable":true,"href":"https:\/\/www.akehedman.se\/wordpress\/index.php?rest_route=%2Fwp%2Fv2%2Fcomments&post=12376"}],"version-history":[{"count":3,"href":"https:\/\/www.akehedman.se\/wordpress\/index.php?rest_route=\/wp\/v2\/posts\/12376\/revisions"}],"predecessor-version":[{"id":12380,"href":"https:\/\/www.akehedman.se\/wordpress\/index.php?rest_route=\/wp\/v2\/posts\/12376\/revisions\/12380"}],"wp:attachment":[{"href":"https:\/\/www.akehedman.se\/wordpress\/index.php?rest_route=%2Fwp%2Fv2%2Fmedia&parent=12376"}],"wp:term":[{"taxonomy":"category","embeddable":true,"href":"https:\/\/www.akehedman.se\/wordpress\/index.php?rest_route=%2Fwp%2Fv2%2Fcategories&post=12376"},{"taxonomy":"post_tag","embeddable":true,"href":"https:\/\/www.akehedman.se\/wordpress\/index.php?rest_route=%2Fwp%2Fv2%2Ftags&post=12376"}],"curies":[{"name":"wp","href":"https:\/\/api.w.org\/{rel}","templated":true}]}}