{"id":12343,"date":"2014-03-05T16:14:21","date_gmt":"2014-03-05T15:14:21","guid":{"rendered":"http:\/\/www.eurosource.se\/akhe\/wordpress\/?p=12343"},"modified":"2014-03-05T16:14:21","modified_gmt":"2014-03-05T15:14:21","slug":"sa-har-later-svenska-hor-tjejen-som-ar-grym-pa-att-harma-varldens-alla-sprak-veckorevyn","status":"publish","type":"post","link":"https:\/\/www.akehedman.se\/wordpress\/?p=12343","title":{"rendered":"S\u00e5 h\u00e4r l\u00e5ter svenska &#8211; h\u00f6r tjejen som \u00e4r grym p\u00e5 att h\u00e4rma v\u00e4rldens alla spr\u00e5k &#8211; Veckorevyn"},"content":{"rendered":"<p><a href='http:\/\/www.veckorevyn.com\/LOL\/Sa-har-later-svenska'>S\u00e5 h\u00e4r l\u00e5ter svenska &#8211; h\u00f6r tjejen som \u00e4r grym p\u00e5 att h\u00e4rma v\u00e4rldens alla spr\u00e5k &#8211; Veckorevyn<\/a>.<\/p>\n","protected":false},"excerpt":{"rendered":"<p>S\u00e5 h\u00e4r l\u00e5ter svenska &#8211; h\u00f6r tjejen som \u00e4r grym p\u00e5 att h\u00e4rma v\u00e4rldens alla spr\u00e5k &#8211; Veckorevyn.<\/p>\n","protected":false},"author":24,"featured_media":0,"comment_status":"open","ping_status":"open","sticky":false,"template":"","format":"standard","meta":{"_crdt_document":"","jetpack_post_was_ever_published":false,"_jetpack_newsletter_access":"","_jetpack_dont_email_post_to_subs":false,"_jetpack_newsletter_tier_id":0,"_jetpack_memberships_contains_paywalled_content":false,"_jetpack_memberships_contains_paid_content":false,"footnotes":"","jetpack_publicize_message":"","jetpack_publicize_feature_enabled":true,"jetpack_social_post_already_shared":true,"jetpack_social_options":{"image_generator_settings":{"template":"highway","default_image_id":0,"font":"","enabled":false},"version":2}},"categories":[2],"tags":[],"class_list":["post-12343","post","type-post","status-publish","format-standard","hentry","category-swedish"],"jetpack_publicize_connections":[],"jetpack_featured_media_url":"","jetpack_sharing_enabled":true,"jetpack_likes_enabled":true,"jetpack-related-posts":[{"id":8907,"url":"https:\/\/www.akehedman.se\/wordpress\/?p=8907","url_meta":{"origin":12343,"position":0},"title":"Flygkrasch p\u00e5 berget","author":"\u00c5ke Hedman","date":"2013-08-25","format":false,"excerpt":"F\u00f6r en liten stund sedan st\u00f6rtade ett Cessna h\u00e4r utanf\u00f6r p\u00e5 berget. Det blev en j\u00e4vla sm\u00e4ll s\u00e5 att hela berget skakade och efterf\u00f6ljande eldsv\u00e5da n\u00e4r flygfotogenet tog eld. Turligt nog s\u00e5 klarade sig piloten, en ung tjugofem\u00e5rig tjej, med bara mindre blessyrer och ett brutet ben. Hon hoppade helt\u2026","rel":"","context":"In &quot;Betraktelser &amp; Ber\u00e4ttelse&quot;","block_context":{"text":"Betraktelser &amp; Ber\u00e4ttelse","link":"https:\/\/www.akehedman.se\/wordpress\/?cat=24"},"img":{"alt_text":"secondColumn","src":"https:\/\/i0.wp.com\/www.eurosource.se\/akhe\/wordpress\/wp-content\/uploads\/2013\/08\/secondColumn.jpg?resize=350%2C200","width":350,"height":200,"srcset":"https:\/\/i0.wp.com\/www.eurosource.se\/akhe\/wordpress\/wp-content\/uploads\/2013\/08\/secondColumn.jpg?resize=350%2C200 1x, https:\/\/i0.wp.com\/www.eurosource.se\/akhe\/wordpress\/wp-content\/uploads\/2013\/08\/secondColumn.jpg?resize=525%2C300 1.5x"},"classes":[]},{"id":2799,"url":"https:\/\/www.akehedman.se\/wordpress\/?p=2799","url_meta":{"origin":12343,"position":1},"title":"Vinyl och Jesus.","author":"\u00c5ke Hedman","date":"2013-01-28","format":false,"excerpt":"Det \u00e4r med vinylskivor som med Jesus. Jesus pratar om k\u00e4rleken och Gud men m\u00e4nniskorna gl\u00f6mmer s\u00e5klart allt det d\u00e4r pratet om k\u00e4rlek och hyllar Jesus och hans mamma och lite annat folk runt omkring honom ist\u00e4llet. Skapar avgudar i form av symbolen Jesus p\u00e5 Korset som man kallar konstverk\u2026","rel":"","context":"In &quot;Betraktelser &amp; Ber\u00e4ttelse&quot;","block_context":{"text":"Betraktelser &amp; Ber\u00e4ttelse","link":"https:\/\/www.akehedman.se\/wordpress\/?cat=24"},"img":{"alt_text":"jesus","src":"https:\/\/i0.wp.com\/www.eurosource.se\/akhe\/wordpress\/wp-content\/uploads\/2013\/01\/jesus.jpg?resize=350%2C200","width":350,"height":200},"classes":[]},{"id":26866,"url":"https:\/\/www.akehedman.se\/wordpress\/?p=26866","url_meta":{"origin":12343,"position":2},"title":"L\u00e5tsassjuk","author":"\u00c5ke Hedman","date":"2018-01-29","format":false,"excerpt":"\u00c4gnar helgen \u00e5t att vara sjuk. Influensa tror jag. M\u00f6jligen \u00e4r det bara latmasken i mig\u00a0 som kryper upp till ytan och visar sitt sl\u00f6a tryne. Det \u00e4r ju nu egentligen bara rimligt att jag \u00e4r l\u00e5tsassjuk. Hur-som-helst tillbringar jag helgen p\u00e5 soffan. Sover mest. Men l\u00e4ser lite d\u00e4remellan. \u00c4r\u2026","rel":"","context":"In &quot;Betraktelser &amp; Ber\u00e4ttelse&quot;","block_context":{"text":"Betraktelser &amp; Ber\u00e4ttelse","link":"https:\/\/www.akehedman.se\/wordpress\/?cat=24"},"img":{"alt_text":"","src":"https:\/\/i0.wp.com\/www.akehedman.se\/wordpress\/wp-content\/uploads\/2018\/01\/IMG_20180129_100158312-1024x576.jpg?resize=350%2C200","width":350,"height":200,"srcset":"https:\/\/i0.wp.com\/www.akehedman.se\/wordpress\/wp-content\/uploads\/2018\/01\/IMG_20180129_100158312-1024x576.jpg?resize=350%2C200 1x, https:\/\/i0.wp.com\/www.akehedman.se\/wordpress\/wp-content\/uploads\/2018\/01\/IMG_20180129_100158312-1024x576.jpg?resize=525%2C300 1.5x"},"classes":[]},{"id":22905,"url":"https:\/\/www.akehedman.se\/wordpress\/?p=22905","url_meta":{"origin":12343,"position":3},"title":"En cello och d\u00f6den","author":"\u00c5ke Hedman","date":"2017-01-17","format":false,"excerpt":"En cellist som tar samma ton rej\u00e4lt falskt vid varje passage f\u00e5r de att sk\u00e4ra sig i mig som om kockknivar strimlade huden p\u00e5 mina armar och g\u00f6r det o\u00e4ndligt l\u00e5ngsamt och jag f\u00f6rbannar ett absolut geh\u00f6r. Det \u00e4r inget litet felspel (eller \u00e4r det en felst\u00e4md str\u00e4ng?) och hon\u2026","rel":"","context":"In &quot;Betraktelser &amp; Ber\u00e4ttelse&quot;","block_context":{"text":"Betraktelser &amp; Ber\u00e4ttelse","link":"https:\/\/www.akehedman.se\/wordpress\/?cat=24"},"img":{"alt_text":"","src":"","width":0,"height":0},"classes":[]},{"id":9091,"url":"https:\/\/www.akehedman.se\/wordpress\/?p=9091","url_meta":{"origin":12343,"position":4},"title":"Esperantof\u00f6rbundet &#8211; Ett spr\u00e5k f\u00f6r att knyta ihop hela v\u00e4rlden.","author":"\u00c5ke Hedman","date":"2013-08-29","format":false,"excerpt":"Esperantof\u00f6rbundet - Ett spr\u00e5k f\u00f6r att knyta ihop hela v\u00e4rlden.. Den d\u00e4r Esperantoboken som har legat d\u00e4r i s\u00e5 m\u00e5nga \u00e5r borde man kanske leta upp igen...","rel":"","context":"In &quot;Swedish&quot;","block_context":{"text":"Swedish","link":"https:\/\/www.akehedman.se\/wordpress\/?cat=2"},"img":{"alt_text":"","src":"","width":0,"height":0},"classes":[]},{"id":7969,"url":"https:\/\/www.akehedman.se\/wordpress\/?p=7969","url_meta":{"origin":12343,"position":5},"title":"Tvivel \u00e4r nog ganska bra \u00e4nd\u00e5.","author":"\u00c5ke Hedman","date":"2013-07-16","format":false,"excerpt":"Jag har mina dagar av tvivel jag med. Det skall villigt erk\u00e4nnas. Har man jobbat mer eller mindre kontinuerligt med n\u00e5got under tretton \u00e5r s\u00e5 \u00e4r man antagligen bara en kn\u00e4ppskalle. En s\u00e5n d\u00e4r som Filip och Fredrik s\u00f6ker upp d\u00e4r p\u00e5 femman. De kommer v\u00e4l snart hitfarandes f\u00f6rresten r\u00e4tt\u2026","rel":"","context":"In &quot;Betraktelser &amp; Ber\u00e4ttelse&quot;","block_context":{"text":"Betraktelser &amp; Ber\u00e4ttelse","link":"https:\/\/www.akehedman.se\/wordpress\/?cat=24"},"img":{"alt_text":"renessans","src":"https:\/\/i0.wp.com\/www.eurosource.se\/akhe\/wordpress\/wp-content\/uploads\/2013\/07\/renessans.jpg?resize=350%2C200","width":350,"height":200},"classes":[]}],"jetpack_shortlink":"https:\/\/wp.me\/p68PL2-3d5","_links":{"self":[{"href":"https:\/\/www.akehedman.se\/wordpress\/index.php?rest_route=\/wp\/v2\/posts\/12343","targetHints":{"allow":["GET"]}}],"collection":[{"href":"https:\/\/www.akehedman.se\/wordpress\/index.php?rest_route=\/wp\/v2\/posts"}],"about":[{"href":"https:\/\/www.akehedman.se\/wordpress\/index.php?rest_route=\/wp\/v2\/types\/post"}],"author":[{"embeddable":true,"href":"https:\/\/www.akehedman.se\/wordpress\/index.php?rest_route=\/wp\/v2\/users\/24"}],"replies":[{"embeddable":true,"href":"https:\/\/www.akehedman.se\/wordpress\/index.php?rest_route=%2Fwp%2Fv2%2Fcomments&post=12343"}],"version-history":[{"count":1,"href":"https:\/\/www.akehedman.se\/wordpress\/index.php?rest_route=\/wp\/v2\/posts\/12343\/revisions"}],"predecessor-version":[{"id":12344,"href":"https:\/\/www.akehedman.se\/wordpress\/index.php?rest_route=\/wp\/v2\/posts\/12343\/revisions\/12344"}],"wp:attachment":[{"href":"https:\/\/www.akehedman.se\/wordpress\/index.php?rest_route=%2Fwp%2Fv2%2Fmedia&parent=12343"}],"wp:term":[{"taxonomy":"category","embeddable":true,"href":"https:\/\/www.akehedman.se\/wordpress\/index.php?rest_route=%2Fwp%2Fv2%2Fcategories&post=12343"},{"taxonomy":"post_tag","embeddable":true,"href":"https:\/\/www.akehedman.se\/wordpress\/index.php?rest_route=%2Fwp%2Fv2%2Ftags&post=12343"}],"curies":[{"name":"wp","href":"https:\/\/api.w.org\/{rel}","templated":true}]}}