{"id":12309,"date":"2014-03-04T20:54:03","date_gmt":"2014-03-04T19:54:03","guid":{"rendered":"http:\/\/www.eurosource.se\/akhe\/wordpress\/?p=12309"},"modified":"2014-03-04T20:58:45","modified_gmt":"2014-03-04T19:58:45","slug":"slarvig-och-snal","status":"publish","type":"post","link":"https:\/\/www.akehedman.se\/wordpress\/?p=12309","title":{"rendered":"Slarvig och sn\u00e5l!?"},"content":{"rendered":"<p><a href=\"https:\/\/i0.wp.com\/www.eurosource.se\/akhe\/wordpress\/wp-content\/uploads\/2014\/03\/stadshus.png\"><img data-recalc-dims=\"1\" loading=\"lazy\" decoding=\"async\" src=\"https:\/\/i0.wp.com\/www.eurosource.se\/akhe\/wordpress\/wp-content\/uploads\/2014\/03\/stadshus.png?resize=493%2C367\" alt=\"stadshus\" width=\"493\" height=\"367\" class=\"alignnone size-full wp-image-12310\" \/><\/a><\/p>\n<p>Bokar hotell i Bullshit City. Bekr\u00e4ftar. Skriver ut. Delat badrum. Shit! Avbokar. Bokar nytt hotell i Bullshit City . Bekr\u00e4ftar. Skriver ut. Shit! Delat Badrum. Bokar nytt hotell i Bullshit City. Bekr\u00e4ftar. Skriver ut&#8230; \u00c4nnu inget delat badrum uppt\u00e4ckt men skall kolla bokningen varenda dag fram till fritt avbokningsdatum f\u00f6r s\u00e4kerhetsskull.  Slarvig (och sn\u00e5l)! jag?<\/p>\n","protected":false},"excerpt":{"rendered":"<p>Bokar hotell i Bullshit City. Bekr\u00e4ftar. Skriver ut. Delat badrum. Shit! Avbokar. Bokar nytt hotell i Bullshit City . Bekr\u00e4ftar. Skriver ut. Shit! Delat Badrum. Bokar nytt hotell i Bullshit City. Bekr\u00e4ftar. Skriver ut&#8230; \u00c4nnu inget delat badrum uppt\u00e4ckt men skall kolla bokningen varenda dag fram till fritt avbokningsdatum f\u00f6r s\u00e4kerhetsskull. Slarvig (och sn\u00e5l)! jag?<\/p>\n","protected":false},"author":24,"featured_media":0,"comment_status":"open","ping_status":"open","sticky":false,"template":"","format":"standard","meta":{"_crdt_document":"","jetpack_post_was_ever_published":false,"_jetpack_newsletter_access":"","_jetpack_dont_email_post_to_subs":false,"_jetpack_newsletter_tier_id":0,"_jetpack_memberships_contains_paywalled_content":false,"_jetpack_memberships_contains_paid_content":false,"footnotes":"","jetpack_publicize_message":"","jetpack_publicize_feature_enabled":true,"jetpack_social_post_already_shared":true,"jetpack_social_options":{"image_generator_settings":{"template":"highway","default_image_id":0,"font":"","enabled":false},"version":2}},"categories":[2],"tags":[],"class_list":["post-12309","post","type-post","status-publish","format-standard","hentry","category-swedish"],"jetpack_publicize_connections":[],"jetpack_featured_media_url":"","jetpack_sharing_enabled":true,"jetpack_likes_enabled":true,"jetpack-related-posts":[{"id":51081,"url":"https:\/\/www.akehedman.se\/wordpress\/?p=51081","url_meta":{"origin":12309,"position":0},"title":"H\u00e5kan Hellstr\u00f6m bekr\u00e4ftar sommarturn\u00e9","author":"\u00c5ke Hedman","date":"2026-02-02","format":false,"excerpt":"8 augusti i G\u00e4vle. Ja varf\u00f6r inte!? Bara f\u00f6r att uppleva liksom. Ryktena st\u00e4mde. H\u00e5kan Hellstr\u00f6m ger sig ut p\u00e5 sin f\u00f6rsta sommarturn\u00e9 p\u00e5 tre \u00e5r. Source: H\u00e5kan Hellstr\u00f6m bekr\u00e4ftar sommarturn\u00e9","rel":"","context":"In &quot;Musik&quot;","block_context":{"text":"Musik","link":"https:\/\/www.akehedman.se\/wordpress\/?cat=9"},"img":{"alt_text":"","src":"","width":0,"height":0},"classes":[]},{"id":36774,"url":"https:\/\/www.akehedman.se\/wordpress\/?p=36774","url_meta":{"origin":12309,"position":1},"title":"Efter kritiken: P\u00e4r Sv\u00e4rdson bekr\u00e4ftar arbetsmilj\u00f6problem p\u00e5 Apotea","author":"\u00c5ke Hedman","date":"2020-11-12","format":false,"excerpt":"Apoteas lager i Morgong\u00e5va har stora arbetsmilj\u00f6problem. Detta enligt en serie artiklar i tidningen Dagens ETC. Det r\u00f6r sig bland annat om sexuella trakasserier och kollektiv bestraffning \u2013 och delar av historien bekr\u00e4ftas nu av ledningen. Source: Efter kritiken: P\u00e4r Sv\u00e4rdson bekr\u00e4ftar arbetsmilj\u00f6problem p\u00e5 Apotea","rel":"","context":"In &quot;Swedish&quot;","block_context":{"text":"Swedish","link":"https:\/\/www.akehedman.se\/wordpress\/?cat=2"},"img":{"alt_text":"","src":"","width":0,"height":0},"classes":[]},{"id":16837,"url":"https:\/\/www.akehedman.se\/wordpress\/?p=16837","url_meta":{"origin":12309,"position":2},"title":"Innan du bokar","author":"\u00c5ke Hedman","date":"2015-03-05","format":false,"excerpt":"Innan du bokar.","rel":"","context":"In &quot;Swedish&quot;","block_context":{"text":"Swedish","link":"https:\/\/www.akehedman.se\/wordpress\/?cat=2"},"img":{"alt_text":"","src":"","width":0,"height":0},"classes":[]},{"id":14800,"url":"https:\/\/www.akehedman.se\/wordpress\/?p=14800","url_meta":{"origin":12309,"position":3},"title":"K\u00e4llor bekr\u00e4ftar: Microsoft vill k\u00f6pa Mojang &#8211; IDG.se","author":"\u00c5ke Hedman","date":"2014-09-10","format":false,"excerpt":"K\u00e4llor bekr\u00e4ftar: Microsoft vill k\u00f6pa Mojang - IDG.se.","rel":"","context":"In &quot;Swedish&quot;","block_context":{"text":"Swedish","link":"https:\/\/www.akehedman.se\/wordpress\/?cat=2"},"img":{"alt_text":"","src":"","width":0,"height":0},"classes":[]},{"id":29021,"url":"https:\/\/www.akehedman.se\/wordpress\/?p=29021","url_meta":{"origin":12309,"position":4},"title":"J\u00e4ttestudien bekr\u00e4ftar: Folk som b\u00e4r glas\u00f6gon \u00e4r smartare","author":"\u00c5ke Hedman","date":"2018-06-21","format":false,"excerpt":"Det \u00e4r 30 procent h\u00f6gre sannolikhet att smarta personer b\u00e4r glas\u00f6gon \u2013 eller kontaktlinser f\u00f6r den delen. Det visar en studie av genetiken hos 300?000 individer. Source: J\u00e4ttestudien bekr\u00e4ftar: Folk som b\u00e4r glas\u00f6gon \u00e4r smartare Tur d\u00e5 att de flesta beh\u00f6ver glas\u00f6gon n\u00e4r de blir \u00e4ldre. Korrelera liksom.","rel":"","context":"In &quot;Swedish&quot;","block_context":{"text":"Swedish","link":"https:\/\/www.akehedman.se\/wordpress\/?cat=2"},"img":{"alt_text":"","src":"","width":0,"height":0},"classes":[]},{"id":31421,"url":"https:\/\/www.akehedman.se\/wordpress\/?p=31421","url_meta":{"origin":12309,"position":5},"title":"Charlie Granberg l\u00e4mnar Norra station i Ljusdal efter konflikter","author":"\u00c5ke Hedman","date":"2019-01-21","format":false,"excerpt":"Trist! Men Ljusdal i det s.k. n\u00f6tskalet tror jag. \u00a0 Artisten och konstn\u00e4ren Charlie Granberg har hastigt l\u00e4mnat galleriet Norra station i Ljusdal. Han bekr\u00e4ftar f\u00f6r SVT att det finns konflikter. Source: Charlie Granberg l\u00e4mnar Norra station i Ljusdal efter konflikter","rel":"","context":"In &quot;Konst&quot;","block_context":{"text":"Konst","link":"https:\/\/www.akehedman.se\/wordpress\/?cat=43"},"img":{"alt_text":"","src":"","width":0,"height":0},"classes":[]}],"jetpack_shortlink":"https:\/\/wp.me\/p68PL2-3cx","_links":{"self":[{"href":"https:\/\/www.akehedman.se\/wordpress\/index.php?rest_route=\/wp\/v2\/posts\/12309","targetHints":{"allow":["GET"]}}],"collection":[{"href":"https:\/\/www.akehedman.se\/wordpress\/index.php?rest_route=\/wp\/v2\/posts"}],"about":[{"href":"https:\/\/www.akehedman.se\/wordpress\/index.php?rest_route=\/wp\/v2\/types\/post"}],"author":[{"embeddable":true,"href":"https:\/\/www.akehedman.se\/wordpress\/index.php?rest_route=\/wp\/v2\/users\/24"}],"replies":[{"embeddable":true,"href":"https:\/\/www.akehedman.se\/wordpress\/index.php?rest_route=%2Fwp%2Fv2%2Fcomments&post=12309"}],"version-history":[{"count":2,"href":"https:\/\/www.akehedman.se\/wordpress\/index.php?rest_route=\/wp\/v2\/posts\/12309\/revisions"}],"predecessor-version":[{"id":12312,"href":"https:\/\/www.akehedman.se\/wordpress\/index.php?rest_route=\/wp\/v2\/posts\/12309\/revisions\/12312"}],"wp:attachment":[{"href":"https:\/\/www.akehedman.se\/wordpress\/index.php?rest_route=%2Fwp%2Fv2%2Fmedia&parent=12309"}],"wp:term":[{"taxonomy":"category","embeddable":true,"href":"https:\/\/www.akehedman.se\/wordpress\/index.php?rest_route=%2Fwp%2Fv2%2Fcategories&post=12309"},{"taxonomy":"post_tag","embeddable":true,"href":"https:\/\/www.akehedman.se\/wordpress\/index.php?rest_route=%2Fwp%2Fv2%2Ftags&post=12309"}],"curies":[{"name":"wp","href":"https:\/\/api.w.org\/{rel}","templated":true}]}}