{"id":12302,"date":"2014-03-04T20:41:39","date_gmt":"2014-03-04T19:41:39","guid":{"rendered":"http:\/\/www.eurosource.se\/akhe\/wordpress\/?p=12302"},"modified":"2014-03-04T20:41:39","modified_gmt":"2014-03-04T19:41:39","slug":"sverige-ar-innovationsledande-i-europa","status":"publish","type":"post","link":"https:\/\/www.akehedman.se\/wordpress\/?p=12302","title":{"rendered":"Sverige \u00e4r innovationsledande i Europa"},"content":{"rendered":"<p style=\"text-align: center;\"><a href=\"http:\/\/www.regeringen.se\/sb\/d\/4902\/a\/235431\"><img data-recalc-dims=\"1\" src=\"https:\/\/i0.wp.com\/www.eurosource.se\/akhe\/wordpress\/wp-content\/uploads\/2014\/03\/6f4165a0.png?w=580\" alt='' \/><\/a><\/p>\n<p><em>Slutsats: Vi har ocks\u00e5 en av Europas b\u00e4sta skolor. Innovation \u00e4r viktigare \u00e4n minneskonst.<\/em><\/p>\n<p><a href='http:\/\/www.regeringen.se\/sb\/d\/4902\/a\/235431'>Sverige \u00e4r innovationsledande i Europa<\/a>.<\/p>\n","protected":false},"excerpt":{"rendered":"<p>Slutsats: Vi har ocks\u00e5 en av Europas b\u00e4sta skolor. Innovation \u00e4r viktigare \u00e4n minneskonst. Sverige \u00e4r innovationsledande i Europa.<\/p>\n","protected":false},"author":24,"featured_media":0,"comment_status":"open","ping_status":"open","sticky":false,"template":"","format":"standard","meta":{"_crdt_document":"","jetpack_post_was_ever_published":false,"_jetpack_newsletter_access":"","_jetpack_dont_email_post_to_subs":false,"_jetpack_newsletter_tier_id":0,"_jetpack_memberships_contains_paywalled_content":false,"_jetpack_memberships_contains_paid_content":false,"footnotes":"","jetpack_publicize_message":"","jetpack_publicize_feature_enabled":true,"jetpack_social_post_already_shared":true,"jetpack_social_options":{"image_generator_settings":{"template":"highway","default_image_id":0,"font":"","enabled":false},"version":2}},"categories":[2],"tags":[],"class_list":["post-12302","post","type-post","status-publish","format-standard","hentry","category-swedish"],"jetpack_publicize_connections":[],"jetpack_featured_media_url":"","jetpack_sharing_enabled":true,"jetpack_likes_enabled":true,"jetpack-related-posts":[{"id":25179,"url":"https:\/\/www.akehedman.se\/wordpress\/?p=25179","url_meta":{"origin":12302,"position":0},"title":"Sveriges senaste klimatkatastrof &#8211; Stockholmsinitiativet &#8211; Klimatupplysningen","author":"\u00c5ke Hedman","date":"2017-08-29","format":false,"excerpt":"Med h\u00e4nvisning Den s\u00e4msta sommarhettan p\u00e5 155 \u00e5r som valsade runt ig\u00e5r. 1967-1969 d\u00e5? P\u00e5 grund av den otroligt sent ankomna sommaren blev s\u00e5dden v\u00e4ldigt f\u00f6rsenad. Och mycket av sk\u00f6rden blev sedan f\u00f6rst\u00f6rd under \u201dhalshuggarnatten\u201d den 2:a september 1867 d\u00e5 det var 7-8 minusgrader i stora delar av Norrland. Under\u2026","rel":"","context":"In &quot;Swedish&quot;","block_context":{"text":"Swedish","link":"https:\/\/www.akehedman.se\/wordpress\/?cat=2"},"img":{"alt_text":"","src":"","width":0,"height":0},"classes":[]},{"id":2015,"url":"https:\/\/www.akehedman.se\/wordpress\/?p=2015","url_meta":{"origin":12302,"position":1},"title":"Rankning: Sverige b\u00e4st p\u00e5 innovation i Europa \u2013 Metro","author":"\u00c5ke Hedman","date":"2012-11-21","format":false,"excerpt":"Rankning: Sverige b\u00e4st p\u00e5 innovation i Europa \u2013 Metro.","rel":"","context":"In &quot;Swedish&quot;","block_context":{"text":"Swedish","link":"https:\/\/www.akehedman.se\/wordpress\/?cat=2"},"img":{"alt_text":"","src":"","width":0,"height":0},"classes":[]},{"id":44914,"url":"https:\/\/www.akehedman.se\/wordpress\/?p=44914","url_meta":{"origin":12302,"position":2},"title":"Iller-snabbt","author":"\u00c5ke Hedman","date":"2023-04-26","format":false,"excerpt":"Korten \u00e4r n\u00e4stan klara d\u00e4r i Kina. Stencilen lika s\u00e5. En dag f\u00f6r tillverkning i princip. Ja lite natt ocks\u00e5. En j\u00e4vla fart. Gissar att grejerna \u00e4r packade och lastade p\u00e5 en FedEx-k\u00e4rra innan kv\u00e4llen. Sen skall detta leta sig igenom Franska strejker, sl\u00f6 hantering inom Sverige och \u00e4nnu sl\u00f6are\u2026","rel":"","context":"In &quot;Betraktelser &amp; Ber\u00e4ttelse&quot;","block_context":{"text":"Betraktelser &amp; Ber\u00e4ttelse","link":"https:\/\/www.akehedman.se\/wordpress\/?cat=24"},"img":{"alt_text":"","src":"https:\/\/i0.wp.com\/www.akehedman.se\/wordpress\/wp-content\/uploads\/2023\/04\/Screenshot-from-2023-04-24-11-54-29.png?resize=350%2C200&ssl=1","width":350,"height":200,"srcset":"https:\/\/i0.wp.com\/www.akehedman.se\/wordpress\/wp-content\/uploads\/2023\/04\/Screenshot-from-2023-04-24-11-54-29.png?resize=350%2C200&ssl=1 1x, https:\/\/i0.wp.com\/www.akehedman.se\/wordpress\/wp-content\/uploads\/2023\/04\/Screenshot-from-2023-04-24-11-54-29.png?resize=525%2C300&ssl=1 1.5x"},"classes":[]},{"id":39181,"url":"https:\/\/www.akehedman.se\/wordpress\/?p=39181","url_meta":{"origin":12302,"position":3},"title":"Sverige har de h\u00f6gst v\u00e4rderade teknikbolagen i Europa | Realtid.se &#8211; Kapitalmarknad, finansiering, strategiarbete &#038; fondf\u00f6rvaltning","author":"\u00c5ke Hedman","date":"2021-06-18","format":false,"excerpt":"Sverige \u00f6vertar f\u00f6rstaplatsen fr\u00e5n Storbritannien samtidigt som v\u00e4rdet av hela det europeiska ekosystemet f\u00f6r teknikbolag f\u00f6rdubblats de senaste 12 m\u00e5naderna, detta enligt en ny rapport fr\u00e5n GP Bullhound. Source: Sverige har de h\u00f6gst v\u00e4rderade teknikbolagen i Europa | Realtid.se - Kapitalmarknad, finansiering, strategiarbete & fondf\u00f6rvaltning","rel":"","context":"In &quot;F\u00f6retagande&quot;","block_context":{"text":"F\u00f6retagande","link":"https:\/\/www.akehedman.se\/wordpress\/?cat=28"},"img":{"alt_text":"","src":"","width":0,"height":0},"classes":[]},{"id":10702,"url":"https:\/\/www.akehedman.se\/wordpress\/?p=10702","url_meta":{"origin":12302,"position":4},"title":"Sverige \u00e4r innovativt \u2013 men vad kommer sen?","author":"\u00c5ke Hedman","date":"2013-11-01","format":false,"excerpt":"Man blir b\u00e5de stolt och oerh\u00f6rt bekymrad och deprimerad \u00f6ver landet Sverige! Sverige \u00e4r innovativt \u2013 men vad kommer sen?.","rel":"","context":"In &quot;F\u00f6retagande&quot;","block_context":{"text":"F\u00f6retagande","link":"https:\/\/www.akehedman.se\/wordpress\/?cat=28"},"img":{"alt_text":"","src":"","width":0,"height":0},"classes":[]},{"id":22471,"url":"https:\/\/www.akehedman.se\/wordpress\/?p=22471","url_meta":{"origin":12302,"position":5},"title":"Breakit &#8211; 29 techprofiler som platsar p\u00e5 listan \u00f6ver Sveriges miljard\u00e4rer","author":"\u00c5ke Hedman","date":"2016-12-08","format":false,"excerpt":"En gammal Edsbybo med p\u00e5 listan i\u00a0 alla fall. Det \u00e4r ju inte s\u00e5 d\u00e5ligt. Det finns 178 personer i Sverige som \u00e4r miljard\u00e4rer \u2013 29 av dessa \u00e4r digitala entrepren\u00f6rer och techinvesterare. Source: Breakit - 29 techprofiler som platsar p\u00e5 listan \u00f6ver Sveriges miljard\u00e4rer","rel":"","context":"In &quot;Swedish&quot;","block_context":{"text":"Swedish","link":"https:\/\/www.akehedman.se\/wordpress\/?cat=2"},"img":{"alt_text":"","src":"","width":0,"height":0},"classes":[]}],"jetpack_shortlink":"https:\/\/wp.me\/p68PL2-3cq","_links":{"self":[{"href":"https:\/\/www.akehedman.se\/wordpress\/index.php?rest_route=\/wp\/v2\/posts\/12302","targetHints":{"allow":["GET"]}}],"collection":[{"href":"https:\/\/www.akehedman.se\/wordpress\/index.php?rest_route=\/wp\/v2\/posts"}],"about":[{"href":"https:\/\/www.akehedman.se\/wordpress\/index.php?rest_route=\/wp\/v2\/types\/post"}],"author":[{"embeddable":true,"href":"https:\/\/www.akehedman.se\/wordpress\/index.php?rest_route=\/wp\/v2\/users\/24"}],"replies":[{"embeddable":true,"href":"https:\/\/www.akehedman.se\/wordpress\/index.php?rest_route=%2Fwp%2Fv2%2Fcomments&post=12302"}],"version-history":[{"count":1,"href":"https:\/\/www.akehedman.se\/wordpress\/index.php?rest_route=\/wp\/v2\/posts\/12302\/revisions"}],"predecessor-version":[{"id":12308,"href":"https:\/\/www.akehedman.se\/wordpress\/index.php?rest_route=\/wp\/v2\/posts\/12302\/revisions\/12308"}],"wp:attachment":[{"href":"https:\/\/www.akehedman.se\/wordpress\/index.php?rest_route=%2Fwp%2Fv2%2Fmedia&parent=12302"}],"wp:term":[{"taxonomy":"category","embeddable":true,"href":"https:\/\/www.akehedman.se\/wordpress\/index.php?rest_route=%2Fwp%2Fv2%2Fcategories&post=12302"},{"taxonomy":"post_tag","embeddable":true,"href":"https:\/\/www.akehedman.se\/wordpress\/index.php?rest_route=%2Fwp%2Fv2%2Ftags&post=12302"}],"curies":[{"name":"wp","href":"https:\/\/api.w.org\/{rel}","templated":true}]}}