{"id":11600,"date":"2014-01-08T09:10:45","date_gmt":"2014-01-08T08:10:45","guid":{"rendered":"http:\/\/www.eurosource.se\/akhe\/wordpress\/?p=11600"},"modified":"2015-10-29T14:30:35","modified_gmt":"2015-10-29T13:30:35","slug":"grodans-paradis","status":"publish","type":"post","link":"https:\/\/www.akehedman.se\/wordpress\/?p=11600","title":{"rendered":"Grodans Paradis"},"content":{"rendered":"<p><a href=\"https:\/\/i0.wp.com\/www.eurosource.se\/akhe\/wordpress\/wp-content\/uploads\/2014\/01\/automation_company.png\"><img data-recalc-dims=\"1\" loading=\"lazy\" decoding=\"async\" class=\"alignnone wp-image-11601 size-full\" src=\"https:\/\/i0.wp.com\/www.akehedman.se\/wordpress\/wp-content\/uploads\/2014\/01\/automation_company.png?resize=580%2C373\" alt=\"automation_company\" width=\"580\" height=\"373\" srcset=\"https:\/\/i0.wp.com\/www.akehedman.se\/wordpress\/wp-content\/uploads\/2014\/01\/automation_company.png?w=890&amp;ssl=1 890w, https:\/\/i0.wp.com\/www.akehedman.se\/wordpress\/wp-content\/uploads\/2014\/01\/automation_company.png?resize=300%2C192&amp;ssl=1 300w, https:\/\/i0.wp.com\/www.akehedman.se\/wordpress\/wp-content\/uploads\/2014\/01\/automation_company.png?resize=466%2C300&amp;ssl=1 466w\" sizes=\"auto, (max-width: 580px) 100vw, 580px\" \/><\/a><\/p>\n<p>Kyla p\u00e5 v\u00e4g in och jag v\u00e4lkomnar den tametusan. S\u00e5h\u00e4r kan vi ju inte ha det. Bl\u00f6tt. bl\u00f6tt, bl\u00f6tt och halka. Det hj\u00e4lper inte att vi just nu befinner oss i \u00e5rets avfallsm\u00e5nader, skr\u00e4pm\u00e5nader &#8211; skitm\u00e5nader utan v\u00e4rde. Det h\u00e4r \u00e4r tid att ta sig igenom p\u00e5 snabbast m\u00f6jliga s\u00e4tt. L\u00e4mna dem bakom sig utan minsta eftertanke eller reflektioner. Lite kyla beh\u00f6vs allts\u00e5. Fast inte f\u00f6r mycket, f\u00f6r d\u00e5 b\u00f6rjar jag klaga p\u00e5 den. Garanterat. Man vill klaga som m\u00e4nniska. Vi \u00e4r de gn\u00e4lligaste varelserna i universum vi m\u00e4nniskor. Faktum \u00e4r att utan oss m\u00e4nniskor s\u00e5 skulle universum bli 97.6% mer positivt, och d\u00e5 skall man vara medveten om att jag r\u00e4knar in samtliga civilisationer som n\u00e5tt h\u00f6gre \u00e4n oss samt de som inte kommit upp till v\u00e5r nyb\u00f6rjarniv\u00e5 \u00e4nnu och \u00e4ven de som finns i andra dimensioner och andra universum och liksom alla d\u00e5 som g\u00f6r anspr\u00e5k p\u00e5 att vara han\/hon\/det\/gud. Det finns n\u00e4mligen n\u00e5gra stycken av de senare. Men inte ens de &#8211; som \u00e4nd\u00e5 kan ses som upph\u00f6jda &#8211; klagar och gn\u00e4ller lika mycket som oss m\u00e4nniskor \u00e4ven om de kanske \u00e4r de som kommer n\u00e4rmast.<\/p>\n<p>Det \u00e4r svartmornar n\u00e4r man kliver upp, l\u00e4gg till det mentala dygnsklockor som \u00e4r fullst\u00e4ndigt osynkade. Man stapplar upp ur s\u00e4ngen i m\u00f6rkret efter att klockan ringt frenetiskt en bra stund och man kan f\u00f6r sitt liv inte lura ut hur man st\u00e4nger av den med tre procent p\u00e5kopplad hj\u00e4rna. Kl\u00e4derna som h\u00e4nger d\u00e4r p\u00e5 s\u00e4nggaveln \u00e4r om\u00f6jligt att f\u00e5 p\u00e5. Var \u00e4r den d\u00e4r f\u00f6rbannade lappen som visar vad som \u00e4r bak? Man k\u00e4nner, trevar och k\u00e4nner igen d\u00e4r i m\u00f6rkret, v\u00e4nder ut och in ett par g\u00e5nger p\u00e5 plagget innan man till slut f\u00e5r p\u00e5 sig den d\u00e4r tr\u00f6jan bak och fram lik f\u00f6rbaskat s\u00e5klart, men det m\u00e4rker man inte f\u00f6rr\u00e4n man g\u00f6r sin morgontoalett d\u00e4r inne i badrummet. \u00d6gon som \u00e4r som springor och verkligen inte t\u00e4nker \u00f6ppna sig till mer \u00e4n springor ens n\u00e4r frukost plockas fram. Gl\u00f6dlampor som sprider det som kallas varmvitt ljus \u00e4r alldeles f\u00f6r avskr\u00e4ckande f\u00f6r morgonk\u00e4nsliga \u00f6gon. Sticker och skjuter kantiga fotoner som g\u00f6r ont.<\/p>\n<p>Men man f\u00e5r i sig frukost till slut. Bara f\u00f6r att finna att man \u00e4r sist i duschk\u00f6n. Det \u00e4r en ju sju, \u00e5tta stycken f\u00f6re en fast \u00e4n familjen just f\u00f6r tillf\u00e4llet bara best\u00e5r av tre personer, d\u00e5 en sj\u00e4lv inr\u00e4knad. Men in kommer man till slut, n\u00e4r alla andra har rusat iv\u00e4g ut genom d\u00f6rrar och ner f\u00f6r trappor och farit iv\u00e4g till sitt. Man st\u00e5r d\u00e4r en stund och g\u00f6r slut p\u00e5 det sista varmvattnet. \u00d6gonen \u00e5ker upp en liten bit till efter bara n\u00e5gra minuter, men bara f\u00f6r att man f\u00e5r tv\u00e5l i dem och det svider s\u00e5 f\u00f6rbannat. Efter avklarad tvagning skall te bryggas och sen trappen ned till kontoret betr\u00e4das. D\u00e5 k\u00e4nns det pl\u00f6tsligt ok allt det h\u00e4r. Att f\u00e5 g\u00e5 ner till kontoret och h\u00e5lla p\u00e5 med det b\u00e4sta man vet. Ute i skitjanuari har det inte ens ljusnat n\u00e4r man \u00f6ppnar d\u00f6rren och sl\u00e5r p\u00e5 lyset i sina \u00e4lsklingslokaler. Men just d\u00e4r, precis d\u00e4r p\u00e5 tr\u00f6skeln kan man inte l\u00e5ta bli att le lite f\u00f6r sig sj\u00e4lv. Grodans Paradis. Japp. S\u00e5 \u00e4r det.<\/p>\n","protected":false},"excerpt":{"rendered":"<p>Kyla p\u00e5 v\u00e4g in och jag v\u00e4lkomnar den tametusan. S\u00e5h\u00e4r kan vi ju inte ha det. Bl\u00f6tt. bl\u00f6tt, bl\u00f6tt och halka. Det hj\u00e4lper inte att vi just nu befinner oss i \u00e5rets avfallsm\u00e5nader, skr\u00e4pm\u00e5nader &#8211; skitm\u00e5nader utan v\u00e4rde. Det h\u00e4r \u00e4r tid att ta sig igenom p\u00e5 snabbast m\u00f6jliga s\u00e4tt. L\u00e4mna dem bakom sig utan [&hellip;]<\/p>\n","protected":false},"author":24,"featured_media":0,"comment_status":"open","ping_status":"open","sticky":false,"template":"","format":"standard","meta":{"_crdt_document":"","jetpack_post_was_ever_published":false,"_jetpack_newsletter_access":"","_jetpack_dont_email_post_to_subs":false,"_jetpack_newsletter_tier_id":0,"_jetpack_memberships_contains_paywalled_content":false,"_jetpack_memberships_contains_paid_content":false,"footnotes":"","jetpack_publicize_message":"","jetpack_publicize_feature_enabled":true,"jetpack_social_post_already_shared":true,"jetpack_social_options":{"image_generator_settings":{"template":"highway","default_image_id":0,"font":"","enabled":false},"version":2}},"categories":[24],"tags":[],"class_list":["post-11600","post","type-post","status-publish","format-standard","hentry","category-betraktelser"],"jetpack_publicize_connections":[],"jetpack_featured_media_url":"","jetpack_sharing_enabled":true,"jetpack_likes_enabled":true,"jetpack-related-posts":[{"id":8963,"url":"https:\/\/www.akehedman.se\/wordpress\/?p=8963","url_meta":{"origin":11600,"position":0},"title":"&#8220;ditt \u00e4ckliga lilla svin&#8221;","author":"\u00c5ke Hedman","date":"2013-08-27","format":false,"excerpt":"\"ditt \u00e4ckliga lilla svin\" skriver en kille som avslutning p\u00e5 en tydlig invandrarfientlig text ig\u00e5r p\u00e5 fejjan, efter att den kvinnliga unga politikern delat en mycket underh\u00e5llande ordv\u00e4xling mellan SD och MP lokalt h\u00e4r i Ljusdal r\u00f6rande invandring. D\u00e5ligt omd\u00f6me och en man som \u00e4r arg. Man har h\u00f6rt om\u2026","rel":"","context":"In &quot;Betraktelser &amp; Ber\u00e4ttelse&quot;","block_context":{"text":"Betraktelser &amp; Ber\u00e4ttelse","link":"https:\/\/www.akehedman.se\/wordpress\/?cat=24"},"img":{"alt_text":"svin1_73346158","src":"https:\/\/i0.wp.com\/www.eurosource.se\/akhe\/wordpress\/wp-content\/uploads\/2013\/08\/svin1_73346158.jpg?resize=350%2C200","width":350,"height":200},"classes":[]},{"id":20450,"url":"https:\/\/www.akehedman.se\/wordpress\/?p=20450","url_meta":{"origin":11600,"position":1},"title":"Vad i helvete h\u00e5ller vi p\u00e5 med?","author":"\u00c5ke Hedman","date":"2016-05-20","format":false,"excerpt":"Bl\u00f6tt. Tyst. Morgon. En urdrucken tekopp. Elementet kn\u00e4pper lite. Jag st\u00f6djer inomhusklimatet med ett p\u00e5slaget elelement f\u00f6r att inte frysa nu under opelletss\u00e4song. Det kn\u00e4pper. Os\u00e4ker p\u00e5 vad det \u00e4r som kn\u00e4pper. Materialsp\u00e4nningar kanske. Eller ett elelements hj\u00e4rta. Men precis som en \u00f6ppen spis sprakande s\u00e5 kan ocks\u00e5 ett elelements\u2026","rel":"","context":"In &quot;Betraktelser &amp; Ber\u00e4ttelse&quot;","block_context":{"text":"Betraktelser &amp; Ber\u00e4ttelse","link":"https:\/\/www.akehedman.se\/wordpress\/?cat=24"},"img":{"alt_text":"europe-1024x1024","src":"https:\/\/i0.wp.com\/www.akehedman.se\/wordpress\/wp-content\/uploads\/2015\/12\/europe-1024x1024.jpg?resize=350%2C200","width":350,"height":200,"srcset":"https:\/\/i0.wp.com\/www.akehedman.se\/wordpress\/wp-content\/uploads\/2015\/12\/europe-1024x1024.jpg?resize=350%2C200 1x, https:\/\/i0.wp.com\/www.akehedman.se\/wordpress\/wp-content\/uploads\/2015\/12\/europe-1024x1024.jpg?resize=525%2C300 1.5x, https:\/\/i0.wp.com\/www.akehedman.se\/wordpress\/wp-content\/uploads\/2015\/12\/europe-1024x1024.jpg?resize=700%2C400 2x"},"classes":[]},{"id":21184,"url":"https:\/\/www.akehedman.se\/wordpress\/?p=21184","url_meta":{"origin":11600,"position":2},"title":"Carola","author":"\u00c5ke Hedman","date":"2016-08-10","format":false,"excerpt":"Jag fick en inbjudan till ett event f\u00f6r 60-plussare ig\u00e5r. Helvete liksom. Sv\u00e5rt att ta till sig. Jag har inget gemensamt med \"dom d\u00e4r\". Men det har jag s\u00e5klart. Jag har lika mycket gemensamt med \"dom d\u00e4r\" som alla de andra i 60-\u00e5rs \u00e5ldern.Det g\u00e5r inte att bortse ifr\u00e5n. Fast\u2026","rel":"","context":"In &quot;Betraktelser &amp; Ber\u00e4ttelse&quot;","block_context":{"text":"Betraktelser &amp; Ber\u00e4ttelse","link":"https:\/\/www.akehedman.se\/wordpress\/?cat=24"},"img":{"alt_text":"Screenshot from 2016-08-10 08:21:38","src":"https:\/\/i0.wp.com\/www.akehedman.se\/wordpress\/wp-content\/uploads\/2016\/08\/Screenshot-from-2016-08-10-082138.png?resize=350%2C200","width":350,"height":200},"classes":[]},{"id":15855,"url":"https:\/\/www.akehedman.se\/wordpress\/?p=15855","url_meta":{"origin":11600,"position":3},"title":"En julh\u00e4lsing fr\u00e5n stort gult hus p\u00e5 kulle i Los","author":"\u00c5ke Hedman","date":"2014-12-23","format":false,"excerpt":"Dan f\u00f6re julafton. Min enda oro den h\u00e4r morgonen \u00e4r att bilen inte startar. Jag lovar, jag har haft s\u00e4mre dagar f\u00f6re julafton. D\u00e5 n\u00e4r det inte funnits pengar till varseig mat eller leksaker till barnen men d\u00e4r det alltid p\u00e5 n\u00e5got outgrundligt vis och helt magiskt har l\u00f6st sig\u2026","rel":"","context":"In &quot;Betraktelser &amp; Ber\u00e4ttelse&quot;","block_context":{"text":"Betraktelser &amp; Ber\u00e4ttelse","link":"https:\/\/www.akehedman.se\/wordpress\/?cat=24"},"img":{"alt_text":"stearinljus","src":"https:\/\/i0.wp.com\/www.eurosource.se\/akhe\/wordpress\/wp-content\/uploads\/2012\/11\/stearinljus1.jpg?resize=350%2C200","width":350,"height":200},"classes":[]},{"id":42158,"url":"https:\/\/www.akehedman.se\/wordpress\/?p=42158","url_meta":{"origin":11600,"position":4},"title":"Dumheten och de tre korna","author":"\u00c5ke Hedman","date":"2022-06-26","format":false,"excerpt":"Fl\u00e4kten p\u00e5 en dator l\u00e5ter som om den harar allt vad sommar heter. Jag g\u00e5r in f\u00f6r att r\u00e4dda det som r\u00e4ddas g\u00e5r men d\u00e5 tystnar den. Det \u00e4r n\u00e5got med datorfl\u00e4ktar. Ibland verkar det som om de m\u00e5ste skrika ut sin besvikelse p\u00e5 livet. Varf\u00f6r de inte blev en\u2026","rel":"","context":"In &quot;Betraktelser &amp; Ber\u00e4ttelse&quot;","block_context":{"text":"Betraktelser &amp; Ber\u00e4ttelse","link":"https:\/\/www.akehedman.se\/wordpress\/?cat=24"},"img":{"alt_text":"","src":"https:\/\/i0.wp.com\/www.akehedman.se\/wordpress\/wp-content\/uploads\/2022\/06\/IMG_20220624_181953-scaled.jpg?resize=350%2C200&ssl=1","width":350,"height":200,"srcset":"https:\/\/i0.wp.com\/www.akehedman.se\/wordpress\/wp-content\/uploads\/2022\/06\/IMG_20220624_181953-scaled.jpg?resize=350%2C200&ssl=1 1x, https:\/\/i0.wp.com\/www.akehedman.se\/wordpress\/wp-content\/uploads\/2022\/06\/IMG_20220624_181953-scaled.jpg?resize=525%2C300&ssl=1 1.5x, https:\/\/i0.wp.com\/www.akehedman.se\/wordpress\/wp-content\/uploads\/2022\/06\/IMG_20220624_181953-scaled.jpg?resize=700%2C400&ssl=1 2x, https:\/\/i0.wp.com\/www.akehedman.se\/wordpress\/wp-content\/uploads\/2022\/06\/IMG_20220624_181953-scaled.jpg?resize=1050%2C600&ssl=1 3x, https:\/\/i0.wp.com\/www.akehedman.se\/wordpress\/wp-content\/uploads\/2022\/06\/IMG_20220624_181953-scaled.jpg?resize=1400%2C800&ssl=1 4x"},"classes":[]},{"id":21109,"url":"https:\/\/www.akehedman.se\/wordpress\/?p=21109","url_meta":{"origin":11600,"position":5},"title":"Min gud och &#8220;Det kommer nya grannar, kycklingar och mor\u00f6tter.&#8221;","author":"\u00c5ke Hedman","date":"2016-07-20","format":false,"excerpt":"Svenska kyrkan har en helsida i en av gratistidningarna som dimper ner h\u00e4r i l\u00e5dan med j\u00e4mna mellanrum. Eftersom vi inte har n\u00e5gon tidning (l\u00e4s Svenskan) f\u00f6r tillf\u00e4llet s\u00e5 l\u00e4ser jag allt som finns att l\u00e4sa just nu. Japp allts\u00e5 ocks\u00e5 Svenska kyrkans sida fast jag numera sedan l\u00e4nge inte\u2026","rel":"","context":"In &quot;Betraktelser &amp; Ber\u00e4ttelse&quot;","block_context":{"text":"Betraktelser &amp; Ber\u00e4ttelse","link":"https:\/\/www.akehedman.se\/wordpress\/?cat=24"},"img":{"alt_text":"gud-skapade-manniskan-1285149345","src":"https:\/\/i0.wp.com\/www.akehedman.se\/wordpress\/wp-content\/uploads\/2014\/01\/gud-skapade-manniskan-1285149345.jpg?resize=350%2C200","width":350,"height":200},"classes":[]}],"jetpack_shortlink":"https:\/\/wp.me\/p68PL2-316","_links":{"self":[{"href":"https:\/\/www.akehedman.se\/wordpress\/index.php?rest_route=\/wp\/v2\/posts\/11600","targetHints":{"allow":["GET"]}}],"collection":[{"href":"https:\/\/www.akehedman.se\/wordpress\/index.php?rest_route=\/wp\/v2\/posts"}],"about":[{"href":"https:\/\/www.akehedman.se\/wordpress\/index.php?rest_route=\/wp\/v2\/types\/post"}],"author":[{"embeddable":true,"href":"https:\/\/www.akehedman.se\/wordpress\/index.php?rest_route=\/wp\/v2\/users\/24"}],"replies":[{"embeddable":true,"href":"https:\/\/www.akehedman.se\/wordpress\/index.php?rest_route=%2Fwp%2Fv2%2Fcomments&post=11600"}],"version-history":[{"count":2,"href":"https:\/\/www.akehedman.se\/wordpress\/index.php?rest_route=\/wp\/v2\/posts\/11600\/revisions"}],"predecessor-version":[{"id":18907,"href":"https:\/\/www.akehedman.se\/wordpress\/index.php?rest_route=\/wp\/v2\/posts\/11600\/revisions\/18907"}],"wp:attachment":[{"href":"https:\/\/www.akehedman.se\/wordpress\/index.php?rest_route=%2Fwp%2Fv2%2Fmedia&parent=11600"}],"wp:term":[{"taxonomy":"category","embeddable":true,"href":"https:\/\/www.akehedman.se\/wordpress\/index.php?rest_route=%2Fwp%2Fv2%2Fcategories&post=11600"},{"taxonomy":"post_tag","embeddable":true,"href":"https:\/\/www.akehedman.se\/wordpress\/index.php?rest_route=%2Fwp%2Fv2%2Ftags&post=11600"}],"curies":[{"name":"wp","href":"https:\/\/api.w.org\/{rel}","templated":true}]}}