{"id":11587,"date":"2014-01-05T19:16:05","date_gmt":"2014-01-05T18:16:05","guid":{"rendered":"http:\/\/www.eurosource.se\/akhe\/wordpress\/?p=11587"},"modified":"2014-01-05T19:16:05","modified_gmt":"2014-01-05T18:16:05","slug":"skrammeltoppen-vecka-1","status":"publish","type":"post","link":"https:\/\/www.akehedman.se\/wordpress\/?p=11587","title":{"rendered":"Skrammeltoppen vecka 1"},"content":{"rendered":"<p><a href=\"https:\/\/i0.wp.com\/www.eurosource.se\/akhe\/wordpress\/wp-content\/uploads\/2014\/01\/2014-01-05-19-10-50.png\"><img data-recalc-dims=\"1\" loading=\"lazy\" decoding=\"async\" src=\"https:\/\/i0.wp.com\/www.eurosource.se\/akhe\/wordpress\/wp-content\/uploads\/2014\/01\/2014-01-05-19-10-50.png?resize=580%2C513\" alt=\"2014-01-05 19-10-50\" width=\"580\" height=\"513\" class=\"alignnone size-full wp-image-11588\" srcset=\"https:\/\/i0.wp.com\/www.akehedman.se\/wordpress\/wp-content\/uploads\/2014\/01\/2014-01-05-19-10-50.png?w=604&amp;ssl=1 604w, https:\/\/i0.wp.com\/www.akehedman.se\/wordpress\/wp-content\/uploads\/2014\/01\/2014-01-05-19-10-50.png?resize=300%2C265&amp;ssl=1 300w, https:\/\/i0.wp.com\/www.akehedman.se\/wordpress\/wp-content\/uploads\/2014\/01\/2014-01-05-19-10-50.png?resize=339%2C300&amp;ssl=1 339w\" sizes=\"auto, (max-width: 580px) 100vw, 580px\" \/><\/a><\/p>\n<p>S\u00e5 som det ser ut ser det ut. Inget att g\u00f6ra n\u00e5got \u00e5t. <a href=\"http:\/\/open.spotify.com\/track\/31fYFuVNNPiIdNHSQeRran\">H\u00e4lsingland <\/a>\u00e4r fortfarande d\u00e4r uppe och br\u00e5kar. Det \u00e4r en skam. Resten kan jag st\u00e5 f\u00f6r. Speciellt glad att <a href=\"http:\/\/open.spotify.com\/track\/2BtHaTe7enM2V9ye3dRQFA\">Nestor Nilsson<\/a> och <a href=\"http:\/\/open.spotify.com\/track\/5HtjS2ivC1GMNTQCdTcJCE\">Vackrast f\u00f6r mig<\/a> finns med eftersom de b\u00e5da betyder mycket f\u00f6r mig sj\u00e4lv.<\/p>\n<p>Lyssna <a href=\"http:\/\/open.spotify.com\/artist\/3UquCQf5zUwAdXkwlmWfA8\">h\u00e4r <\/a>som vanligt.<\/p>\n","protected":false},"excerpt":{"rendered":"<p>S\u00e5 som det ser ut ser det ut. Inget att g\u00f6ra n\u00e5got \u00e5t. H\u00e4lsingland \u00e4r fortfarande d\u00e4r uppe och br\u00e5kar. Det \u00e4r en skam. Resten kan jag st\u00e5 f\u00f6r. Speciellt glad att Nestor Nilsson och Vackrast f\u00f6r mig finns med eftersom de b\u00e5da betyder mycket f\u00f6r mig sj\u00e4lv. Lyssna h\u00e4r som vanligt.<\/p>\n","protected":false},"author":24,"featured_media":0,"comment_status":"open","ping_status":"open","sticky":false,"template":"","format":"standard","meta":{"_crdt_document":"","jetpack_post_was_ever_published":false,"_jetpack_newsletter_access":"","_jetpack_dont_email_post_to_subs":false,"_jetpack_newsletter_tier_id":0,"_jetpack_memberships_contains_paywalled_content":false,"_jetpack_memberships_contains_paid_content":false,"footnotes":"","jetpack_publicize_message":"","jetpack_publicize_feature_enabled":true,"jetpack_social_post_already_shared":true,"jetpack_social_options":{"image_generator_settings":{"template":"highway","default_image_id":0,"font":"","enabled":false},"version":2}},"categories":[9],"tags":[],"class_list":["post-11587","post","type-post","status-publish","format-standard","hentry","category-musik"],"jetpack_publicize_connections":[],"jetpack_featured_media_url":"","jetpack_sharing_enabled":true,"jetpack_likes_enabled":true,"jetpack-related-posts":[{"id":3258,"url":"https:\/\/www.akehedman.se\/wordpress\/?p=3258","url_meta":{"origin":11587,"position":0},"title":"S\u00e5 jag st\u00e5r d\u00e4r.","author":"\u00c5ke Hedman","date":"2013-02-21","format":false,"excerpt":"Jag best\u00e4mmer mig f\u00f6r att skippa l\u00e5tsasjobbet f\u00f6r kv\u00e4llen. Lungorna \u00e4r fortfarande inte vad de brukar och ikv\u00e4ll \u00e4r kroppen seg och huvudet snurrar. Det \u00e4r f\u00f6rkylningen som inte riktigt vill ge sig. N\u00e5ja, ingen bryr sig om jag skippar en kv\u00e4lls l\u00e5tsasjobb. S\u00e5 jag kokar lite te, h\u00e4mtar t\u00e4cket\u2026","rel":"","context":"In &quot;Betraktelser &amp; Ber\u00e4ttelse&quot;","block_context":{"text":"Betraktelser &amp; Ber\u00e4ttelse","link":"https:\/\/www.akehedman.se\/wordpress\/?cat=24"},"img":{"alt_text":"Full_Moon_Luc_Viatour","src":"https:\/\/i0.wp.com\/www.eurosource.se\/akhe\/wordpress\/wp-content\/uploads\/2013\/02\/Full_Moon_Luc_Viatour1.jpg?resize=350%2C200","width":350,"height":200},"classes":[]},{"id":12376,"url":"https:\/\/www.akehedman.se\/wordpress\/?p=12376","url_meta":{"origin":11587,"position":1},"title":"En hel or\u00f6rd helg fram\u00f6ver","author":"\u00c5ke Hedman","date":"2014-03-07","format":false,"excerpt":"Dagens plus \u00e4r sn\u00f6dropparna som tittat fram d\u00e4r de st\u00e5r mot v\u00e4ggen och tjuvar pelletsv\u00e4rme vid det stora gula huset p\u00e5 kullen. Lite f\u00f6rsiktigt st\u00e5r de d\u00e4r och g\u00f6r det med en sj\u00e4lvklarhet och uppnosighet mot allt och alla som bara en blommande v\u00e4xt kan uppvisa. De vet sin plats\u2026","rel":"","context":"In &quot;Betraktelser &amp; Ber\u00e4ttelse&quot;","block_context":{"text":"Betraktelser &amp; Ber\u00e4ttelse","link":"https:\/\/www.akehedman.se\/wordpress\/?cat=24"},"img":{"alt_text":"chips","src":"https:\/\/i0.wp.com\/www.eurosource.se\/akhe\/wordpress\/wp-content\/uploads\/2014\/03\/chips.jpg?resize=350%2C200","width":350,"height":200},"classes":[]},{"id":7830,"url":"https:\/\/www.akehedman.se\/wordpress\/?p=7830","url_meta":{"origin":11587,"position":2},"title":"Om havet inte fanns","author":"\u00c5ke Hedman","date":"2013-07-03","format":false,"excerpt":"Sv\u00e5rmod i sommaren? Nej det g\u00e5r ju inte. Jag har \u00f6ppna f\u00f6nster h\u00e4r p\u00e5 l\u00e5tsaskontoret. L\u00e5ter vindarna och dofterna och f\u00e5gels\u00e5ngen och l\u00e4ngtan ut bl\u00e5sa genom de gamla skollokalerna. F\u00f6r egentligen skall man ju inte sitta h\u00e4r n\u00e4r det underbara \u00e4r d\u00e4r ute och det inte g\u00e5r att finna ens\u2026","rel":"","context":"In &quot;Betraktelser &amp; Ber\u00e4ttelse&quot;","block_context":{"text":"Betraktelser &amp; Ber\u00e4ttelse","link":"https:\/\/www.akehedman.se\/wordpress\/?cat=24"},"img":{"alt_text":"IMG_20130703_154013","src":"https:\/\/i0.wp.com\/www.eurosource.se\/akhe\/wordpress\/wp-content\/uploads\/2013\/07\/IMG_20130703_154013-768x1024.jpg?resize=350%2C200","width":350,"height":200,"srcset":"https:\/\/i0.wp.com\/www.eurosource.se\/akhe\/wordpress\/wp-content\/uploads\/2013\/07\/IMG_20130703_154013-768x1024.jpg?resize=350%2C200 1x, https:\/\/i0.wp.com\/www.eurosource.se\/akhe\/wordpress\/wp-content\/uploads\/2013\/07\/IMG_20130703_154013-768x1024.jpg?resize=525%2C300 1.5x"},"classes":[]},{"id":10000,"url":"https:\/\/www.akehedman.se\/wordpress\/?p=10000","url_meta":{"origin":11587,"position":3},"title":"Johanna i studion idag.","author":"\u00c5ke Hedman","date":"2013-09-22","format":false,"excerpt":"Det \u00e4r o-ljusnatt i natt ocks\u00e5. Starkt fast \u00e4n m\u00e5nen bara \u00e4r i 85%. Men p\u00e5 morgonen kommer regnet. Ja vi sitter d\u00e4r och segar till det, s\u00e5 morgonen blir v\u00e4l inte f\u00f6rr\u00e4n vid tolvtiden om man skall g\u00e5 efter den normalt p\u00e5j\u00e4ktande klockan. Vi fastnar d\u00e4r i soffan ganska\u2026","rel":"","context":"In &quot;Betraktelser &amp; Ber\u00e4ttelse&quot;","block_context":{"text":"Betraktelser &amp; Ber\u00e4ttelse","link":"https:\/\/www.akehedman.se\/wordpress\/?cat=24"},"img":{"alt_text":"004","src":"https:\/\/i0.wp.com\/www.eurosource.se\/akhe\/wordpress\/wp-content\/uploads\/2013\/09\/004-1024x768.jpg?resize=350%2C200","width":350,"height":200,"srcset":"https:\/\/i0.wp.com\/www.eurosource.se\/akhe\/wordpress\/wp-content\/uploads\/2013\/09\/004-1024x768.jpg?resize=350%2C200 1x, https:\/\/i0.wp.com\/www.eurosource.se\/akhe\/wordpress\/wp-content\/uploads\/2013\/09\/004-1024x768.jpg?resize=525%2C300 1.5x"},"classes":[]},{"id":20058,"url":"https:\/\/www.akehedman.se\/wordpress\/?p=20058","url_meta":{"origin":11587,"position":4},"title":"&#8220;Varf\u00f6r inte jag?&#8221;","author":"\u00c5ke Hedman","date":"2016-03-31","format":false,"excerpt":"Jag g\u00e5r f\u00f6rbi de d\u00f6da och kan inte f\u00f6r mitt liv f\u00f6rst\u00e5 att han\/hon\/det\/gud l\u00e5ter mig leva n\u00e4r dom inte fick det.\u00a0 Tv\u00e5 av dem yngre \u00e4n mig. \u00c4lskade av m\u00e5nga. Kan inte l\u00e5ta bli att t\u00e4nka att det borde ha varit jag. Ist\u00e4llet. Om vi st\u00e5tt d\u00e4r tillsammans och\u2026","rel":"","context":"In &quot;Betraktelser &amp; Ber\u00e4ttelse&quot;","block_context":{"text":"Betraktelser &amp; Ber\u00e4ttelse","link":"https:\/\/www.akehedman.se\/wordpress\/?cat=24"},"img":{"alt_text":"2015-12-16_13-00-40","src":"https:\/\/i0.wp.com\/www.akehedman.se\/wordpress\/wp-content\/uploads\/2015\/12\/2015-12-16_13-00-40.png?resize=350%2C200","width":350,"height":200},"classes":[]},{"id":21637,"url":"https:\/\/www.akehedman.se\/wordpress\/?p=21637","url_meta":{"origin":11587,"position":5},"title":"Den f\u00f6rsta maj","author":"\u00c5ke Hedman","date":"2016-09-26","format":false,"excerpt":"Sol. Kanske v\u00e4rme. P\u00e5 v\u00e4g om inte annat. Det \u00e4r dags att plocka av sig. Kanske allts\u00e5. Dags att krypa ut. L\u00e4mna h\u00e5lan. Jod\u00e5, nog har v\u00e4rmen k\u00e4nts n\u00e5gra dagar tidigare ocks\u00e5. Men jag l\u00e5ter mig inte luras. Inte av den f\u00f6rsta fina dagen. Inte av den andra heller. De\u2026","rel":"","context":"In &quot;Betraktelser &amp; Ber\u00e4ttelse&quot;","block_context":{"text":"Betraktelser &amp; Ber\u00e4ttelse","link":"https:\/\/www.akehedman.se\/wordpress\/?cat=24"},"img":{"alt_text":"","src":"","width":0,"height":0},"classes":[]}],"jetpack_shortlink":"https:\/\/wp.me\/p68PL2-30T","_links":{"self":[{"href":"https:\/\/www.akehedman.se\/wordpress\/index.php?rest_route=\/wp\/v2\/posts\/11587","targetHints":{"allow":["GET"]}}],"collection":[{"href":"https:\/\/www.akehedman.se\/wordpress\/index.php?rest_route=\/wp\/v2\/posts"}],"about":[{"href":"https:\/\/www.akehedman.se\/wordpress\/index.php?rest_route=\/wp\/v2\/types\/post"}],"author":[{"embeddable":true,"href":"https:\/\/www.akehedman.se\/wordpress\/index.php?rest_route=\/wp\/v2\/users\/24"}],"replies":[{"embeddable":true,"href":"https:\/\/www.akehedman.se\/wordpress\/index.php?rest_route=%2Fwp%2Fv2%2Fcomments&post=11587"}],"version-history":[{"count":1,"href":"https:\/\/www.akehedman.se\/wordpress\/index.php?rest_route=\/wp\/v2\/posts\/11587\/revisions"}],"predecessor-version":[{"id":11589,"href":"https:\/\/www.akehedman.se\/wordpress\/index.php?rest_route=\/wp\/v2\/posts\/11587\/revisions\/11589"}],"wp:attachment":[{"href":"https:\/\/www.akehedman.se\/wordpress\/index.php?rest_route=%2Fwp%2Fv2%2Fmedia&parent=11587"}],"wp:term":[{"taxonomy":"category","embeddable":true,"href":"https:\/\/www.akehedman.se\/wordpress\/index.php?rest_route=%2Fwp%2Fv2%2Fcategories&post=11587"},{"taxonomy":"post_tag","embeddable":true,"href":"https:\/\/www.akehedman.se\/wordpress\/index.php?rest_route=%2Fwp%2Fv2%2Ftags&post=11587"}],"curies":[{"name":"wp","href":"https:\/\/api.w.org\/{rel}","templated":true}]}}