{"id":11050,"date":"2013-11-18T22:34:42","date_gmt":"2013-11-18T21:34:42","guid":{"rendered":"http:\/\/www.eurosource.se\/akhe\/wordpress\/?p=11050"},"modified":"2013-11-18T22:34:42","modified_gmt":"2013-11-18T21:34:42","slug":"varlden-ar-bra-orattvis","status":"publish","type":"post","link":"https:\/\/www.akehedman.se\/wordpress\/?p=11050","title":{"rendered":"V\u00e4rlden \u00e4r bra or\u00e4ttvis!"},"content":{"rendered":"<p><a href=\"https:\/\/i0.wp.com\/www.eurosource.se\/akhe\/wordpress\/wp-content\/uploads\/2013\/11\/IMG_20131118_125412.jpg\"><img data-recalc-dims=\"1\" loading=\"lazy\" decoding=\"async\" class=\"alignnone size-large wp-image-11051\" alt=\"IMG_20131118_125412\" src=\"https:\/\/i0.wp.com\/www.eurosource.se\/akhe\/wordpress\/wp-content\/uploads\/2013\/11\/IMG_20131118_125412-1024x768.jpg?resize=580%2C435\" width=\"580\" height=\"435\" srcset=\"https:\/\/i0.wp.com\/www.akehedman.se\/wordpress\/wp-content\/uploads\/2013\/11\/IMG_20131118_125412.jpg?resize=1024%2C768&amp;ssl=1 1024w, https:\/\/i0.wp.com\/www.akehedman.se\/wordpress\/wp-content\/uploads\/2013\/11\/IMG_20131118_125412.jpg?resize=300%2C225&amp;ssl=1 300w, https:\/\/i0.wp.com\/www.akehedman.se\/wordpress\/wp-content\/uploads\/2013\/11\/IMG_20131118_125412.jpg?resize=400%2C300&amp;ssl=1 400w, https:\/\/i0.wp.com\/www.akehedman.se\/wordpress\/wp-content\/uploads\/2013\/11\/IMG_20131118_125412.jpg?w=1160&amp;ssl=1 1160w, https:\/\/i0.wp.com\/www.akehedman.se\/wordpress\/wp-content\/uploads\/2013\/11\/IMG_20131118_125412.jpg?w=1740&amp;ssl=1 1740w\" sizes=\"auto, (max-width: 580px) 100vw, 580px\" \/><\/a><\/p>\n<p>Utpumpad efter att dels ha brassat ig\u00e5ng en ny plattform idag s\u00e5 att den i alla fall snurrar hj\u00e4lpligt och efter att ha jagat grannes m\u00f6rdarhund som \u00e4n en g\u00e5ng \u00e4r ute efter v\u00e5ra katter. Tredje g\u00e5ngen nu sen hon bet ihj\u00e4l v\u00e5r Tingeling i somras. Man vill ju s\u00e5 og\u00e4rna br\u00e5ka och blanda in polis eftersom man tror det r\u00e4cker att resonera om saker, men jag undrar om det inte \u00e4r den officiella v\u00e4gen som \u00e5terst\u00e5r nu hur tr\u00e5kigt det \u00e4n \u00e4r.<\/p>\n<p>Hundj\u00e4vlen tog allts\u00e5 bort en del av den gl\u00e4dje jag k\u00e4nde med den h\u00e4r dagen. Jag \u00e4lskar n\u00e4mligen det h\u00e4r att kasta mig in i ett nytt projekt d\u00e4r fr\u00e5getecknen bara sprutar ur huvudet. Det \u00e4r det jag lever f\u00f6r och den oerh\u00f6rda frustration jag k\u00e4nner n\u00e4r man fastnar som man ALLTID g\u00f6r n\u00e5gon g\u00e5ng i den inledande ig\u00e5ngk\u00f6rningen av en plattform. D\u00e5 n\u00e4r man m\u00e5ste bli s\u00e5d\u00e4r f\u00f6rbaskat systematisk s\u00e5 att man n\u00e4stan fungerar som en logisk maskin sj\u00e4lv. Anv\u00e4nda den vassaste kniv man har f\u00f6r att utesluta tills man hittar det som \u00e4r fel och sen tar n\u00e4sta och n\u00e4sta och n\u00e4sta tills det till slut fungerar. F\u00f6r det g\u00f6r det alltid till slut om man inte ger sig. D\u00e5 k\u00e4nns det gott. Moderna CPU&#8217;er har s\u00e5 m\u00e5nga register och m\u00f6jligheter att man fullkomligt dr\u00e4nks i information initialt. Min hj\u00e4rna \u00e4lskar det d\u00e4r. In med det bara ropar den. Mer, mer, mer. Mitt medvetna jag fattar inget av det d\u00e4r, men den d\u00e4r mer-ropande delen suger \u00e5t sig det d\u00e4r och ploppar ut n\u00e5got som \u00e4r mer organiserat lite l\u00e4ngre fram i tiden. Sj\u00e4lv r\u00f6r jag inte en fena, bara matar in. Man m\u00e5ste lite p\u00e5 sina bakgrundsprocesser. Fast tr\u00f6tt blir man. Maratonloppstr\u00f6tt fast det bara \u00e4r hj\u00e4rnan och n\u00e5gra fingrar som jobbat.<\/p>\n<p>I tidningen idag igen. Tomtens dagbok. Lite sk\u00e4mmigt s\u00e5d\u00e4r. Reportern hade f\u00e5tt tips sa han. Anar ju vem det \u00e4r&#8230; Jag tyckte inte det var n\u00e5got att skriva om men han insisterade efter som det l\u00e5g publikt ute och d\u00e5 f\u00e5r man v\u00e4l st\u00e5 f\u00f6r det man gjort. S\u00e5 det g\u00f6r jag ju d\u00e5. Alltid retar det v\u00e4l n\u00e5gon och gjort \u00e4r gjort. S\u00e4mre saker har v\u00e4l\u00a0 blivit uppm\u00e4rksammat i tidningen hursomhelst. Eller inte. Skit samma. Jag st\u00e5r f\u00f6r det jag g\u00f6r och det jag skriver.<\/p>\n<p>Det rivs annars f\u00f6rbaskat mycket h\u00e4r p\u00e5 kullen just f\u00f6r tillf\u00e4llet. Det gamla \u00e5lderdomshemmet har tj\u00e4nat ut. Det mesta av tr\u00e4byggnaderna \u00e4r\u00a0 borta nu. Det g\u00e5r fort f\u00f6r maskinerna att plocka ner det som tog l\u00e5ng tid att bygga upp. F\u00f6rr hade man v\u00e4l eldat upp hela rasket. Brand\u00f6vning brukade man visst kalla det. Nu skall f\u00e4rgerna och all annan skit ett hus inneh\u00e5ller hindras fr\u00e5n att g\u00e5 ut i luften. Vi har blivit lite vettigare i v\u00e5rt t\u00e4nk med \u00e5ren. Men \u00e5 andra sidan motsvarar v\u00e4l f\u00f6roreningen tre villor som oljeeldar s\u00e5 kanske har vi inte blivit vettigare heller om man funderar p\u00e5 det. Men vad vet jag? Man f\u00e5r lita p\u00e5 att de som \u00e4r mer insatt har t\u00e4nkt p\u00e5 det d\u00e4r. Ibland har de det, ibland inte. Blir v\u00e4l i alla fall v\u00e4rme i n\u00e5got fj\u00e4rrv\u00e4rmen\u00e4t och det \u00e4r ju i alla fall f\u00f6rbannat bra.<\/p>\n<p>Nej, \u00e5terst\u00e5r g\u00f6r nog bara att titta till panna i k\u00e4llaren. Den m\u00e5ste n\u00e4mligen nattas varje natt den gjutj\u00e4rnsbaserade hedersknyffeln (se d\u00e4r ett bra ord igen) och sen stappla upp f\u00f6r trapporna och greppa en god bok. D\u00e4r finns min buffert mot sovandet. Utan boken s\u00e5 snurrar dagens t\u00e4nkande bara vidare n\u00e4r huvudet ligger p\u00e5 kudden. N\u00e5gra l\u00e4sta kapitel trollar bort allt det d\u00e4r och jag somnar snart s\u00f6tt d\u00e4r p\u00e5 kudden med helt andra tankar och dr\u00f6mmar i huvudet. Det kantiga spetsiga blir p\u00e5 n\u00e5got vis mjukare och mer b\u00f6ljande av den d\u00e4r l\u00e4sningen. Har man tur s\u00e5 vaknar man imorgon och kan forts\u00e4tta uppt\u00e4cksf\u00e4rden. Betalt f\u00e5r jag f\u00f6r den ocks\u00e5. Det g\u00f6r mig lycklig det ocks\u00e5. T\u00e4nk dig sj\u00e4lv att f\u00e5 betalt f\u00f6r att g\u00f6ra det man \u00e4lskar mest av allt. V\u00e4rlden \u00e4r bra or\u00e4ttvis!<\/p>\n","protected":false},"excerpt":{"rendered":"<p>Utpumpad efter att dels ha brassat ig\u00e5ng en ny plattform idag s\u00e5 att den i alla fall snurrar hj\u00e4lpligt och efter att ha jagat grannes m\u00f6rdarhund som \u00e4n en g\u00e5ng \u00e4r ute efter v\u00e5ra katter. Tredje g\u00e5ngen nu sen hon bet ihj\u00e4l v\u00e5r Tingeling i somras. Man vill ju s\u00e5 og\u00e4rna br\u00e5ka och blanda in [&hellip;]<\/p>\n","protected":false},"author":24,"featured_media":0,"comment_status":"open","ping_status":"open","sticky":false,"template":"","format":"standard","meta":{"_crdt_document":"","jetpack_post_was_ever_published":false,"_jetpack_newsletter_access":"","_jetpack_dont_email_post_to_subs":false,"_jetpack_newsletter_tier_id":0,"_jetpack_memberships_contains_paywalled_content":false,"_jetpack_memberships_contains_paid_content":false,"footnotes":"","jetpack_publicize_message":"","jetpack_publicize_feature_enabled":true,"jetpack_social_post_already_shared":true,"jetpack_social_options":{"image_generator_settings":{"template":"highway","default_image_id":0,"font":"","enabled":false},"version":2}},"categories":[24],"tags":[],"class_list":["post-11050","post","type-post","status-publish","format-standard","hentry","category-betraktelser"],"jetpack_publicize_connections":[],"jetpack_featured_media_url":"","jetpack_sharing_enabled":true,"jetpack_likes_enabled":true,"jetpack-related-posts":[{"id":8345,"url":"https:\/\/www.akehedman.se\/wordpress\/?p=8345","url_meta":{"origin":11050,"position":0},"title":"M\u00f6te","author":"\u00c5ke Hedman","date":"2013-08-09","format":false,"excerpt":"Hej, D\u00f6den h\u00e4r. L\u00e5t oss klara ut en sak omedelbart. Jag spelar inte schack. \u00c4r det din tur s\u00e5 \u00e4r det, punkt slut. D\u00e4remot \u00e4r det helt sant att livet som du k\u00e4nner, det \u00e4r helt \u00f6ver n\u00e4r Du och jag tr\u00e4ffas. Det finns liksom ingen \u00e5terv\u00e4ndo efter det. S\u00e5\u2026","rel":"","context":"In &quot;Betraktelser &amp; Ber\u00e4ttelse&quot;","block_context":{"text":"Betraktelser &amp; Ber\u00e4ttelse","link":"https:\/\/www.akehedman.se\/wordpress\/?cat=24"},"img":{"alt_text":"klocka2","src":"https:\/\/i0.wp.com\/www.eurosource.se\/akhe\/wordpress\/wp-content\/uploads\/2013\/08\/klocka2-1024x685.jpg?resize=350%2C200","width":350,"height":200,"srcset":"https:\/\/i0.wp.com\/www.eurosource.se\/akhe\/wordpress\/wp-content\/uploads\/2013\/08\/klocka2-1024x685.jpg?resize=350%2C200 1x, https:\/\/i0.wp.com\/www.eurosource.se\/akhe\/wordpress\/wp-content\/uploads\/2013\/08\/klocka2-1024x685.jpg?resize=525%2C300 1.5x"},"classes":[]},{"id":8042,"url":"https:\/\/www.akehedman.se\/wordpress\/?p=8042","url_meta":{"origin":11050,"position":1},"title":"Eken","author":"\u00c5ke Hedman","date":"2013-07-21","format":false,"excerpt":"N\u00e4r v\u00e5ra barnbarn gl\u00f6mt oss \u00e4r vi inte ens kvar som fragment i tiden. Om man nu har haft n\u00e5gra barnbarn, annars kommer gl\u00f6mskan redan med barnen. Jag t\u00e4nker p\u00e5 det n\u00e4r jag ser eken d\u00e4r vid stenen i v\u00e5r tr\u00e4dg\u00e5rd. Den vi satte ner i sommarvarm mull f\u00f6r nu\u2026","rel":"","context":"In &quot;Betraktelser &amp; Ber\u00e4ttelse&quot;","block_context":{"text":"Betraktelser &amp; Ber\u00e4ttelse","link":"https:\/\/www.akehedman.se\/wordpress\/?cat=24"},"img":{"alt_text":"IMG_20130721_114726","src":"https:\/\/i0.wp.com\/www.eurosource.se\/akhe\/wordpress\/wp-content\/uploads\/2013\/07\/IMG_20130721_114726-768x1024.jpg?resize=350%2C200","width":350,"height":200,"srcset":"https:\/\/i0.wp.com\/www.eurosource.se\/akhe\/wordpress\/wp-content\/uploads\/2013\/07\/IMG_20130721_114726-768x1024.jpg?resize=350%2C200 1x, https:\/\/i0.wp.com\/www.eurosource.se\/akhe\/wordpress\/wp-content\/uploads\/2013\/07\/IMG_20130721_114726-768x1024.jpg?resize=525%2C300 1.5x"},"classes":[]},{"id":14024,"url":"https:\/\/www.akehedman.se\/wordpress\/?p=14024","url_meta":{"origin":11050,"position":2},"title":"Den sj\u00e4lvupptagnes f\u00f6rsvarstal","author":"\u00c5ke Hedman","date":"2014-07-17","format":false,"excerpt":"Sol. \u00c4lskar sol. V\u00e4derprognosen sa regn idag. Men det \u00e4r sol. Upp med alla f\u00f6nster. L\u00e5t ljuva sommarvindar dra genom kontoret. En ny f\u00e5gel h\u00f6rs d\u00e4r ute. En som l\u00e5ter p\u00e5 inandningen. Entonigt. Ingen aning om vad det \u00e4r. Men hen \u00e4r v\u00e4lkommen h\u00e4r p\u00e5 kullen. Tillsammans kan vi sjunga\u2026","rel":"","context":"In &quot;Betraktelser &amp; Ber\u00e4ttelse&quot;","block_context":{"text":"Betraktelser &amp; Ber\u00e4ttelse","link":"https:\/\/www.akehedman.se\/wordpress\/?cat=24"},"img":{"alt_text":"sol","src":"https:\/\/i0.wp.com\/www.eurosource.se\/akhe\/wordpress\/wp-content\/uploads\/2014\/07\/sol2-767x1024.jpg?resize=350%2C200","width":350,"height":200,"srcset":"https:\/\/i0.wp.com\/www.eurosource.se\/akhe\/wordpress\/wp-content\/uploads\/2014\/07\/sol2-767x1024.jpg?resize=350%2C200 1x, https:\/\/i0.wp.com\/www.eurosource.se\/akhe\/wordpress\/wp-content\/uploads\/2014\/07\/sol2-767x1024.jpg?resize=525%2C300 1.5x"},"classes":[]},{"id":18218,"url":"https:\/\/www.akehedman.se\/wordpress\/?p=18218","url_meta":{"origin":11050,"position":3},"title":"Vinden och ett f\u00f6rl\u00e5t","author":"\u00c5ke Hedman","date":"2015-07-05","format":false,"excerpt":"Jag har redan jobbat n\u00e5gra timmar nu s\u00e5h\u00e4r p\u00e5 s\u00f6ndagskv\u00e4llen men har varit ledig resten av helgen. Flyttat rosor och buskar, gr\u00e4vt h\u00e5l, fyllt igen h\u00e5l och klippt gr\u00e4smatta och hunnit med n\u00e5gra minuter i h\u00e4ngmattan. Ja grillat ocks\u00e5. Den f\u00f6rsta grillningen f\u00f6r i \u00e5r. Nedsk\u00f6ljt med rose' som sig\u2026","rel":"","context":"In &quot;Betraktelser &amp; Ber\u00e4ttelse&quot;","block_context":{"text":"Betraktelser &amp; Ber\u00e4ttelse","link":"https:\/\/www.akehedman.se\/wordpress\/?cat=24"},"img":{"alt_text":"001","src":"https:\/\/i0.wp.com\/www.akehedman.se\/wordpress\/wp-content\/uploads\/2015\/07\/001-1024x768.jpg?resize=350%2C200","width":350,"height":200,"srcset":"https:\/\/i0.wp.com\/www.akehedman.se\/wordpress\/wp-content\/uploads\/2015\/07\/001-1024x768.jpg?resize=350%2C200 1x, https:\/\/i0.wp.com\/www.akehedman.se\/wordpress\/wp-content\/uploads\/2015\/07\/001-1024x768.jpg?resize=525%2C300 1.5x"},"classes":[]},{"id":16959,"url":"https:\/\/www.akehedman.se\/wordpress\/?p=16959","url_meta":{"origin":11050,"position":4},"title":"Europa och livet","author":"\u00c5ke Hedman","date":"2015-03-11","format":false,"excerpt":"Jag skjutsar K till jobbet vid pass sju h\u00e4r p\u00e5 morgonen. Det \u00e4r som en solh\u00e4lsning. Ooooooooohhhhhhhhhhmmmmmmmmmmmm l\u00e5ter jag d\u00e4r i bilen n\u00e4r jag bl\u00e4ndas av \u00e5rets hittills starkaste sol. Yoga. Jod\u00e5 70-talet. Yoga och jag. De som h\u00e5ller p\u00e5 nu \u00e4r s\u00e5klart bara efterf\u00f6ljare. Efterapare. P\u00e5 hemv\u00e4gen sl\u00e5r jag\u2026","rel":"","context":"In &quot;Betraktelser &amp; Ber\u00e4ttelse&quot;","block_context":{"text":"Betraktelser &amp; Ber\u00e4ttelse","link":"https:\/\/www.akehedman.se\/wordpress\/?cat=24"},"img":{"alt_text":"2015-03-11_09-03-08","src":"https:\/\/i0.wp.com\/www.eurosource.se\/akhe\/wordpress\/wp-content\/uploads\/2015\/03\/2015-03-11_09-03-08.png?resize=350%2C200","width":350,"height":200,"srcset":"https:\/\/i0.wp.com\/www.eurosource.se\/akhe\/wordpress\/wp-content\/uploads\/2015\/03\/2015-03-11_09-03-08.png?resize=350%2C200 1x, https:\/\/i0.wp.com\/www.eurosource.se\/akhe\/wordpress\/wp-content\/uploads\/2015\/03\/2015-03-11_09-03-08.png?resize=525%2C300 1.5x, https:\/\/i0.wp.com\/www.eurosource.se\/akhe\/wordpress\/wp-content\/uploads\/2015\/03\/2015-03-11_09-03-08.png?resize=700%2C400 2x"},"classes":[]},{"id":38808,"url":"https:\/\/www.akehedman.se\/wordpress\/?p=38808","url_meta":{"origin":11050,"position":5},"title":"R\u00f6relse","author":"\u00c5ke Hedman","date":"2021-05-16","format":false,"excerpt":"F\u00f6r 16-\u00e5r sedan (2005) var det tv\u00e5 decimeter sn\u00f6. Japp, H\u00e4r p\u00e5 kullen d\u00e4r jag sitter i samma hus nu som d\u00e5. Just idag. Lite regn \u00e4r allts\u00e5 inget att ojja sig f\u00f6r. N\u00e4'pp. Det \u00e4r inte ens kallt. Eller vitt. Fast man har redan vant sig s\u00e5klart. Vid t-shirtv\u00e4der.\u2026","rel":"","context":"In &quot;Betraktelser &amp; Ber\u00e4ttelse&quot;","block_context":{"text":"Betraktelser &amp; Ber\u00e4ttelse","link":"https:\/\/www.akehedman.se\/wordpress\/?cat=24"},"img":{"alt_text":"","src":"https:\/\/i0.wp.com\/www.akehedman.se\/wordpress\/wp-content\/uploads\/2021\/05\/65453-ANIMATION.gif?resize=350%2C200&ssl=1","width":350,"height":200,"srcset":"https:\/\/i0.wp.com\/www.akehedman.se\/wordpress\/wp-content\/uploads\/2021\/05\/65453-ANIMATION.gif?resize=350%2C200&ssl=1 1x, https:\/\/i0.wp.com\/www.akehedman.se\/wordpress\/wp-content\/uploads\/2021\/05\/65453-ANIMATION.gif?resize=525%2C300&ssl=1 1.5x"},"classes":[]}],"jetpack_shortlink":"https:\/\/wp.me\/p68PL2-2Se","_links":{"self":[{"href":"https:\/\/www.akehedman.se\/wordpress\/index.php?rest_route=\/wp\/v2\/posts\/11050","targetHints":{"allow":["GET"]}}],"collection":[{"href":"https:\/\/www.akehedman.se\/wordpress\/index.php?rest_route=\/wp\/v2\/posts"}],"about":[{"href":"https:\/\/www.akehedman.se\/wordpress\/index.php?rest_route=\/wp\/v2\/types\/post"}],"author":[{"embeddable":true,"href":"https:\/\/www.akehedman.se\/wordpress\/index.php?rest_route=\/wp\/v2\/users\/24"}],"replies":[{"embeddable":true,"href":"https:\/\/www.akehedman.se\/wordpress\/index.php?rest_route=%2Fwp%2Fv2%2Fcomments&post=11050"}],"version-history":[{"count":1,"href":"https:\/\/www.akehedman.se\/wordpress\/index.php?rest_route=\/wp\/v2\/posts\/11050\/revisions"}],"predecessor-version":[{"id":11052,"href":"https:\/\/www.akehedman.se\/wordpress\/index.php?rest_route=\/wp\/v2\/posts\/11050\/revisions\/11052"}],"wp:attachment":[{"href":"https:\/\/www.akehedman.se\/wordpress\/index.php?rest_route=%2Fwp%2Fv2%2Fmedia&parent=11050"}],"wp:term":[{"taxonomy":"category","embeddable":true,"href":"https:\/\/www.akehedman.se\/wordpress\/index.php?rest_route=%2Fwp%2Fv2%2Fcategories&post=11050"},{"taxonomy":"post_tag","embeddable":true,"href":"https:\/\/www.akehedman.se\/wordpress\/index.php?rest_route=%2Fwp%2Fv2%2Ftags&post=11050"}],"curies":[{"name":"wp","href":"https:\/\/api.w.org\/{rel}","templated":true}]}}