{"id":10347,"date":"2013-10-05T10:52:09","date_gmt":"2013-10-05T09:52:09","guid":{"rendered":"http:\/\/www.eurosource.se\/akhe\/wordpress\/?p=10347"},"modified":"2013-10-05T10:52:09","modified_gmt":"2013-10-05T09:52:09","slug":"jag-ar-en-snobb","status":"publish","type":"post","link":"https:\/\/www.akehedman.se\/wordpress\/?p=10347","title":{"rendered":"Jag \u00e4r en snobb"},"content":{"rendered":"<p><a href=\"https:\/\/i0.wp.com\/www.eurosource.se\/akhe\/wordpress\/wp-content\/uploads\/2013\/10\/streaker_41824314.jpg\"><img data-recalc-dims=\"1\" loading=\"lazy\" decoding=\"async\" class=\"alignnone size-full wp-image-10348\" alt=\"streaker_41824314\" src=\"https:\/\/i0.wp.com\/www.eurosource.se\/akhe\/wordpress\/wp-content\/uploads\/2013\/10\/streaker_41824314.jpg?resize=400%2C266\" width=\"400\" height=\"266\" \/><\/a><\/p>\n<p>En s\u00e5dan d\u00e4r h\u00e4rlig l\u00f6rdag. Ingen br\u00e5dska p\u00e5 morgonen. Lutherp\u00e5axelfri och sen ner och l\u00e5tsasjobba. En halv dag att angripa lite &#8220;attg\u00f6ra&#8221; listor p\u00e5, ja, jag kokade iof ned den till en ig\u00e5r och den blev tre t\u00e4tskrivna a4 sidor, och det finns mycket mer som jag inte kommit p\u00e5 \u00e4n som ocks\u00e5 m\u00e5ste tecknas ner och helst prioriteras p\u00e5 de d\u00e4r listorna. Jag fattade aldrig ens som ung hur folk bara kunde sitta och spela kort f\u00f6r att f\u00e5 tiden att g\u00e5. Mitt liv har aldrig varit s\u00e5. Det har alltid funnits en massa jag velat g\u00f6ra och realisera och s\u00e4tter jag mig ner och tittar p\u00e5 molnen s\u00e5 dyker det ofelbart upp fler saker.<\/p>\n<p>En g\u00e5ng trodde jag faktiskt att det var bra att vara en s\u00e5dan d\u00e4r m\u00e4nniska men det h\u00e4r senaste \u00e5ret har ja ju l\u00e4rt mig att det inte \u00e4r s\u00e5. Man skall vara tr\u00e5kig och seri\u00f6s och tro p\u00e5 metoderna samtidigt som han hyllar dem som inte g\u00f6r det, men bara om de tagit sig igenom missundsamhetsv\u00e4ggarna och hamnat p\u00e5 toppen. Men det d\u00e4r \u00e4r \u00e4nd\u00e5 bara vad andra tycker. Jag tycker sj\u00e4lv \u00e4nd\u00e5, har alltid gjort och det \u00e4r jag stolt \u00f6ver. F\u00e5rskocken kan f\u00e5 springa runt d\u00e4r ute p\u00e5 f\u00e4lten bland tidsf\u00f6rdriven p\u00e5 sin v\u00e4g mot kista och f\u00f6rbr\u00e4nningsugnen.<\/p>\n<p>Min absolut s\u00e4msta egenskap, och tro mig har har m\u00e5nga, \u00e4r att jag inte orkar med idioter. F\u00f6rst\u00e5r man inte vad jag pratar om s\u00e5 ignorerar jag personen. S\u00e5 skall man naturligtvis inte vara. Det \u00e4r \u00e4ckligt snobberi. Vill man f\u00e5r fram sina id\u00e9er och tankar och vill att de skall f\u00f6rst\u00e5s av andra s\u00e5 skall man vara pedagogisk, ih\u00e4rdig och lugn. Men jag klarar inte av det helt enkelt. Blir galen (l\u00e4s g\u00e4rna, galnare) om jag skall f\u00f6rs\u00f6ka och kan inte f\u00f6rst\u00e5 varf\u00f6r jag skall sl\u00f6sa en endaste sekund extra p\u00e5 n\u00e5gon som p\u00e5 sin h\u00f6jd \u00e4nd\u00e5 bara kommer att ana, aldrig f\u00f6rst\u00e5. Det v\u00e4rsta \u00e4r att just p\u00e5 det d\u00e4r omr\u00e5det orkar jag inte ens t\u00e4nka p\u00e5 att f\u00f6rs\u00f6ka b\u00e4ttra mig. D\u00e5 f\u00e5r det hellre vara.<\/p>\n<p>Men nu har jag tamefan inte tid med det h\u00e4r. Ha en sk\u00f6n l\u00f6rdag k\u00e4ra l\u00e4sare och g\u00f6r n\u00e5got riktigt j\u00e4kla roligt som du alltid dr\u00f6mt om att g\u00f6ra. Det t\u00e4nker jag g\u00f6ra. G\u00f6r det varje simpel dag faktiskt.<\/p>\n","protected":false},"excerpt":{"rendered":"<p>En s\u00e5dan d\u00e4r h\u00e4rlig l\u00f6rdag. Ingen br\u00e5dska p\u00e5 morgonen. Lutherp\u00e5axelfri och sen ner och l\u00e5tsasjobba. En halv dag att angripa lite &#8220;attg\u00f6ra&#8221; listor p\u00e5, ja, jag kokade iof ned den till en ig\u00e5r och den blev tre t\u00e4tskrivna a4 sidor, och det finns mycket mer som jag inte kommit p\u00e5 \u00e4n som ocks\u00e5 m\u00e5ste tecknas [&hellip;]<\/p>\n","protected":false},"author":24,"featured_media":0,"comment_status":"open","ping_status":"open","sticky":false,"template":"","format":"standard","meta":{"_crdt_document":"","jetpack_post_was_ever_published":false,"_jetpack_newsletter_access":"","_jetpack_dont_email_post_to_subs":false,"_jetpack_newsletter_tier_id":0,"_jetpack_memberships_contains_paywalled_content":false,"_jetpack_memberships_contains_paid_content":false,"footnotes":"","jetpack_publicize_message":"","jetpack_publicize_feature_enabled":true,"jetpack_social_post_already_shared":true,"jetpack_social_options":{"image_generator_settings":{"template":"highway","default_image_id":0,"font":"","enabled":false},"version":2}},"categories":[24],"tags":[],"class_list":["post-10347","post","type-post","status-publish","format-standard","hentry","category-betraktelser"],"jetpack_publicize_connections":[],"jetpack_featured_media_url":"","jetpack_sharing_enabled":true,"jetpack_likes_enabled":true,"jetpack-related-posts":[{"id":15362,"url":"https:\/\/www.akehedman.se\/wordpress\/?p=15362","url_meta":{"origin":10347,"position":0},"title":"Att f\u00f6r\u00e4ndra v\u00e4rlden","author":"\u00c5ke Hedman","date":"2014-11-20","format":false,"excerpt":"N\u00e4r jag v\u00e4l kommer upp p\u00e5 morgonen, ja just det kan vara en kamp, men en som jag vinner varje dag, s\u00e5 kan jag n\u00e4stan inte h\u00e5lla mig fr\u00e5n att rusa ner p\u00e5 kontoret. Fan, fan, fan, man m\u00e5ste \u00e4ta frukost, duscha, leta kl\u00e4der och det \u00e4r n\u00e4ra att jag\u2026","rel":"","context":"In &quot;Betraktelser &amp; Ber\u00e4ttelse&quot;","block_context":{"text":"Betraktelser &amp; Ber\u00e4ttelse","link":"https:\/\/www.akehedman.se\/wordpress\/?cat=24"},"img":{"alt_text":"url4","src":"https:\/\/i0.wp.com\/www.eurosource.se\/akhe\/wordpress\/wp-content\/uploads\/2014\/11\/url4.jpeg?resize=350%2C200","width":350,"height":200},"classes":[]},{"id":24886,"url":"https:\/\/www.akehedman.se\/wordpress\/?p=24886","url_meta":{"origin":10347,"position":1},"title":"Det positiva rinner av som vatten p\u00e5 en g\u00e5s","author":"\u00c5ke Hedman","date":"2017-07-10","format":false,"excerpt":"Det \u00e4r m\u00e5ndag. Nej, det \u00e4r inte h\u00f6gsommar. Men det borde vara h\u00f6gsommar. Fast egentligen \u00e4r det v\u00e4l h\u00f6gsommar. Det m\u00e4rks bara inte. S\u00e5... ja.... jag vet inte. Jag \u00e4r och har aldrig varit en s\u00e5dan d\u00e4r m\u00e4nniska som f\u00e5r hurrarop fr\u00e5n omgivningen. Ja, jo n\u00e5gra priser har jag f\u00e5tt,\u2026","rel":"","context":"In &quot;Betraktelser &amp; Ber\u00e4ttelse&quot;","block_context":{"text":"Betraktelser &amp; Ber\u00e4ttelse","link":"https:\/\/www.akehedman.se\/wordpress\/?cat=24"},"img":{"alt_text":"","src":"https:\/\/i0.wp.com\/www.akehedman.se\/wordpress\/wp-content\/uploads\/2017\/07\/IMG_0624-COLLAGE.jpg?resize=350%2C200","width":350,"height":200},"classes":[]},{"id":43126,"url":"https:\/\/www.akehedman.se\/wordpress\/?p=43126","url_meta":{"origin":10347,"position":2},"title":"\u00c4nnu en dag","author":"\u00c5ke Hedman","date":"2022-10-20","format":false,"excerpt":"Photo by Dina Nasyrova on Pexels.com Kl\u00e4mmer tre Espressif genomg\u00e5ngar p\u00e5 f\u00f6rmiddagen. Finns n\u00e5gra att ta tag i p\u00e5 eftermiddagen ocks\u00e5. Men det h\u00e4r att sitta still och ta till mig bara \u00e4r inte riktigt f\u00f6r mig. Skoltiden \u00e4r l\u00e5ngt bort och vanan att sitta still bara s\u00e5d\u00e4r upp och\u2026","rel":"","context":"In &quot;Swedish&quot;","block_context":{"text":"Swedish","link":"https:\/\/www.akehedman.se\/wordpress\/?cat=2"},"img":{"alt_text":"big boulders in water at sea shore","src":"https:\/\/i0.wp.com\/www.akehedman.se\/wordpress\/wp-content\/uploads\/2022\/10\/pexels-photo-9831020.jpeg?resize=350%2C200&ssl=1","width":350,"height":200,"srcset":"https:\/\/i0.wp.com\/www.akehedman.se\/wordpress\/wp-content\/uploads\/2022\/10\/pexels-photo-9831020.jpeg?resize=350%2C200&ssl=1 1x, https:\/\/i0.wp.com\/www.akehedman.se\/wordpress\/wp-content\/uploads\/2022\/10\/pexels-photo-9831020.jpeg?resize=525%2C300&ssl=1 1.5x, https:\/\/i0.wp.com\/www.akehedman.se\/wordpress\/wp-content\/uploads\/2022\/10\/pexels-photo-9831020.jpeg?resize=700%2C400&ssl=1 2x"},"classes":[]},{"id":33946,"url":"https:\/\/www.akehedman.se\/wordpress\/?p=33946","url_meta":{"origin":10347,"position":3},"title":"Halt","author":"\u00c5ke Hedman","date":"2019-12-30","format":false,"excerpt":"Det \u00e4r halt. Som vanligt kan man g\u00e5 ut i kurvan h\u00e4r utanf\u00f6r, st\u00e5 d\u00e4r tills det sl\u00e4pper, och utan st\u00f6rre f\u00f6rdr\u00f6jning \u00e4r man nere i byn och flyger in p\u00e5 ICA. Sv\u00e5rare att ta sig upp p\u00e5 kullen igen. Allts\u00e5 stannar man hemma. Lite feg numera n\u00e4r det g\u00e4ller\u2026","rel":"","context":"In &quot;Betraktelser &amp; Ber\u00e4ttelse&quot;","block_context":{"text":"Betraktelser &amp; Ber\u00e4ttelse","link":"https:\/\/www.akehedman.se\/wordpress\/?cat=24"},"img":{"alt_text":"","src":"https:\/\/i0.wp.com\/www.akehedman.se\/wordpress\/wp-content\/uploads\/2019\/12\/IMG_20191220_133513517-1-scaled.jpg?resize=350%2C200&ssl=1","width":350,"height":200,"srcset":"https:\/\/i0.wp.com\/www.akehedman.se\/wordpress\/wp-content\/uploads\/2019\/12\/IMG_20191220_133513517-1-scaled.jpg?resize=350%2C200&ssl=1 1x, https:\/\/i0.wp.com\/www.akehedman.se\/wordpress\/wp-content\/uploads\/2019\/12\/IMG_20191220_133513517-1-scaled.jpg?resize=525%2C300&ssl=1 1.5x, https:\/\/i0.wp.com\/www.akehedman.se\/wordpress\/wp-content\/uploads\/2019\/12\/IMG_20191220_133513517-1-scaled.jpg?resize=700%2C400&ssl=1 2x, https:\/\/i0.wp.com\/www.akehedman.se\/wordpress\/wp-content\/uploads\/2019\/12\/IMG_20191220_133513517-1-scaled.jpg?resize=1050%2C600&ssl=1 3x, https:\/\/i0.wp.com\/www.akehedman.se\/wordpress\/wp-content\/uploads\/2019\/12\/IMG_20191220_133513517-1-scaled.jpg?resize=1400%2C800&ssl=1 4x"},"classes":[]},{"id":15003,"url":"https:\/\/www.akehedman.se\/wordpress\/?p=15003","url_meta":{"origin":10347,"position":4},"title":"Hundarna sk\u00e4ller f\u00f6r att mota en kall natt","author":"\u00c5ke Hedman","date":"2014-09-30","format":false,"excerpt":"Hundarna sjunger att det skall bli kallt d\u00e4r ute inatt. Jag \u00e5 min sida fryser redan som en hund h\u00e4r inne p\u00e5 kontoret fast \u00e4n det egentligen \u00e4r lika varmt som i helvetet h\u00e4r inne. Det \u00e4r n\u00e4stan l\u00f6jligt, men \u00e4r som det \u00e4r. Kroppen och knoppen har tydligen kopplat\u2026","rel":"","context":"In &quot;Betraktelser &amp; Ber\u00e4ttelse&quot;","block_context":{"text":"Betraktelser &amp; Ber\u00e4ttelse","link":"https:\/\/www.akehedman.se\/wordpress\/?cat=24"},"img":{"alt_text":"DSC00529","src":"https:\/\/i0.wp.com\/www.eurosource.se\/akhe\/wordpress\/wp-content\/uploads\/2014\/09\/DSC00529.jpg?resize=350%2C200","width":350,"height":200,"srcset":"https:\/\/i0.wp.com\/www.eurosource.se\/akhe\/wordpress\/wp-content\/uploads\/2014\/09\/DSC00529.jpg?resize=350%2C200 1x, https:\/\/i0.wp.com\/www.eurosource.se\/akhe\/wordpress\/wp-content\/uploads\/2014\/09\/DSC00529.jpg?resize=525%2C300 1.5x"},"classes":[]},{"id":15573,"url":"https:\/\/www.akehedman.se\/wordpress\/?p=15573","url_meta":{"origin":10347,"position":5},"title":"&#8220;Jompa&#8221;","author":"\u00c5ke Hedman","date":"2014-12-07","format":false,"excerpt":"Av en ren slump springer jag p\u00e5 en artikel i HelaH\u00e4lsingland och d\u00e4r st\u00e5r han - \"Jompa\". Jag \u00e4r inte s\u00e4ker f\u00f6rst, men hans bror bekr\u00e4ftar att John-Erik Olsson p\u00e5 bilden, tv\u00e5 fr\u00e5n v\u00e4nster, verkligen \u00e4r \"Jompa\". Ja Jon-Erik kallade han sig p\u00e5 den tiden. Kanske har artikelf\u00f6rfattaren f\u00e5tt till\u2026","rel":"","context":"In &quot;Betraktelser &amp; Ber\u00e4ttelse&quot;","block_context":{"text":"Betraktelser &amp; Ber\u00e4ttelse","link":"https:\/\/www.akehedman.se\/wordpress\/?cat=24"},"img":{"alt_text":"","src":"","width":0,"height":0},"classes":[]}],"jetpack_shortlink":"https:\/\/wp.me\/p68PL2-2GT","_links":{"self":[{"href":"https:\/\/www.akehedman.se\/wordpress\/index.php?rest_route=\/wp\/v2\/posts\/10347","targetHints":{"allow":["GET"]}}],"collection":[{"href":"https:\/\/www.akehedman.se\/wordpress\/index.php?rest_route=\/wp\/v2\/posts"}],"about":[{"href":"https:\/\/www.akehedman.se\/wordpress\/index.php?rest_route=\/wp\/v2\/types\/post"}],"author":[{"embeddable":true,"href":"https:\/\/www.akehedman.se\/wordpress\/index.php?rest_route=\/wp\/v2\/users\/24"}],"replies":[{"embeddable":true,"href":"https:\/\/www.akehedman.se\/wordpress\/index.php?rest_route=%2Fwp%2Fv2%2Fcomments&post=10347"}],"version-history":[{"count":1,"href":"https:\/\/www.akehedman.se\/wordpress\/index.php?rest_route=\/wp\/v2\/posts\/10347\/revisions"}],"predecessor-version":[{"id":10349,"href":"https:\/\/www.akehedman.se\/wordpress\/index.php?rest_route=\/wp\/v2\/posts\/10347\/revisions\/10349"}],"wp:attachment":[{"href":"https:\/\/www.akehedman.se\/wordpress\/index.php?rest_route=%2Fwp%2Fv2%2Fmedia&parent=10347"}],"wp:term":[{"taxonomy":"category","embeddable":true,"href":"https:\/\/www.akehedman.se\/wordpress\/index.php?rest_route=%2Fwp%2Fv2%2Fcategories&post=10347"},{"taxonomy":"post_tag","embeddable":true,"href":"https:\/\/www.akehedman.se\/wordpress\/index.php?rest_route=%2Fwp%2Fv2%2Ftags&post=10347"}],"curies":[{"name":"wp","href":"https:\/\/api.w.org\/{rel}","templated":true}]}}