{"id":10287,"date":"2013-10-03T10:03:08","date_gmt":"2013-10-03T09:03:08","guid":{"rendered":"http:\/\/www.eurosource.se\/akhe\/wordpress\/?p=10287"},"modified":"2013-10-03T12:02:55","modified_gmt":"2013-10-03T11:02:55","slug":"missunnsamhet-foretag-och-en-cappuccino-for-de-avundsjuka","status":"publish","type":"post","link":"https:\/\/www.akehedman.se\/wordpress\/?p=10287","title":{"rendered":"Missunnsamhet, f\u00f6retag och en cappuccino f\u00f6r de avundsjuka"},"content":{"rendered":"<p><a href=\"https:\/\/i0.wp.com\/www.eurosource.se\/akhe\/wordpress\/wp-content\/uploads\/2013\/10\/glumshammar_5.jpg\"><img data-recalc-dims=\"1\" loading=\"lazy\" decoding=\"async\" class=\"alignnone size-large wp-image-10288\" alt=\"glumshammar_5\" src=\"https:\/\/i0.wp.com\/www.eurosource.se\/akhe\/wordpress\/wp-content\/uploads\/2013\/10\/glumshammar_5-1024x761.jpg?resize=580%2C431\" width=\"580\" height=\"431\" \/><\/a><\/p>\n<p>Fixar en Cappuccino strax efter att tekoppen \u00e4r urdrucken. S\u00e5 kan det vara i Los (japp nu \u00e4r jag tr\u00f6tt p\u00e5 Loos) p\u00e5 en kulle d\u00e4r inte m\u00e5nga andra bor.\u00a0 Fast egentligen \u00e4r jag ingen del av Los. Jag k\u00e4nner f\u00e4rre h\u00e4r \u00e4n n\u00e5gon annanstans. Jag skulle kunna flytta h\u00e4rifr\u00e5n idag p\u00e5 f\u00f6rmiddagen om det bara var m\u00e4nniskorna h\u00e4r det h\u00e4ngde p\u00e5. F\u00f6rst\u00e5 mig r\u00e4tt. Det finns en hel h\u00f6g j\u00e4vligt bra m\u00e4nniskor h\u00e4r men det finns ocks\u00e5 allt f\u00f6r m\u00e5nga som gl\u00e4ds \u00e5t andras misslyckanden och helst bara snackar skit och skvallrar. Kanske inte olika andra sm\u00e5 st\u00e4llen men p\u00e5 de flesta andra st\u00e4llen kan folk \u00e4nd\u00e5 samarbeta och dra ganska bra \u00e5t samma h\u00e5ll, men tamefan inte h\u00e4r. Men eftersom man nu \u00e4r i Los s\u00e5 kommer ett g\u00e4ng s\u00e5klart h\u00e4vda att man visst drar \u00e5r samma h\u00e5ll och att man visst kan samarbeta bara f\u00f6r att f\u00e5 s\u00e4ga tv\u00e4rt om. Men som sagt orkar inte med det d\u00e4r. Ser p\u00e5 resultat och ser ingenting annat \u00e4n nedrustning, missunnsamhet och osamarbete.<\/p>\n<p>Men jag bryr mig inte om den h\u00e4r byn i den meningen l\u00e4ngre. Jag bor h\u00e4r p\u00e5 min kulle och f\u00f6rs\u00f6ker stanna h\u00e4r ober\u00f6rd av det d\u00e4r andra. Far genom byn ibland s\u00e5klart men k\u00e4nner mig inte som en del av det som finns h\u00e4r ens i ena lillt\u00e5n. Deltar inte l\u00e4ngre i n\u00e5gra aktiviteter p\u00e5 byn. Ser bara p\u00e5 n\u00e4r den ruttnar bort under byar\u00e5dets glada positiva tillrop och hoppas att jag hinner h\u00e4rifr\u00e5n innan \u00e5lderdomshemmet ropar och vevar in mig. Om det \u00e4r en b\u00f6n jag s\u00e4nder med k\u00e4nsla till han\/hon\/det\/gud s\u00e5 \u00e4r det att slippa just \u00e5lderdomshemmet. Sn\u00e4lla, SN\u00c4LLA, SN \u00c4 L L A!!!<\/p>\n<p>&#8220;Flytta d\u00e5 om du nu inte trivs h\u00e4r&#8221; sa n\u00e5gon, &#8220;japp. om man bara kunde&#8221; \u00e4r mitt svar. Jag skulle dra som en avl\u00f6ning direkt. Men det kr\u00e4ver att n\u00e5gon k\u00f6per huset eller att man bara t\u00e4nder p\u00e5 hela schabraket och drar is\u00e5fall, eller har r\u00e5d med ett Stockholmsliv och ett skogsliv. Mer perfekt kanske s\u00e5 att man kan fly n\u00e4r man blir f\u00f6r tr\u00f6tt p\u00e5 b\u00e5da st\u00e4llena i tur och ordning liksom. Men s\u00e4lja huset!? Ja, fan det \u00e4r lustigt, d\u00e5 \u00e4r nog t\u00e4nda p\u00e5 ett mer realistiskt alternativ.<\/p>\n<p>F\u00f6r min del \u00e4r varje unge som inte flyttar h\u00e4rifr\u00e5n, som inte vill och l\u00e4ngtar h\u00e4rifr\u00e5n en f\u00f6rlorad unge. F\u00f6r precis som de som aldrig studerat vet mest i varje fr\u00e5ga s\u00e5 blir dessa m\u00e4nniskor de som vet allt om v\u00e4rlden utanf\u00f6r. Det man l\u00e4r sig n\u00e4r man studerar \u00e4r att man inte vet ett skit och det man l\u00e4r sig ute i v\u00e4rlden \u00e4r att den \u00e4r mycket st\u00f6rre \u00e4n man tror. Det \u00e4r d\u00e4rf\u00f6r man m\u00e5ste ge sig ut. Se efter vad man tycker och kanske inse att man inte tycker om det man ser eller kanske uppt\u00e4cka att man faktiskt g\u00f6r det. Det man l\u00e4mnar finns alltid kvar. Man kan \u00e5terv\u00e4nda om man vill. D\u00e5 n\u00e4r man vet vad man pratar om n\u00e4r man beskriver v\u00e4rlden utanf\u00f6r den lilla byn den som str\u00e4cker sig l\u00e4ngre \u00e4n ett boende i anslutning till gymnasiet i Ljusdal.<\/p>\n<p>Tillst\u00e5ndet i Los \u00e4r naturligtvis inte unikt p\u00e5 n\u00e5got s\u00e4tt. F\u00f6rstorar man upp det lite s\u00e5 \u00e4r det applicerbart p\u00e5 Ljusdal, Edsbyn, G\u00e4vle och alla de andra landsortsbyarna och st\u00e4derna. Precis som f\u00f6retag alltid \u00e4r de som genererat framtidshoppet till landets byar, f\u00f6retagande i m\u00e5ngfald, s\u00e5 man inga egentliga satsningar d\u00e4r. Men sanningen \u00e4r att jag faktiskt kan sitta h\u00e4r i Los och samarbeta med v\u00e4rldens b\u00e4sta inom mitt omr\u00e5de utan att beh\u00f6va lyfta rumpan bort fr\u00e5n bildsk\u00e4rmarna. Ganska fantastiskt, visst \u00e4r det!? Massor av m\u00e4nniskor skull kunna jobba s\u00e5 och jag vet at massor av m\u00e4nniskor ocks\u00e5 vill jobba s\u00e5. Ett liv utan jakten p\u00e5 att betala n\u00e4sta r\u00e4nta p\u00e5 l\u00e5n som aldrig amorteras. Eget bodende == bankens boende, krig == fred. Men just detta med billigt boende st\u00e4ller till det ocks\u00e5. Hur f\u00e5r vi kapital vi som vill bygga f\u00f6retag i glesbygd. Det finns inga v\u00e4rden p\u00e5 hus att l\u00e5na p\u00e5. Den s\u00e4kerhet som oftast \u00e4r den enda f\u00f6r en f\u00f6retagare. S\u00e5 t\u00e4nk om man ist\u00e4llet satte en skattefri gr\u00e4ns f\u00f6r f\u00f6retagare i glesbygd. Att man fick tj\u00e4na en minimil\u00f6n utan att skatta. Landsbygden skulle blomstra och vi skulle se en kulturrevolution h\u00e4r ute. En med positiva f\u00f6rtecken.<\/p>\n<p>Ist\u00e4llet tvingas vi f\u00f6retagare delta i t\u00e4vlingar f\u00f6r att hitta kapital. T\u00e4vlingar vars deltagare begr\u00e4nsas med \u00e5ldersspan eller k\u00f6nstillh\u00f6righet eller det som myndigheter tycker \u00e4r en het aff\u00e4rsid\u00e9. Ung + Mat + Kvinna g\u00e4llerjust nu. Som ett j\u00e4vla f\u00f6rnedringslektvprogram \u00e4r det d\u00e4r. Myndigheterna ligger hela tiden tio steg efter. T\u00e4nk om man ist\u00e4llet sl\u00e4ppte alla fria s\u00e5 att folk kunna g\u00f6ra det de tror p\u00e5 och vara ih\u00e5lliga i det. Landsbygd skulle blomstra och skattekronor braka in i stadskassor och kommunala kassor. F\u00f6r tror man inte p\u00e5 det s\u00e5 har man aldrig f\u00f6rst\u00e5tt hur en entrepren\u00f6r fungerar, och det \u00e4r klart att det har aldrig en politiker fattat. Eller det d\u00e4r skrevs p\u00e5 slentrian. Kanske har de fattat hela bunten. Vad vet jag.<\/p>\n<p>Allts\u00e5<\/p>\n<p>L\u00e5t glesbygdsborna tj\u00e4na 100K innan skatt om de har ett aktivt f\u00f6retag registrerat. D\u00e5 f\u00e5r vi f\u00f6retagen. Efter det kan vi r\u00e4dda skola och allt det andra. Det kallas att b\u00f6rja i r\u00e4tt \u00e4nde och att sluta gn\u00e4lla och g\u00f6ra n\u00e5got ist\u00e4llet.<\/p>\n<p>Missunsamheten i Los tar dock inte det d\u00e4r p\u00e5. Men gamla finnmentalitet med anor fr\u00e5n 1700-talet plockas inte bort s\u00e5 l\u00e4tt. Men den kan vi bara lugnt s\u00e4tta oss \u00f6ver och bortse ifr\u00e5n och vandra p\u00e5.<\/p>\n<p>&nbsp;<\/p>\n","protected":false},"excerpt":{"rendered":"<p>Fixar en Cappuccino strax efter att tekoppen \u00e4r urdrucken. S\u00e5 kan det vara i Los (japp nu \u00e4r jag tr\u00f6tt p\u00e5 Loos) p\u00e5 en kulle d\u00e4r inte m\u00e5nga andra bor.\u00a0 Fast egentligen \u00e4r jag ingen del av Los. Jag k\u00e4nner f\u00e4rre h\u00e4r \u00e4n n\u00e5gon annanstans. Jag skulle kunna flytta h\u00e4rifr\u00e5n idag p\u00e5 f\u00f6rmiddagen om det [&hellip;]<\/p>\n","protected":false},"author":24,"featured_media":0,"comment_status":"open","ping_status":"open","sticky":false,"template":"","format":"standard","meta":{"_crdt_document":"","jetpack_post_was_ever_published":false,"_jetpack_newsletter_access":"","_jetpack_dont_email_post_to_subs":false,"_jetpack_newsletter_tier_id":0,"_jetpack_memberships_contains_paywalled_content":false,"_jetpack_memberships_contains_paid_content":false,"footnotes":"","jetpack_publicize_message":"","jetpack_publicize_feature_enabled":true,"jetpack_social_post_already_shared":true,"jetpack_social_options":{"image_generator_settings":{"template":"highway","default_image_id":0,"font":"","enabled":false},"version":2}},"categories":[24],"tags":[],"class_list":["post-10287","post","type-post","status-publish","format-standard","hentry","category-betraktelser"],"jetpack_publicize_connections":[],"jetpack_featured_media_url":"","jetpack_sharing_enabled":true,"jetpack_likes_enabled":true,"jetpack-related-posts":[{"id":12861,"url":"https:\/\/www.akehedman.se\/wordpress\/?p=12861","url_meta":{"origin":10287,"position":0},"title":"De f\u00f6rlorades land","author":"\u00c5ke Hedman","date":"2014-04-16","format":false,"excerpt":"En till familj drar h\u00e4rifr\u00e5n i sommar. Ett till f\u00f6retag f\u00f6rsvinner. Tyv\u00e4rr ocks\u00e5 den enda familjen som vi h\u00e4r i huset har n\u00e5got man kan kalla kontakt med. Dom hitflyttade precis som vi. Ja att kunna dra iv\u00e4g... De \u00e4r att gratulera de som lyckas. Det \u00e4r en vinst p\u00e5\u2026","rel":"","context":"In &quot;Betraktelser &amp; Ber\u00e4ttelse&quot;","block_context":{"text":"Betraktelser &amp; Ber\u00e4ttelse","link":"https:\/\/www.akehedman.se\/wordpress\/?cat=24"},"img":{"alt_text":"feeling_too_tall.png.625x385_q100","src":"https:\/\/i0.wp.com\/www.eurosource.se\/akhe\/wordpress\/wp-content\/uploads\/2014\/04\/feeling_too_tall.png.625x385_q100.png?resize=350%2C200","width":350,"height":200,"srcset":"https:\/\/i0.wp.com\/www.eurosource.se\/akhe\/wordpress\/wp-content\/uploads\/2014\/04\/feeling_too_tall.png.625x385_q100.png?resize=350%2C200 1x, https:\/\/i0.wp.com\/www.eurosource.se\/akhe\/wordpress\/wp-content\/uploads\/2014\/04\/feeling_too_tall.png.625x385_q100.png?resize=525%2C300 1.5x"},"classes":[]},{"id":13900,"url":"https:\/\/www.akehedman.se\/wordpress\/?p=13900","url_meta":{"origin":10287,"position":1},"title":"D\u00e5 f\u00e5r man ta f\u00f6rsta buss h\u00e4rifr\u00e5n med samma sura min i ansikten som n\u00e4r man kom.","author":"\u00c5ke Hedman","date":"2014-07-10","format":false,"excerpt":"V\u00e4rmen, v\u00e4rmen, v\u00e4rmen besegrar mig n\u00e4stan men jag t\u00e4nker inte klaga. Nopp. Ute kan vi sitta och \u00e4ta lunch i alla fall. Det \u00e4r undret av alla under. Inne p\u00e5 kontoret \u00e4r det varmt som i en keramikugn. Ute med, fast det bl\u00e5ser en del vindar fr\u00e5n n\u00e5got ok\u00e4nt h\u00e5ll.\u2026","rel":"","context":"In &quot;Betraktelser &amp; Ber\u00e4ttelse&quot;","block_context":{"text":"Betraktelser &amp; Ber\u00e4ttelse","link":"https:\/\/www.akehedman.se\/wordpress\/?cat=24"},"img":{"alt_text":"h\u00e4lsingeberg.jpg-for-web-large","src":"https:\/\/i0.wp.com\/www.eurosource.se\/akhe\/wordpress\/wp-content\/uploads\/2014\/07\/h%C3%A4lsingeberg.jpg-for-web-large.jpg?resize=350%2C200","width":350,"height":200,"srcset":"https:\/\/i0.wp.com\/www.eurosource.se\/akhe\/wordpress\/wp-content\/uploads\/2014\/07\/h%C3%A4lsingeberg.jpg-for-web-large.jpg?resize=350%2C200 1x, https:\/\/i0.wp.com\/www.eurosource.se\/akhe\/wordpress\/wp-content\/uploads\/2014\/07\/h%C3%A4lsingeberg.jpg-for-web-large.jpg?resize=525%2C300 1.5x"},"classes":[]},{"id":12441,"url":"https:\/\/www.akehedman.se\/wordpress\/?p=12441","url_meta":{"origin":10287,"position":2},"title":"Om att vara sj\u00e4lv","author":"\u00c5ke Hedman","date":"2014-03-13","format":false,"excerpt":"Jag st\u00e4nger ner Facebook. Orkar inte med skiten l\u00e4ngre. Hoppar av - igen. Jag vet att jag kommer att krypa tillbaks, men jag st\u00e5r bara inte ut just nu, det kan inte hj\u00e4lpas. Jag st\u00e5r n\u00e4stan aldrig ut d\u00e4r. M\u00e5r d\u00e5ligt av skiten n\u00e4r jag finns d\u00e4r. Samtidigt \u00e4r det\u2026","rel":"","context":"In &quot;Betraktelser &amp; Ber\u00e4ttelse&quot;","block_context":{"text":"Betraktelser &amp; Ber\u00e4ttelse","link":"https:\/\/www.akehedman.se\/wordpress\/?cat=24"},"img":{"alt_text":"meditation-6","src":"https:\/\/i0.wp.com\/www.eurosource.se\/akhe\/wordpress\/wp-content\/uploads\/2014\/03\/meditation-6.jpg?resize=350%2C200","width":350,"height":200,"srcset":"https:\/\/i0.wp.com\/www.eurosource.se\/akhe\/wordpress\/wp-content\/uploads\/2014\/03\/meditation-6.jpg?resize=350%2C200 1x, https:\/\/i0.wp.com\/www.eurosource.se\/akhe\/wordpress\/wp-content\/uploads\/2014\/03\/meditation-6.jpg?resize=525%2C300 1.5x, https:\/\/i0.wp.com\/www.eurosource.se\/akhe\/wordpress\/wp-content\/uploads\/2014\/03\/meditation-6.jpg?resize=700%2C400 2x"},"classes":[]},{"id":30988,"url":"https:\/\/www.akehedman.se\/wordpress\/?p=30988","url_meta":{"origin":10287,"position":3},"title":"Julsittningar och f\u00f6rv\u00e5ning","author":"\u00c5ke Hedman","date":"2018-12-12","format":false,"excerpt":"Julbyn Lo(o)s under kall morgonpromenad K som inte vet vad l\u00e5tsas \u00e4r och d\u00e4rf\u00f6r arbetar p\u00e5 riktigt \u00e4r p\u00e5 sin andra julsittning. Ja det kunde vara den tredje. Men tv\u00e5 samma dag \u00e4r s\u00e5klart f\u00f6r mycket ocks\u00e5 f\u00f6r henne. Nog f\u00f6r att hon f\u00f6rtj\u00e4nar det \u00e4nd\u00e5 s\u00e5klart. Vissa g\u00f6r ju\u2026","rel":"","context":"In &quot;Betraktelser &amp; Ber\u00e4ttelse&quot;","block_context":{"text":"Betraktelser &amp; Ber\u00e4ttelse","link":"https:\/\/www.akehedman.se\/wordpress\/?cat=24"},"img":{"alt_text":"","src":"https:\/\/i0.wp.com\/www.akehedman.se\/wordpress\/wp-content\/uploads\/2016\/12\/julbyn-cut.png?resize=350%2C200&ssl=1","width":350,"height":200,"srcset":"https:\/\/i0.wp.com\/www.akehedman.se\/wordpress\/wp-content\/uploads\/2016\/12\/julbyn-cut.png?resize=350%2C200&ssl=1 1x, https:\/\/i0.wp.com\/www.akehedman.se\/wordpress\/wp-content\/uploads\/2016\/12\/julbyn-cut.png?resize=525%2C300&ssl=1 1.5x, https:\/\/i0.wp.com\/www.akehedman.se\/wordpress\/wp-content\/uploads\/2016\/12\/julbyn-cut.png?resize=700%2C400&ssl=1 2x, https:\/\/i0.wp.com\/www.akehedman.se\/wordpress\/wp-content\/uploads\/2016\/12\/julbyn-cut.png?resize=1050%2C600&ssl=1 3x, https:\/\/i0.wp.com\/www.akehedman.se\/wordpress\/wp-content\/uploads\/2016\/12\/julbyn-cut.png?resize=1400%2C800&ssl=1 4x"},"classes":[]},{"id":17410,"url":"https:\/\/www.akehedman.se\/wordpress\/?p=17410","url_meta":{"origin":10287,"position":4},"title":"Kina med puff och lika n\u00e4ra.","author":"\u00c5ke Hedman","date":"2015-04-09","format":false,"excerpt":"F\u00e5glarna sjunger som galna n\u00e4r jag kommer ut h\u00e4r p\u00e5 morgonen. Ja nog \u00e4r det en l\u00f6vs\u00e5ngare som tar ton ocks\u00e5 d\u00e4r en bit in i skogen. Vackert. Ja det tycker jag det \u00e4r. V\u00e5r. Dom sjunger som om det var sommar faktiskt. Tidig sommarmorgon. Jag st\u00e5r d\u00e4r och lyssnar\u2026","rel":"","context":"In &quot;Betraktelser &amp; Ber\u00e4ttelse&quot;","block_context":{"text":"Betraktelser &amp; Ber\u00e4ttelse","link":"https:\/\/www.akehedman.se\/wordpress\/?cat=24"},"img":{"alt_text":"Jakriborg_(18a-II)","src":"https:\/\/i0.wp.com\/www.eurosource.se\/akhe\/wordpress\/wp-content\/uploads\/2015\/04\/Jakriborg_18a-II.jpg?resize=350%2C200","width":350,"height":200,"srcset":"https:\/\/i0.wp.com\/www.eurosource.se\/akhe\/wordpress\/wp-content\/uploads\/2015\/04\/Jakriborg_18a-II.jpg?resize=350%2C200 1x, https:\/\/i0.wp.com\/www.eurosource.se\/akhe\/wordpress\/wp-content\/uploads\/2015\/04\/Jakriborg_18a-II.jpg?resize=525%2C300 1.5x, https:\/\/i0.wp.com\/www.eurosource.se\/akhe\/wordpress\/wp-content\/uploads\/2015\/04\/Jakriborg_18a-II.jpg?resize=700%2C400 2x"},"classes":[]},{"id":21322,"url":"https:\/\/www.akehedman.se\/wordpress\/?p=21322","url_meta":{"origin":10287,"position":5},"title":"L\u00f6ningshelg","author":"\u00c5ke Hedman","date":"2016-08-26","format":false,"excerpt":"Fredag. Helg. L\u00f6ningshelg. V\u00e5r vana trogen drar vi \u00f6sterut och bunkrar f\u00f6r m\u00e5naden. Man m\u00e5ste det om man nu prompt skall bo h\u00e4r ute i skogen. M\u00e5ste f\u00e5 komma iv\u00e4g och se annat. Vi som \u00e4r vegetarianer vill ocks\u00e5 g\u00e4rna ha lite mer utbud av vegetariska varor att v\u00e4lja mellan.\u2026","rel":"","context":"In &quot;Betraktelser &amp; Ber\u00e4ttelse&quot;","block_context":{"text":"Betraktelser &amp; Ber\u00e4ttelse","link":"https:\/\/www.akehedman.se\/wordpress\/?cat=24"},"img":{"alt_text":"DSC00361-e1448011237408","src":"https:\/\/i0.wp.com\/www.akehedman.se\/wordpress\/wp-content\/uploads\/2016\/07\/DSC00361-e1448011237408.jpg?resize=350%2C200","width":350,"height":200,"srcset":"https:\/\/i0.wp.com\/www.akehedman.se\/wordpress\/wp-content\/uploads\/2016\/07\/DSC00361-e1448011237408.jpg?resize=350%2C200 1x, https:\/\/i0.wp.com\/www.akehedman.se\/wordpress\/wp-content\/uploads\/2016\/07\/DSC00361-e1448011237408.jpg?resize=525%2C300 1.5x, https:\/\/i0.wp.com\/www.akehedman.se\/wordpress\/wp-content\/uploads\/2016\/07\/DSC00361-e1448011237408.jpg?resize=700%2C400 2x"},"classes":[]}],"jetpack_shortlink":"https:\/\/wp.me\/p68PL2-2FV","_links":{"self":[{"href":"https:\/\/www.akehedman.se\/wordpress\/index.php?rest_route=\/wp\/v2\/posts\/10287","targetHints":{"allow":["GET"]}}],"collection":[{"href":"https:\/\/www.akehedman.se\/wordpress\/index.php?rest_route=\/wp\/v2\/posts"}],"about":[{"href":"https:\/\/www.akehedman.se\/wordpress\/index.php?rest_route=\/wp\/v2\/types\/post"}],"author":[{"embeddable":true,"href":"https:\/\/www.akehedman.se\/wordpress\/index.php?rest_route=\/wp\/v2\/users\/24"}],"replies":[{"embeddable":true,"href":"https:\/\/www.akehedman.se\/wordpress\/index.php?rest_route=%2Fwp%2Fv2%2Fcomments&post=10287"}],"version-history":[{"count":3,"href":"https:\/\/www.akehedman.se\/wordpress\/index.php?rest_route=\/wp\/v2\/posts\/10287\/revisions"}],"predecessor-version":[{"id":10294,"href":"https:\/\/www.akehedman.se\/wordpress\/index.php?rest_route=\/wp\/v2\/posts\/10287\/revisions\/10294"}],"wp:attachment":[{"href":"https:\/\/www.akehedman.se\/wordpress\/index.php?rest_route=%2Fwp%2Fv2%2Fmedia&parent=10287"}],"wp:term":[{"taxonomy":"category","embeddable":true,"href":"https:\/\/www.akehedman.se\/wordpress\/index.php?rest_route=%2Fwp%2Fv2%2Fcategories&post=10287"},{"taxonomy":"post_tag","embeddable":true,"href":"https:\/\/www.akehedman.se\/wordpress\/index.php?rest_route=%2Fwp%2Fv2%2Ftags&post=10287"}],"curies":[{"name":"wp","href":"https:\/\/api.w.org\/{rel}","templated":true}]}}